{"id":116560,"date":"2021-04-28T10:27:10","date_gmt":"2021-04-28T10:27:10","guid":{"rendered":"https:\/\/dimensionturistica.com\/es\/?p=116560"},"modified":"2021-04-28T10:27:10","modified_gmt":"2021-04-28T10:27:10","slug":"alcala-de-henares-reyes-maroto-confirma-que-la-ciudad-recibira-33-millones-para-su-plan-de-sostenibilidad-turistica","status":"publish","type":"post","link":"https:\/\/dimensionturistica.com\/es\/alcala-de-henares-reyes-maroto-confirma-que-la-ciudad-recibira-33-millones-para-su-plan-de-sostenibilidad-turistica\/","title":{"rendered":"ALCAL\u00c1 DE HENARES\/ Reyes Maroto confirma que la ciudad recibir\u00e1 3,3 millones para su Plan de Sostenibilidad Tur\u00edstica"},"content":{"rendered":"<p> <br \/>\n<\/p>\n<div>\n<div class=\"notic-psoe-elecciones-cam\" style=\"margin-left: auto; margin-right: auto; text-align: center; \" id=\"notic-1772916790\">\n<p>-Publicidad-<\/p>\n<p><noscript>&#13;<br \/>\n<a rel=\"nofollow noopener\" target=\"_blank\" href=\"https:\/\/track.adform.net\/C\/?bn=45426967;C=0\">&#13;<br \/>\n<img decoding=\"async\" loading=\"lazy\" src=\"https:\/\/track.adform.net\/adfserve\/?bn=45426967;srctype=4;ord=%5Btimestamp%5D\" border=\"0\" width=\"300\" height=\"406\" alt=\"\"\/><\/a>&#13;<br \/>\n<\/noscript>\n<\/div>\n<h3>El alcalde y la ministra han hablado de las pol\u00edticas tur\u00edsticas que se han de poner en marcha en los pr\u00f3ximos meses para lograr reactivar el sector<\/h3>\n<p><strong>ALCALA DE HENARES\/ 27 ABRIL 2021\/ <\/strong>La ministra de Industria, Comercio y Turismo, Reyes Maroto, ha sido recibida esta ma\u00f1ana en el Ayuntamiento de Alcal\u00e1 de Henares por el alcalde complutense, Javier Rodr\u00edguez Palacios. Ambos han explicado <strong>la importancia de las pol\u00edticas tur\u00edsticas que se han de poner en marcha en los pr\u00f3ximos meses para lograr reactivar el sector.<\/strong><\/p>\n<div class=\"notic-pp-elecciones-cam\" style=\"margin-left: auto; margin-right: auto; text-align: center; \" id=\"notic-1505456601\">\n<p>-Publicidad-<\/p>\n<p><a rel=\"nofollow noopener\" target=\"_blank\" data-bid=\"1\" href=\"https:\/\/www.noticiasparamunicipios.com\/linkout\/263266\"><\/p>\n<p><img decoding=\"async\" loading=\"lazy\" class=\"aligncenter size-full wp-image-263268\" src=\"https:\/\/www.noticiasparamunicipios.com\/wp-content\/uploads\/2021\/04\/Banner-4M-300x250-1.jpg\" alt=\"\" width=\"300\" height=\"250\"\/><\/p>\n<p><\/a><\/div>\n<div class=\"notic-cocinas-rio-parrafo-2\" style=\"text-align: center; \" id=\"notic-2071162370\">\n<p>-Publicidad-<\/p>\n<div style=\"margin-left: auto; margin-right: auto; text-align: center; \" id=\"notic-629023172\"><a rel=\"nofollow noopener\" target=\"_blank\" data-bid=\"1\" href=\"https:\/\/www.noticiasparamunicipios.com\/linkout\/198875\"><\/p>\n<p style=\"text-align: center;\"><img decoding=\"async\" loading=\"lazy\" class=\"aligncenter wp-image-198876\" src=\"https:\/\/www.noticiasparamunicipios.com\/wp-content\/uploads\/2020\/05\/COCINAS-RIO-RESERVA-CITA-PREVIA.gif\" alt=\"\" width=\"300\" height=\"406\"\/><\/p>\n<p><\/a><\/div>\n<\/div>\n<div>\n<p>Rodr\u00edguez Palacios ha destacado la importancia de la <strong>puesta en marcha del Plan de Sostenibilidad Tur\u00edstica de Alcal\u00e1 dotado con 3,3 millones de euros que \u201cva a conducir a nuestra ciudad hacia una verdadera transformaci\u00f3n<\/strong> teniendo como principales ejes de ejecuci\u00f3n el turismo inteligente y la sostenibilidad. Se trata de un proyecto ambicioso, que <strong>situar\u00e1 a Alcal\u00e1 de Henares a la vanguardia en materia de Turismo Inteligente y que redundar\u00e1 en el beneficio de sectores muy castigados<\/strong> durante la crisis sanitaria ocasionada por la pandemia del COVID-19 como son el tur\u00edstico, cultural y gastron\u00f3mico\u201d.<\/p>\n<div>\n<figure id=\"attachment_265826\" aria-describedby=\"caption-attachment-265826\" style=\"width: 696px\" class=\"wp-caption alignnone\"><img decoding=\"async\" loading=\"lazy\" class=\"size-large wp-image-265826\" src=\"https:\/\/www.noticiasparamunicipios.com\/wp-content\/uploads\/2021\/04\/Foto4-2-1-1024x666.jpeg\" alt=\"\" width=\"696\" height=\"453\" srcset=\"https:\/\/www.noticiasparamunicipios.com\/wp-content\/uploads\/2021\/04\/Foto4-2-1-1024x666.jpeg 1024w, https:\/\/www.noticiasparamunicipios.com\/wp-content\/uploads\/2021\/04\/Foto4-2-1-300x195.jpeg 300w, https:\/\/www.noticiasparamunicipios.com\/wp-content\/uploads\/2021\/04\/Foto4-2-1-768x499.jpeg 768w, https:\/\/www.noticiasparamunicipios.com\/wp-content\/uploads\/2021\/04\/Foto4-2-1-1536x998.jpeg 1536w, https:\/\/www.noticiasparamunicipios.com\/wp-content\/uploads\/2021\/04\/Foto4-2-1-696x452.jpeg 696w, https:\/\/www.noticiasparamunicipios.com\/wp-content\/uploads\/2021\/04\/Foto4-2-1-1068x694.jpeg 1068w, https:\/\/www.noticiasparamunicipios.com\/wp-content\/uploads\/2021\/04\/Foto4-2-1-646x420.jpeg 646w, https:\/\/www.noticiasparamunicipios.com\/wp-content\/uploads\/2021\/04\/Foto4-2-1.jpeg 1600w\" sizes=\"auto, (max-width: 696px) 100vw, 696px\"\/><figcaption id=\"caption-attachment-265826\" class=\"wp-caption-text\">La ministra Reyes Maroto en su visita a Alcal\u00e1 de Henares \u2013 Fotograf\u00eda Ayto. Alcal\u00e1 de Henares<\/figcaption><\/figure>\n<\/div>\n<p>La ministra Reyes Maroto, por su parte, ha afirmado que desde el Gobierno \u201c<strong>ponemos la mira en Alcal\u00e1 de Henares, no solo por ser la cuna de Cervantes, sino por ser referente del turismo ling\u00fc\u00edstico y por formar parte del Patrimonio Cultural de Espa\u00f1a<\/strong> en el marco del Grupo de Ciudades Patrimonio de la Humanidad de Espa\u00f1a. Las ciudades que integran este Grupo ofrecen un producto con una experiencia completa y segura, son ciudades cargadas de historia pero tambi\u00e9n ciudades de futuro y generadoras de talento; son foco de atracci\u00f3n para viajeros que buscan nuevas experiencias\u201d.<\/p>\n<\/div>\n<p>Asimismo, la ministra ha asegurado que \u201cEspa\u00f1a va a ser un destino seguro\u201d y ha afirmado que \u201cestamos trabajando con todos los municipios, con el sector tur\u00edstico para la reapertura y ser prescriptores de destino seguro\u201d; adem\u00e1s, ha a\u00f1adido que \u201c<strong>el sector tur\u00edstico de Alcal\u00e1 de Henares, est\u00e1 sin duda muy organizado en una mesa de turismo que siempre pongo como ejemplo de colaboraci\u00f3n p\u00fablico-privada<\/strong>\u201c. \u201c<strong>Hoy vamos a ver proyectos de presente, pero tambi\u00e9n de futuro<\/strong>\u201c, ha incidido.<\/p>\n<div>\n<p>A continuaci\u00f3n, el alcalde y la ministra han mantenido un encuentro con representantes de la Asociaci\u00f3n Alcal\u00e1 Gastron\u00f3mica FOMENTUR, con la Comisi\u00f3n de Turismo de AEDHE y con miembros de la Asociaci\u00f3n de Comerciantes del Ensanche, ACOEN, al que tambi\u00e9n han asistido la concejala de Turismo, Mar\u00eda Aranguren, el concejal de Innovaci\u00f3n Tecnol\u00f3gica, Miguel Castillejo, y el diputado auton\u00f3mico, Fernando Fern\u00e1ndez Lara.<\/p>\n<\/div>\n<p><!-- AddThis Advanced Settings above via filter on the_content --><!-- AddThis Advanced Settings below via filter on the_content --><!-- AddThis Advanced Settings generic via filter on the_content --><!-- AddThis Share Buttons above via filter on the_content --><!-- AddThis Share Buttons below via filter on the_content --><!-- AddThis Share Buttons generic via filter on the_content --><!-- AddThis Related Posts below via filter on the_content --><!-- AddThis Related Posts generic via filter on the_content -->    <\/div>\n\n<p><em> &#8221; Fuentes www.noticiasparamunicipios.com &#8221; <\/em><\/p>\n","protected":false},"excerpt":{"rendered":"<p>-Publicidad- &#13; &#13; &#13; El alcalde y la ministra han hablado de las pol\u00edticas tur\u00edsticas que se han de poner en marcha en los pr\u00f3ximos meses para lograr reactivar el sector ALCALA DE HENARES\/ 27 ABRIL 2021\/ La ministra de Industria, Comercio y Turismo, Reyes Maroto, ha sido recibida esta ma\u00f1ana en el Ayuntamiento de [&hellip;]<\/p>\n","protected":false},"author":4,"featured_media":0,"comment_status":"open","ping_status":"closed","sticky":false,"template":"","format":"standard","meta":{"om_disable_all_campaigns":false,"jnews-multi-image_gallery":[],"jnews_single_post":[],"jnews_primary_category":[],"jnews_social_meta":[],"footnotes":""},"categories":[40],"tags":[],"class_list":["post-116560","post","type-post","status-publish","format-standard","hentry","category-industria"],"_links":{"self":[{"href":"https:\/\/dimensionturistica.com\/es\/wp-json\/wp\/v2\/posts\/116560","targetHints":{"allow":["GET"]}}],"collection":[{"href":"https:\/\/dimensionturistica.com\/es\/wp-json\/wp\/v2\/posts"}],"about":[{"href":"https:\/\/dimensionturistica.com\/es\/wp-json\/wp\/v2\/types\/post"}],"author":[{"embeddable":true,"href":"https:\/\/dimensionturistica.com\/es\/wp-json\/wp\/v2\/users\/4"}],"replies":[{"embeddable":true,"href":"https:\/\/dimensionturistica.com\/es\/wp-json\/wp\/v2\/comments?post=116560"}],"version-history":[{"count":0,"href":"https:\/\/dimensionturistica.com\/es\/wp-json\/wp\/v2\/posts\/116560\/revisions"}],"wp:attachment":[{"href":"https:\/\/dimensionturistica.com\/es\/wp-json\/wp\/v2\/media?parent=116560"}],"wp:term":[{"taxonomy":"category","embeddable":true,"href":"https:\/\/dimensionturistica.com\/es\/wp-json\/wp\/v2\/categories?post=116560"},{"taxonomy":"post_tag","embeddable":true,"href":"https:\/\/dimensionturistica.com\/es\/wp-json\/wp\/v2\/tags?post=116560"}],"curies":[{"name":"wp","href":"https:\/\/api.w.org\/{rel}","templated":true}]}}