{"id":116548,"date":"2021-04-28T10:18:10","date_gmt":"2021-04-28T10:18:10","guid":{"rendered":"https:\/\/dimensionturistica.com\/es\/?p=116548"},"modified":"2021-04-28T10:18:10","modified_gmt":"2021-04-28T10:18:10","slug":"se-solicitan-empleados-para-la-actividad-turistica-de-puerto-rico","status":"publish","type":"post","link":"https:\/\/dimensionturistica.com\/es\/se-solicitan-empleados-para-la-actividad-turistica-de-puerto-rico\/","title":{"rendered":"Se solicitan empleados para la actividad tur\u00edstica de Puerto Rico"},"content":{"rendered":"<p> <br \/>\n<\/p>\n<div id=\"\">\n<header class=\"article-header\">\n<h2> <span><\/p>\n<p>La Asociaci\u00f3n de Hoteles y Turismo de Puerto Rico convoca interesados a enviar su resum\u00e9, para distribuirse entre los socios de la Organizaci\u00f3n<\/p>\n<p><\/span> <\/h2>\n<\/header>\n<div class=\"featured-image article-image\" itemprop=\"articleBody\">\n<div class=\"post-gallery\">\n<div class=\"post-image\">\n<header class=\"image\" role=\"banner\" style=\"background-image: url('https:\/\/static.periodicolaperla.com\/wp-content\/uploads\/2020\/11\/undefined-3015-952x472.png');\">\n\t\t\t<img decoding=\"async\" itemprop=\"url\" src=\"https:\/\/static.periodicolaperla.com\/wp-content\/uploads\/2020\/11\/undefined-3015-952x472.png\"\/><br \/>\n\t\t\t<meta itemprop=\"width\" content=\"350\"\/><br \/>\n\t\t\t<meta itemprop=\"height\" content=\"232\"\/><br \/>\n\t\t<\/header>\n<p>\t\t\t\t<span class=\"caption\">Foto: Suministrada<\/span><\/p><\/div><\/div><\/div>\n<div class=\"article-info\">\n<div class=\"author\">\n\t\t\t\t\t\t\t\t\t\t\t\t\t\t<span class=\"image\" style=\"background-image: url('https:\/\/secure.gravatar.com\/avatar\/94794d227385f765a78fdce72686d13e?s=96&amp;d=mm&amp;r=g');\"><br \/>\n\t\t\t\t\t\t\t\t<img decoding=\"async\" src=\"https:\/\/secure.gravatar.com\/avatar\/94794d227385f765a78fdce72686d13e?s=96&amp;d=mm&amp;r=g\" alt=\"La Redacci\u00f3n Digital\" width=\"30px\"\/><br \/>\n\t\t\t\t\t\t\t<\/span><br \/>\n\t\t\t\t\t\t\t<span class=\"name\">La Redacci\u00f3n Digital<\/span>\n\t\t\t\t\t\t<\/div>\n<p>        \t\t<time class=\"date published updated\">martes 27 de abril del 2021 \u2022 12:11pm<\/time>\n\t\t\t\t\t<\/div>\n<div class=\"article-content\">\n<p><span style=\"font-weight: 400;\"><strong>SAN JUAN <\/strong>\u2013 La presidenta de la Asociaci\u00f3n de Hoteles y Turismo de Puerto Rico, Clarisa Jim\u00e9nez, hizo un llamado hoy a todas las personas interesadas en trabajar para la actividad turista del Pa\u00eds, a que hagan llegar sus <\/span><i><span style=\"font-weight: 400;\">curr\u00edculums<\/span><\/i><span style=\"font-weight: 400;\"> a dicha entidad, para que puedan ser distribuidos a las oficinas de recursos humanos de los distintos socios que representan.\u00a0<\/span><\/p>\n<p><span style=\"font-weight: 400;\">\u201cAnte la necesidad de fuerza laboral que nos han tra\u00eddo a la atenci\u00f3n nuestros socios, queremos ser un enlace entre el empleado prospecto y nuestros socios, de esta forma aumentamos nuestro banco de talentos y los estaremos refiriendo a cada uno de ellos para el tr\u00e1mite correspondiente, y que finalmente pueda darse una contrataci\u00f3n\u201d, explic\u00f3 Jim\u00e9nez. \u201cHemos habilitado el correo electr\u00f3nico <\/span><a rel=\"nofollow noopener\" target=\"_blank\" href=\"https:\/\/www.periodicolaperla.com\/se-solicitan-empleados-para-la-actividad-turistica-de-puerto-rico\/mailto:assistant@prhta.net\"><span style=\"font-weight: 400;\">assistant@prhta.net<\/span><\/a><span style=\"font-weight: 400;\">, para que todos los interesados puedan hacernos llegar sus credenciales correspondientes. Hay una gran diversidad de posiciones disponibles seg\u00fan nos han informado nuestros socios, y como es conocido, con salarios bien competitivos y las oportunidades de crecimiento bien amplias\u201d, precis\u00f3.\u00a0<\/span><\/p>\n<\/div>\n<p><span style=\"font-weight: 400;\">El turismo en Puerto Rico representa una contribuci\u00f3n de 7% al Producto Interno Bruto (PIB) y ha representado m\u00e1s de 80 mil empleos directos e indirectos.\u00a0<\/span><\/p>\n<p><span style=\"font-weight: 400;\">\u201cEs momento de continuar acelerando un motor econ\u00f3mico tan importante como es el turismo para Puerto Rico, poco a poco iremos regresando a la normalidad.\u00a0 Puerto Rico contin\u00faa siendo uno de los destinos predilectos en el Caribe\u201d, coment\u00f3 la ejecutiva. \u201cQuiero exhortar a todos los interesados en pertenecer a esta hermosa industria, que aprovechen la oportunidad, y den el paso, que ser\u00e1 para toda la vida\u201d, culmin\u00f3.\u00a0<\/span><\/p>\n<p><span style=\"font-weight: 400;\">La PRHTA cuenta con sobre 400 socios corporativos a los que representa que incluyen: hoteles (grandes, medianos y peque\u00f1os), casinos, restaurantes, y socios aliados; que son: l\u00edneas a\u00e9reas, compa\u00f1\u00edas de transporte, atracciones, villas, operadores de excursiones, proveedores de bienes y servicios a la industria de la hospitalidad, entre otros.<\/span><\/p>\n<\/p><\/div>\n\n<p><em> &#8221; Fuentes www.periodicolaperla.com &#8221; <\/em><\/p>\n","protected":false},"excerpt":{"rendered":"<p>La Asociaci\u00f3n de Hoteles y Turismo de Puerto Rico convoca interesados a enviar su resum\u00e9, para distribuirse entre los socios de la Organizaci\u00f3n Foto: Suministrada La Redacci\u00f3n Digital martes 27 de abril del 2021 \u2022 12:11pm SAN JUAN \u2013 La presidenta de la Asociaci\u00f3n de Hoteles y Turismo de Puerto Rico, Clarisa Jim\u00e9nez, hizo un [&hellip;]<\/p>\n","protected":false},"author":4,"featured_media":116549,"comment_status":"open","ping_status":"closed","sticky":false,"template":"","format":"standard","meta":{"om_disable_all_campaigns":false,"jnews-multi-image_gallery":[],"jnews_single_post":[],"jnews_primary_category":[],"jnews_social_meta":[],"footnotes":""},"categories":[40],"tags":[],"class_list":["post-116548","post","type-post","status-publish","format-standard","has-post-thumbnail","hentry","category-industria"],"_links":{"self":[{"href":"https:\/\/dimensionturistica.com\/es\/wp-json\/wp\/v2\/posts\/116548","targetHints":{"allow":["GET"]}}],"collection":[{"href":"https:\/\/dimensionturistica.com\/es\/wp-json\/wp\/v2\/posts"}],"about":[{"href":"https:\/\/dimensionturistica.com\/es\/wp-json\/wp\/v2\/types\/post"}],"author":[{"embeddable":true,"href":"https:\/\/dimensionturistica.com\/es\/wp-json\/wp\/v2\/users\/4"}],"replies":[{"embeddable":true,"href":"https:\/\/dimensionturistica.com\/es\/wp-json\/wp\/v2\/comments?post=116548"}],"version-history":[{"count":0,"href":"https:\/\/dimensionturistica.com\/es\/wp-json\/wp\/v2\/posts\/116548\/revisions"}],"wp:featuredmedia":[{"embeddable":true,"href":"https:\/\/dimensionturistica.com\/es\/wp-json\/wp\/v2\/media\/116549"}],"wp:attachment":[{"href":"https:\/\/dimensionturistica.com\/es\/wp-json\/wp\/v2\/media?parent=116548"}],"wp:term":[{"taxonomy":"category","embeddable":true,"href":"https:\/\/dimensionturistica.com\/es\/wp-json\/wp\/v2\/categories?post=116548"},{"taxonomy":"post_tag","embeddable":true,"href":"https:\/\/dimensionturistica.com\/es\/wp-json\/wp\/v2\/tags?post=116548"}],"curies":[{"name":"wp","href":"https:\/\/api.w.org\/{rel}","templated":true}]}}