{"id":116540,"date":"2021-04-28T10:09:54","date_gmt":"2021-04-28T10:09:54","guid":{"rendered":"https:\/\/dimensionturistica.com\/es\/?p=116540"},"modified":"2021-04-28T10:09:54","modified_gmt":"2021-04-28T10:09:54","slug":"un-simposio-internacional-de-gestion-turistica","status":"publish","type":"post","link":"https:\/\/dimensionturistica.com\/es\/un-simposio-internacional-de-gestion-turistica\/","title":{"rendered":"Un Simposio Internacional de Gesti\u00f3n Tur\u00edstica"},"content":{"rendered":"<p> <br \/>\n<\/p>\n<div property=\"schema:text\">\n<p><span><span><span><span lang=\"ES-TRAD\" xml:lang=\"ES-TRAD\"><span>El <strong>Simposio Internacional de Gesti\u00f3n Tur\u00edstica (<a rel=\"nofollow noopener\" target=\"_blank\" href=\"https:\/\/www.excelenciascuba.com\/eventos\/ciencia-y-turismo-se-dan-la-mano-en-gestur-2021\">Gestur<\/a>)<\/strong> comenz\u00f3 este martes en la oriental provincia cubana de Holgu\u00edn, como parte del programa de la Conferencia Cient\u00edfica Internacional de la Universidad de ese territorio (<strong>UHO<\/strong>).<\/span><\/span><\/span><\/span><\/span><\/p>\n<p><span><span><span><span lang=\"ES-TRAD\" xml:lang=\"ES-TRAD\"><span>Con el objetivo principal de <strong>favorecer el desarrollo sostenible del turismo a trav\u00e9s de la Ciencia<\/strong> se desarrolla este evento, que cuenta con la participaci\u00f3n de acad\u00e9micos y especialistas de Argentina, China, Brasil, M\u00e9xico, Irlanda, Malasia y Cuba. <\/span><\/span><\/span><\/span><\/span><\/p>\n<p><span><span><span><span lang=\"ES-TRAD\" xml:lang=\"ES-TRAD\"><span>La edici\u00f3n de <strong>Gestur<\/strong>, este a\u00f1o, trae como novedad un taller on-line orientado hacia nuevas pr\u00e1cticas y experiencias a partir del impacto, sin precedentes, de la pandemia provocada por el coronavirus SARS-CoV-2 en la industria del ocio, tanto para la econom\u00eda cubana para la internacional.<\/span><\/span><\/span><\/span><\/span><\/p>\n<p><span><span><span><span lang=\"ES-TRAD\" xml:lang=\"ES-TRAD\"><span>Hasta el 29 de abril, seg\u00fan explica el presidente de la Comisi\u00f3n organizadora de <strong>Gestur 2021<\/strong>, Ernesto Batista, citado por Prensa Latina, los debates girar\u00e1n en torno a una tem\u00e1tica basic: el Turismo y la Agenda 2030 para el desarrollo sostenible.<\/span><\/span><\/span><\/span><\/span><\/p>\n<p><span><span><span><span lang=\"ES-TRAD\" xml:lang=\"ES-TRAD\"><span>Al respecto, destac\u00f3 que los especialistas presentar\u00e1n m\u00e1s de 50 investigaciones relacionadas con los destinos tur\u00edsticos sostenibles e inteligentes, como oportunidad para impulsar el progreso territorial y la gesti\u00f3n del sector en tiempos de COVID-19.<\/span><\/span><\/span><\/span><\/span><\/p>\n<p><span><span><span><span lang=\"ES-TRAD\" xml:lang=\"ES-TRAD\"><span>Sin dudas, expres\u00f3 Batista, <strong>Gestur <\/strong>deviene espacio propicio para, desde la ciencia, provocar el intercambio entre acad\u00e9micos e instituciones tur\u00edsticas y culturales de Cuba y el mundo, en aras de compartir experiencias y proyectos que permitan la recuperaci\u00f3n del turismo.<\/span><\/span><\/span><\/span><\/span><\/p>\n<p><span><span><span><span lang=\"ES-TRAD\" xml:lang=\"ES-TRAD\"><span>El lunes 26 comenz\u00f3, de forma digital, la d\u00e9cima edici\u00f3n de la Conferencia Cient\u00edfica Internacional de la <strong>UHO<\/strong>, con la asistencia de m\u00e1s de mil participantes de <strong>Cuba <\/strong>y otras 19 naciones, quienes debatir\u00e1n temas vinculados con la universidad y su papel activo en el desarrollo sostenible de sus entornos. (Fuente Prensa Latina)<\/span><\/span><\/span><\/span><\/span><\/p>\n<\/div>\n\n<p><em> &#8221; Fuentes www.excelenciascuba.com &#8221; <\/em><\/p>\n","protected":false},"excerpt":{"rendered":"<p>El Simposio Internacional de Gesti\u00f3n Tur\u00edstica (Gestur) comenz\u00f3 este martes en la oriental provincia cubana de Holgu\u00edn, como parte del programa de la Conferencia Cient\u00edfica Internacional de la Universidad de ese territorio (UHO). Con el objetivo principal de favorecer el desarrollo sostenible del turismo a trav\u00e9s de la Ciencia se desarrolla este evento, que cuenta [&hellip;]<\/p>\n","protected":false},"author":4,"featured_media":0,"comment_status":"open","ping_status":"closed","sticky":false,"template":"","format":"standard","meta":{"om_disable_all_campaigns":false,"jnews-multi-image_gallery":[],"jnews_single_post":[],"jnews_primary_category":[],"jnews_social_meta":[],"footnotes":""},"categories":[40],"tags":[],"class_list":["post-116540","post","type-post","status-publish","format-standard","hentry","category-industria"],"_links":{"self":[{"href":"https:\/\/dimensionturistica.com\/es\/wp-json\/wp\/v2\/posts\/116540","targetHints":{"allow":["GET"]}}],"collection":[{"href":"https:\/\/dimensionturistica.com\/es\/wp-json\/wp\/v2\/posts"}],"about":[{"href":"https:\/\/dimensionturistica.com\/es\/wp-json\/wp\/v2\/types\/post"}],"author":[{"embeddable":true,"href":"https:\/\/dimensionturistica.com\/es\/wp-json\/wp\/v2\/users\/4"}],"replies":[{"embeddable":true,"href":"https:\/\/dimensionturistica.com\/es\/wp-json\/wp\/v2\/comments?post=116540"}],"version-history":[{"count":0,"href":"https:\/\/dimensionturistica.com\/es\/wp-json\/wp\/v2\/posts\/116540\/revisions"}],"wp:attachment":[{"href":"https:\/\/dimensionturistica.com\/es\/wp-json\/wp\/v2\/media?parent=116540"}],"wp:term":[{"taxonomy":"category","embeddable":true,"href":"https:\/\/dimensionturistica.com\/es\/wp-json\/wp\/v2\/categories?post=116540"},{"taxonomy":"post_tag","embeddable":true,"href":"https:\/\/dimensionturistica.com\/es\/wp-json\/wp\/v2\/tags?post=116540"}],"curies":[{"name":"wp","href":"https:\/\/api.w.org\/{rel}","templated":true}]}}