{"id":116521,"date":"2021-04-28T09:53:43","date_gmt":"2021-04-28T09:53:43","guid":{"rendered":"https:\/\/dimensionturistica.com\/es\/?p=116521"},"modified":"2021-04-28T09:53:44","modified_gmt":"2021-04-28T09:53:44","slug":"compromiso-en-la-experiencia-turistica-sustentable","status":"publish","type":"post","link":"https:\/\/dimensionturistica.com\/es\/compromiso-en-la-experiencia-turistica-sustentable\/","title":{"rendered":"Compromiso en la experiencia tur\u00edstica sustentable"},"content":{"rendered":"<p> <br \/>\n<\/p>\n<div id=\"\">\n<p>Empresas y gobiernos deben tener compromiso en la experiencia tur\u00edstica sustentable, debido al aporte que genera a la comunidad y al cuidado del medio ambiente.<\/p>\n<p>En el marco del segundo d\u00eda de actividades de la <strong><a rel=\"nofollow noopener\" target=\"_blank\" href=\"https:\/\/wttc.org\/\">20 Cumbre Global del Consejo Mundial de Viajes y Turismo (WTTC, por sus siglas en ingl\u00e9s<\/a><\/strong>), se realiz\u00f3 el panel \u201cHotseat: Going Green\u201d, donde destac\u00f3 el tema de sustentabilidad en el turismo.<\/p>\n<div class=\"wp-block-image\">\n<figure class=\"aligncenter size-large is-resized\"><img decoding=\"async\" loading=\"lazy\" alt=\"\" class=\"wp-image-53707 lazyload\" width=\"593\" height=\"335\" src=\"https:\/\/periodicoviaje.com\/wp-content\/uploads\/2021\/04\/27wttc2.jpg\"\/><\/figure>\n<\/div>\n<p>Los participantes fueron: Ivan Eskildsen, ministro de turismo de Panam\u00e1; Megan Morikaw, directora world de sustentabilidad de Iberostar, y Frank Marini, presidente de Yankee Leisure Group.<\/p>\n<p>Eskildsen explic\u00f3 que en Panam\u00e1 primero identificaron el \u201cgran cambio mundial en la conducta del consumo en general\u201d por el tema del cambio clim\u00e1tico. Entonces crearon un compromiso en la experiencia tur\u00edstica sustentable.<\/p>\n<p>Detall\u00f3 que hay un eat m\u00e1s sustentable y ahora el viajero, en explicit, exige que los productos sean sustentables.<\/p>\n<div class=\"wp-block-image\">\n<figure class=\"aligncenter size-large is-resized\"><img decoding=\"async\" loading=\"lazy\" alt=\"\" class=\"wp-image-53706 lazyload\" width=\"597\" height=\"336\" src=\"https:\/\/periodicoviaje.com\/wp-content\/uploads\/2021\/04\/27wttc1.jpg\"\/><figcaption>Ministro de Turismo de Panam\u00e1.<\/figcaption><\/figure>\n<\/div>\n<p>En el \u00faltimo a\u00f1o en Panam\u00e1 hicieron un plan sustentable con impacto en las comunidades locales.<\/p>\n<p>En tanto, Morikaw mencion\u00f3 que hay m\u00e1s apetito por el tema sustentable en las generaciones m\u00e1s j\u00f3venes, como los Millennials.<\/p>\n<p>\u201cPero todas las generaciones deben involucrarse para hacer los cambios necesarios. Los j\u00f3venes son m\u00e1s proactivos buscando viajes m\u00e1s sustentables\u201d, asever\u00f3.<\/p>\n<div class=\"wp-block-image\">\n<figure class=\"aligncenter size-large is-resized\"><img decoding=\"async\" loading=\"lazy\" alt=\"\" class=\"wp-image-53708 lazyload\" width=\"599\" height=\"335\" src=\"https:\/\/periodicoviaje.com\/wp-content\/uploads\/2021\/04\/27wttc3.jpg\"\/><\/figure>\n<\/div>\n<p>Precis\u00f3 que los Millennials son una generaci\u00f3n que tiene poder econ\u00f3mico y crea demanda y tendencias, factores que benefician al turismo sustentable porque es el que prefieren hacer.<\/p>\n<p>Para Marini se deben establecer compromisos hacia experiencias tur\u00edsticas m\u00e1s sostenibles y tambi\u00e9n desde la identificaci\u00f3n de la demanda del consumidor.<\/p>\n<p>\u201cLos proveedores de turismo debemos entender la sustentabilidad y que ya es un presente que para muchos es el futuro. No vamos a subsistir como negocio de turismo sino empezamos a atender este tipo de \u00e1reas\u201d, coment\u00f3.<\/p>\n<p><strong><a rel=\"nofollow noopener\" target=\"_blank\" href=\"https:\/\/periodicoviaje.com\/industria\/turismo-de-reuniones\/unir-sectores-publico-y-privado-para-regeneracion-de-empleos\/\">Tambi\u00e9n te puede interesar leer:<\/a><\/strong><\/p>\n<figure class=\"wp-block-embed is-type-wp-embed is-provider-periodico-viaje wp-block-embed-periodico-viaje\"\/>\n<style><![CDATA[#wpdevar_comment_1 span,#wpdevar_comment_1 iframe{width:100% !important;}]]><\/style>\n<\/p><\/div>\n<p><script>(function(d, s, id) {\n          var js, fjs = d.getElementsByTagName(s)[0];\n          if (d.getElementById(id)) return;\n          js = d.createElement(s); js.id = id;\n          js.src = \"https:\/\/connect.facebook.net\/es_ES\/sdk.js#xfbml=1&appId=336516854042462&version=v2.3\";\n          fjs.parentNode.insertBefore(js, fjs);\n        }(document, 'script', 'facebook-jssdk'));<\/script><br \/>\n<br \/><\/p>\n<p><em> &#8221; Fuentes periodicoviaje.com &#8221; <\/em><\/p>\n","protected":false},"excerpt":{"rendered":"<p>Empresas y gobiernos deben tener compromiso en la experiencia tur\u00edstica sustentable, debido al aporte que genera a la comunidad y al cuidado del medio ambiente. En el marco del segundo d\u00eda de actividades de la 20 Cumbre Global del Consejo Mundial de Viajes y Turismo (WTTC, por sus siglas en ingl\u00e9s), se realiz\u00f3 el panel [&hellip;]<\/p>\n","protected":false},"author":4,"featured_media":116522,"comment_status":"open","ping_status":"closed","sticky":false,"template":"","format":"standard","meta":{"om_disable_all_campaigns":false,"jnews-multi-image_gallery":[],"jnews_single_post":[],"jnews_primary_category":[],"jnews_social_meta":[],"footnotes":""},"categories":[40],"tags":[],"class_list":["post-116521","post","type-post","status-publish","format-standard","has-post-thumbnail","hentry","category-industria"],"_links":{"self":[{"href":"https:\/\/dimensionturistica.com\/es\/wp-json\/wp\/v2\/posts\/116521","targetHints":{"allow":["GET"]}}],"collection":[{"href":"https:\/\/dimensionturistica.com\/es\/wp-json\/wp\/v2\/posts"}],"about":[{"href":"https:\/\/dimensionturistica.com\/es\/wp-json\/wp\/v2\/types\/post"}],"author":[{"embeddable":true,"href":"https:\/\/dimensionturistica.com\/es\/wp-json\/wp\/v2\/users\/4"}],"replies":[{"embeddable":true,"href":"https:\/\/dimensionturistica.com\/es\/wp-json\/wp\/v2\/comments?post=116521"}],"version-history":[{"count":0,"href":"https:\/\/dimensionturistica.com\/es\/wp-json\/wp\/v2\/posts\/116521\/revisions"}],"wp:featuredmedia":[{"embeddable":true,"href":"https:\/\/dimensionturistica.com\/es\/wp-json\/wp\/v2\/media\/116522"}],"wp:attachment":[{"href":"https:\/\/dimensionturistica.com\/es\/wp-json\/wp\/v2\/media?parent=116521"}],"wp:term":[{"taxonomy":"category","embeddable":true,"href":"https:\/\/dimensionturistica.com\/es\/wp-json\/wp\/v2\/categories?post=116521"},{"taxonomy":"post_tag","embeddable":true,"href":"https:\/\/dimensionturistica.com\/es\/wp-json\/wp\/v2\/tags?post=116521"}],"curies":[{"name":"wp","href":"https:\/\/api.w.org\/{rel}","templated":true}]}}