{"id":116509,"date":"2021-04-28T09:45:37","date_gmt":"2021-04-28T09:45:37","guid":{"rendered":"https:\/\/dimensionturistica.com\/es\/?p=116509"},"modified":"2021-04-28T09:45:37","modified_gmt":"2021-04-28T09:45:37","slug":"promotores-ecoturisticos-apoyan-esfuerzos-del-mitur-para-recuperar-la-industria","status":"publish","type":"post","link":"https:\/\/dimensionturistica.com\/es\/promotores-ecoturisticos-apoyan-esfuerzos-del-mitur-para-recuperar-la-industria\/","title":{"rendered":"Promotores ecotur\u00edsticos apoyan esfuerzos del Mitur para recuperar la industria"},"content":{"rendered":"<p> <br \/>\n<\/p>\n<div>\n<p>El presidente de la\u00a0C\u00e1mara de Comercio y Producci\u00f3n de la provincia S\u00e1nchez Ram\u00edrez<strong>,\u00a0Francisco Jos\u00e9 C\u00e1ceres<\/strong> y el presidente de la<strong>\u00a0Marina Ecotur\u00edstica Natura Bass<\/strong>, en el lago de\u00a0Hatillo<strong>,<\/strong>\u00a0<strong>Jos\u00e9 Miguel de Pe\u00f1a<\/strong>, apoyaron los esfuerzos del\u00a0ministro de Turismo,<strong> David Collado,\u00a0<\/strong>para restablecer plenamente la normalidad de la\u00a0actividad tur\u00edstica\u00a0en los polos de la Rep\u00fablica Dominicana.<\/p>\n<p>De Pe\u00f1a dijo que Collado, junto al presidente Luis Abinader, integran un binomio que sobre la base de un trabajo inteligente han logrado lo que ninguno de los pa\u00edses competidores han podido alcanzar desde que inici\u00f3 la pandemia reposicionando al pa\u00eds en un sitial envidiable como destino preferencial del turismo en Latinoam\u00e9rica y el Caribe.<\/p>\n<p>Cit\u00f3 que el ministro ha mostrado que posee liderazgo porque logr\u00f3 aglutinar a todos los actores principales del turismo dominicano, entre ellos los hoteleros, inversionistas, as\u00ed como los dirigentes de la Asociaci\u00f3n Nacional de Hoteles y Turismo (<strong>Asonahores<\/strong>), y como resultado ha rescatado el sector.<\/p>\n<p>\u201cEl presidente Abinader y el ministro Collado han desarrollado un gran trabajo, un gran esfuerzo combinado. Esperamos que luego que ellos consoliden y recuperen la ocupaci\u00f3n hotelera de sol y playa, tengan el tiempo de visitarnos en el lago de Hatillo y vean la belleza natural y el potencial tur\u00edstico que encierra el lago, que es el lago de aguadulce m\u00e1s grande del caribe antillano\u201d, indic\u00f3.<\/p>\n<p>Destac\u00f3 la celebraci\u00f3n del torneo anual de la Pesca del Bass en el lago, con la participaci\u00f3n de pescadores extranjeros, sobre todo de los Estados Unidos donde hay 70 millones de personas dedicadas a este deporte, lo cual representa una oportunidad para atraer turistas hacia esta regi\u00f3n.<\/p>\n<p>\u201cEl turismo dominicano est\u00e1 en buenas manos\u201d, dijo de Pe\u00f1a.<\/p>\n<p>De su lado, C\u00e1ceres destac\u00f3 que el ecoturismo ha cobrado auge en una proporci\u00f3n que no se lo esperaban ni estaban preparados para la demanda que en este momento afrontan.<\/p>\n<p>Explic\u00f3 que la construcci\u00f3n de la primera etapa de la carretera fue el inicio de la soluci\u00f3n de un problema que ten\u00eda frenado el avance provincial por la falta de v\u00edas de comunicaci\u00f3n adecuadas para el flujo masivo del tr\u00e1nsito vehicular.<\/p>\n<p>\u201cEl lago de la presa de Hatillo, es el principal atractivo ecotur\u00edstico que tenemos, entonces ah\u00ed hay una carretera que s\u00f3lo faltan unos once kil\u00f3metros para terminar el Corredor Ecol\u00f3gico que tenemos, lo que vendr\u00e1 a desarrollar el ecoturismo en esta ciudad\u201d, subray\u00f3.<\/p>\n<p>Expres\u00f3 que la provincia con el corredor tendr\u00e1 la capacidad de explotar la pesca deportiva y se dinamizar\u00edan los negocios gastron\u00f3micos y de artesan\u00eda en la comunidad.<\/p>\n<p>Aprovecharon sus declaraciones para invitar al funcionario a visitar la regi\u00f3n, compuesta por las provincias Monse\u00f1or Nouel (Bonao), S\u00e1nchez Ram\u00edrez (Cotu\u00ed) y La Vega, \u00a0para que palpe de primera mano el potencial ecotur\u00edstico y cultural que hacen del Polo Cibao-Sur una de las zonas m\u00e1s atractivas y fascinantes, por lo que cada d\u00eda atrae a far de visitantes tanto del turismo interno como del extranjero.<\/p>\n<\/div>\n\n<p><em> &#8221; Fuentes megadiario.com.do &#8221; <\/em><\/p>\n","protected":false},"excerpt":{"rendered":"<p>El presidente de la\u00a0C\u00e1mara de Comercio y Producci\u00f3n de la provincia S\u00e1nchez Ram\u00edrez,\u00a0Francisco Jos\u00e9 C\u00e1ceres y el presidente de la\u00a0Marina Ecotur\u00edstica Natura Bass, en el lago de\u00a0Hatillo,\u00a0Jos\u00e9 Miguel de Pe\u00f1a, apoyaron los esfuerzos del\u00a0ministro de Turismo, David Collado,\u00a0para restablecer plenamente la normalidad de la\u00a0actividad tur\u00edstica\u00a0en los polos de la Rep\u00fablica Dominicana. De Pe\u00f1a dijo que [&hellip;]<\/p>\n","protected":false},"author":4,"featured_media":116510,"comment_status":"open","ping_status":"closed","sticky":false,"template":"","format":"standard","meta":{"om_disable_all_campaigns":false,"jnews-multi-image_gallery":[],"jnews_single_post":[],"jnews_primary_category":[],"jnews_social_meta":[],"footnotes":""},"categories":[40],"tags":[],"class_list":["post-116509","post","type-post","status-publish","format-standard","has-post-thumbnail","hentry","category-industria"],"_links":{"self":[{"href":"https:\/\/dimensionturistica.com\/es\/wp-json\/wp\/v2\/posts\/116509","targetHints":{"allow":["GET"]}}],"collection":[{"href":"https:\/\/dimensionturistica.com\/es\/wp-json\/wp\/v2\/posts"}],"about":[{"href":"https:\/\/dimensionturistica.com\/es\/wp-json\/wp\/v2\/types\/post"}],"author":[{"embeddable":true,"href":"https:\/\/dimensionturistica.com\/es\/wp-json\/wp\/v2\/users\/4"}],"replies":[{"embeddable":true,"href":"https:\/\/dimensionturistica.com\/es\/wp-json\/wp\/v2\/comments?post=116509"}],"version-history":[{"count":0,"href":"https:\/\/dimensionturistica.com\/es\/wp-json\/wp\/v2\/posts\/116509\/revisions"}],"wp:featuredmedia":[{"embeddable":true,"href":"https:\/\/dimensionturistica.com\/es\/wp-json\/wp\/v2\/media\/116510"}],"wp:attachment":[{"href":"https:\/\/dimensionturistica.com\/es\/wp-json\/wp\/v2\/media?parent=116509"}],"wp:term":[{"taxonomy":"category","embeddable":true,"href":"https:\/\/dimensionturistica.com\/es\/wp-json\/wp\/v2\/categories?post=116509"},{"taxonomy":"post_tag","embeddable":true,"href":"https:\/\/dimensionturistica.com\/es\/wp-json\/wp\/v2\/tags?post=116509"}],"curies":[{"name":"wp","href":"https:\/\/api.w.org\/{rel}","templated":true}]}}