{"id":116497,"date":"2021-04-28T09:37:17","date_gmt":"2021-04-28T09:37:17","guid":{"rendered":"https:\/\/dimensionturistica.com\/es\/?p=116497"},"modified":"2021-04-28T09:37:17","modified_gmt":"2021-04-28T09:37:17","slug":"respaldan-proyecto-de-pedrojoaquind-para-la-reactivacion-turistica-en-cozumel","status":"publish","type":"post","link":"https:\/\/dimensionturistica.com\/es\/respaldan-proyecto-de-pedrojoaquind-para-la-reactivacion-turistica-en-cozumel\/","title":{"rendered":"Respaldan proyecto de @PedroJoaquinD para la reactivaci\u00f3n tur\u00edstica en Cozumel"},"content":{"rendered":"<p> <br \/>\n<\/p>\n<div>\n<p><strong><em>Cozumel, Quintana Roo, a 27 de abril de 2021.<\/em><\/strong>\u2014 Pedro Joaqu\u00edn ha dado certeza a la comunidad y al sector empresarial con buenos resultados los \u00faltimos tres a\u00f1os, y est\u00e1 plenamente enfocado en dar continuidad a la recuperaci\u00f3n econ\u00f3mica y tur\u00edstica de Cozumel con proyectos y acciones viables, coincidieron integrantes del Consejo Coordinador Empresarial (CCE) de la isla, quienes hicieron un reconocimiento al trabajo realizado por el candidato de la Alianza \u201cVa por Quintana Roo\u201d.<\/p>\n<p>En una reuni\u00f3n con el sector empresarial, el candidato a la presidencia municipal de la Alianza \u201cVa por Quintana Roo\u201d, Pedro Joaqu\u00edn Delbouis, recibi\u00f3 el respaldo de la iniciativa privada de la isla, que ponder\u00f3 sus acciones en materia tur\u00edstica, de seguridad, infraestructura vial e imagen de la isla, sobre todo, en un a\u00f1o dif\u00edcil por la pandemia de Covid-19.<\/p>\n<p>El candidato de la Alianza \u201cVa por Quintana Roo\u201d plante\u00f3 a los empresarios sus propuestas en cuatro ejes: Reactivaci\u00f3n Econ\u00f3mica, Bienestar y Seguridad, Desarrollo para todos y Gobierno Social.<\/p>\n<figure class=\"wp-block-image size-large\"><img decoding=\"async\" loading=\"lazy\" width=\"708\" height=\"361\" src=\"https:\/\/i1.wp.com\/www.cancunmio.com\/wp-content\/uploads\/2021\/04\/pedro-joaquin-13.jpeg?resize=708%2C361&amp;ssl=1\" alt=\"\" class=\"wp-image-181418 jetpack-lazy-image\" data-recalc-dims=\"1\" data-lazy-srcset=\"https:\/\/i1.wp.com\/www.cancunmio.com\/wp-content\/uploads\/2021\/04\/pedro-joaquin-13.jpeg?w=1280&amp;ssl=1 1280w, https:\/\/i1.wp.com\/www.cancunmio.com\/wp-content\/uploads\/2021\/04\/pedro-joaquin-13.jpeg?resize=300%2C153&amp;ssl=1 300w, https:\/\/i1.wp.com\/www.cancunmio.com\/wp-content\/uploads\/2021\/04\/pedro-joaquin-13.jpeg?resize=768%2C392&amp;ssl=1 768w\" data-lazy-sizes=\"(max-width: 708px) 100vw, 708px\" data-lazy-src=\"https:\/\/i1.wp.com\/www.cancunmio.com\/wp-content\/uploads\/2021\/04\/pedro-joaquin-13.jpeg?resize=708%2C361&amp;is-pending-load=1#038;ssl=1\" srcset=\"data:image\/gif;base64,R0lGODlhAQABAIAAAAAAAP\/\/\/yH5BAEAAAAALAAAAAABAAEAAAIBRAA7\"\/><noscript><img decoding=\"async\" loading=\"lazy\" width=\"708\" height=\"361\" src=\"https:\/\/i1.wp.com\/www.cancunmio.com\/wp-content\/uploads\/2021\/04\/pedro-joaquin-13.jpeg?resize=708%2C361&amp;ssl=1\" alt=\"\" class=\"wp-image-181418\" srcset=\"https:\/\/i1.wp.com\/www.cancunmio.com\/wp-content\/uploads\/2021\/04\/pedro-joaquin-13.jpeg?w=1280&amp;ssl=1 1280w, https:\/\/i1.wp.com\/www.cancunmio.com\/wp-content\/uploads\/2021\/04\/pedro-joaquin-13.jpeg?resize=300%2C153&amp;ssl=1 300w, https:\/\/i1.wp.com\/www.cancunmio.com\/wp-content\/uploads\/2021\/04\/pedro-joaquin-13.jpeg?resize=768%2C392&amp;ssl=1 768w\" sizes=\"auto, (max-width: 708px) 100vw, 708px\" data-recalc-dims=\"1\"\/><\/noscript><\/figure>\n<p>\u201cPedro Joaqu\u00edn ha hecho un buen papel en estos \u00faltimos tres a\u00f1os y creo que es importante la continuidad de los proyectos que ha manejado. Adem\u00e1s, creo que est\u00e1 asumiendo grandes compromisos mediante los cuatro ejes de gobierno que est\u00e1 presentando. Todos esperamos que los cumpla y que todos estos proyectos cumplan su fin\u201d: Ivonne P\u00e9rez Opal\u00edn, Presidenta de la Asociaci\u00f3n Mexicana de Agencias de Viajes (AMAV) Cozumel.<\/p>\n<p>\u201cEn estos tres a\u00f1os, Pedro Joaqu\u00edn ha hecho mucho por Cozumel, m\u00e1s que nada en el \u00e1mbito de seguridad y eso nos ha ayudado a que se pueda vender la isla como un destino seguro. Tambi\u00e9n s\u00e9 que viene con muy buenas propuestas que beneficiar\u00e1n a Cozumel\u201d: Adri\u00e1n Lozano Garza, representante de la C\u00e1mara Nacional de la Industria de Restaurantes y Alimentos Condimentados (Canirac) en la isla.<\/p>\n<p>\u201cCumpli\u00f3 todos los puntos acordados hace tres a\u00f1os y le puede dar seguimiento con buenos resultados. Creo que ha dado certeza, no s\u00f3lo a la ciudadan\u00eda, sino tambi\u00e9n al sector empresarial, con proyectos nuevos que ser\u00e1n de beneficio para todos. Ha buscado que la isla tenga m\u00e1s conexiones a\u00e9reas y que se recupere el turismo, que es parte medular de la econom\u00eda\u201d: Jorge Campos Romero, Administrador del Aeropuerto Internacional de Cozumel.<\/p>\n<p>\u201cSin duda, Pedro Joaqu\u00edn ha realizado muy buena labor y esperamos que sea favorecido en esta contienda para seguir este buen camino, como se est\u00e1 proponiendo en sus cuatro ejes de gobierno, los cuales son muy buenos\u201d: Wilma Padilla Barbosa, Presidenta Interina de la Confederaci\u00f3n Patronal de la Rep\u00fablica Mexicana (Coparmex) Cozumel.<\/p>\n<p>\u201cEscuchamos sus propuestas. Pedro Joaqu\u00edn est\u00e1 enfocado en dar continuidad a lo que ha estado haciendo en los \u00faltimos tres a\u00f1os, en especial en materia de seguridad y turismo, en busca de la recuperaci\u00f3n econ\u00f3mica que s\u00ed ha avanzado\u201d: Manuel Villanueva Marrufo, Presidente de la Asociaci\u00f3n de Abogados de la isla.<\/p>\n<figure class=\"wp-block-image size-large\"><img decoding=\"async\" loading=\"lazy\" width=\"708\" height=\"444\" src=\"https:\/\/i2.wp.com\/www.cancunmio.com\/wp-content\/uploads\/2021\/04\/pedro-joaquin-14.jpeg?resize=708%2C444&amp;ssl=1\" alt=\"\" class=\"wp-image-181419 jetpack-lazy-image\" data-recalc-dims=\"1\" data-lazy-srcset=\"https:\/\/i2.wp.com\/www.cancunmio.com\/wp-content\/uploads\/2021\/04\/pedro-joaquin-14.jpeg?w=1280&amp;ssl=1 1280w, https:\/\/i2.wp.com\/www.cancunmio.com\/wp-content\/uploads\/2021\/04\/pedro-joaquin-14.jpeg?resize=300%2C188&amp;ssl=1 300w, https:\/\/i2.wp.com\/www.cancunmio.com\/wp-content\/uploads\/2021\/04\/pedro-joaquin-14.jpeg?resize=768%2C482&amp;ssl=1 768w\" data-lazy-sizes=\"(max-width: 708px) 100vw, 708px\" data-lazy-src=\"https:\/\/i2.wp.com\/www.cancunmio.com\/wp-content\/uploads\/2021\/04\/pedro-joaquin-14.jpeg?resize=708%2C444&amp;is-pending-load=1#038;ssl=1\" srcset=\"data:image\/gif;base64,R0lGODlhAQABAIAAAAAAAP\/\/\/yH5BAEAAAAALAAAAAABAAEAAAIBRAA7\"\/><noscript><img decoding=\"async\" loading=\"lazy\" width=\"708\" height=\"444\" src=\"https:\/\/i2.wp.com\/www.cancunmio.com\/wp-content\/uploads\/2021\/04\/pedro-joaquin-14.jpeg?resize=708%2C444&amp;ssl=1\" alt=\"\" class=\"wp-image-181419\" srcset=\"https:\/\/i2.wp.com\/www.cancunmio.com\/wp-content\/uploads\/2021\/04\/pedro-joaquin-14.jpeg?w=1280&amp;ssl=1 1280w, https:\/\/i2.wp.com\/www.cancunmio.com\/wp-content\/uploads\/2021\/04\/pedro-joaquin-14.jpeg?resize=300%2C188&amp;ssl=1 300w, https:\/\/i2.wp.com\/www.cancunmio.com\/wp-content\/uploads\/2021\/04\/pedro-joaquin-14.jpeg?resize=768%2C482&amp;ssl=1 768w\" sizes=\"auto, (max-width: 708px) 100vw, 708px\" data-recalc-dims=\"1\"\/><\/noscript><\/figure>\n<\/p><\/div>\n<p><script data-cfasync=\"false\">(function(d, s, id){\n\t\t\t\t\t  var js, fjs = d.getElementsByTagName(s)[0];\n\t\t\t\t\t  if (d.getElementById(id)) return;\n\t\t\t\t\t  js = d.createElement(s); js.id = id;\n\t\t\t\t\t  js.src = \"https:\/\/connect.facebook.net\/es_ES\/sdk.js#xfbml=1&version=v3.2\";\n\t\t\t\t\t  fjs.parentNode.insertBefore(js, fjs);\n\t\t\t\t\t}(document, 'script', 'facebook-jssdk'));<\/script><br \/>\n<br \/><\/p>\n<p><em> &#8221; Fuentes www.cancunmio.com &#8221; <\/em><\/p>\n","protected":false},"excerpt":{"rendered":"<p>Cozumel, Quintana Roo, a 27 de abril de 2021.\u2014 Pedro Joaqu\u00edn ha dado certeza a la comunidad y al sector empresarial con buenos resultados los \u00faltimos tres a\u00f1os, y est\u00e1 plenamente enfocado en dar continuidad a la recuperaci\u00f3n econ\u00f3mica y tur\u00edstica de Cozumel con proyectos y acciones viables, coincidieron integrantes del Consejo Coordinador Empresarial (CCE) [&hellip;]<\/p>\n","protected":false},"author":4,"featured_media":116498,"comment_status":"open","ping_status":"closed","sticky":false,"template":"","format":"standard","meta":{"om_disable_all_campaigns":false,"jnews-multi-image_gallery":[],"jnews_single_post":[],"jnews_primary_category":[],"jnews_social_meta":[],"footnotes":""},"categories":[40],"tags":[1065,2151],"class_list":["post-116497","post","type-post","status-publish","format-standard","has-post-thumbnail","hentry","category-industria","tag-cozumel","tag-principal"],"_links":{"self":[{"href":"https:\/\/dimensionturistica.com\/es\/wp-json\/wp\/v2\/posts\/116497","targetHints":{"allow":["GET"]}}],"collection":[{"href":"https:\/\/dimensionturistica.com\/es\/wp-json\/wp\/v2\/posts"}],"about":[{"href":"https:\/\/dimensionturistica.com\/es\/wp-json\/wp\/v2\/types\/post"}],"author":[{"embeddable":true,"href":"https:\/\/dimensionturistica.com\/es\/wp-json\/wp\/v2\/users\/4"}],"replies":[{"embeddable":true,"href":"https:\/\/dimensionturistica.com\/es\/wp-json\/wp\/v2\/comments?post=116497"}],"version-history":[{"count":0,"href":"https:\/\/dimensionturistica.com\/es\/wp-json\/wp\/v2\/posts\/116497\/revisions"}],"wp:featuredmedia":[{"embeddable":true,"href":"https:\/\/dimensionturistica.com\/es\/wp-json\/wp\/v2\/media\/116498"}],"wp:attachment":[{"href":"https:\/\/dimensionturistica.com\/es\/wp-json\/wp\/v2\/media?parent=116497"}],"wp:term":[{"taxonomy":"category","embeddable":true,"href":"https:\/\/dimensionturistica.com\/es\/wp-json\/wp\/v2\/categories?post=116497"},{"taxonomy":"post_tag","embeddable":true,"href":"https:\/\/dimensionturistica.com\/es\/wp-json\/wp\/v2\/tags?post=116497"}],"curies":[{"name":"wp","href":"https:\/\/api.w.org\/{rel}","templated":true}]}}