{"id":115991,"date":"2021-04-19T13:06:44","date_gmt":"2021-04-19T13:06:44","guid":{"rendered":"https:\/\/dimensionturistica.com\/es\/?p=115991"},"modified":"2021-04-19T13:06:44","modified_gmt":"2021-04-19T13:06:44","slug":"fitur-presenta-su-plataforma-liveconnect","status":"publish","type":"post","link":"https:\/\/dimensionturistica.com\/es\/fitur-presenta-su-plataforma-liveconnect\/","title":{"rendered":"FITUR presenta su plataforma LIVEConnect"},"content":{"rendered":"<p> <br \/>\n<\/p>\n<div>\n<p>\u00a0FITUR 2021\u00a0\u201cEspecial Recuperaci\u00f3n Turismo\u201d contar\u00e1 con una nueva herramienta digital orientada a ampliar las oportunidades de contacto e intercambio de informaci\u00f3n entre todos los profesionales que componen la cadena de valor de la industria tur\u00edstica internacional. Se trata de\u00a0FFITUR LIVEConnect,\u00a0una avanzada plataforma tecnol\u00f3gica, accesible v\u00eda internet y app m\u00f3vil, que se presenta como complemento a la participaci\u00f3n presencial en\u00a0FITUR\u00a0y que forma parte de la apuesta de\u00a0IFEMA\u00a0por la digitalizaci\u00f3n de sus ferias con el objetivo de impulsar productos y servicios que permitan llegar a otros mercados.<\/p>\n<p>La plataforma\u00a0LIVEConnect, desarrollada con tecnolog\u00eda de inteligencia synthetic, ofrecer\u00e1 a todos los profesionales del sector la oportunidad de estar conectados y un additional de contenidos especiales, con una programaci\u00f3n de alto inter\u00e9s, y una agenda de contactos que amplia sustancialmente el marco de relaciones profesionales y comerciales que se produzcan durante\u00a0FITUR.<\/p>\n<p>Y es que\u00a0FITUR LIVEConnect\u00a0estar\u00e1 operativa desde el\u00a05 de mayo al 4 de junio, lo que permitir\u00e1 a la oferta y demanda que se sumen a esta plataforma,\u00a0preparar la feria con un conocimiento anticipado de los contenidos reunidos en torno a\u00a0FITUR 2021, identificar intereses gracias a su avanzado buscador, agendar reuniones on-line y reuniones presenciales, adem\u00e1s de la posibilidad de hacer video-llamadas, chatlive, eB2B multisede, and many others. En\u00a0FITUR LIVEConnect\u00a0las empresas participantes\u00a0podr\u00e1n desplegar su oferta sectorial en productos, servicios y destinos, y disfrutar de numerosas funcionalidades orientadas a enriquecer su pink de contactos profesional, generar networking comercial y la interacci\u00f3n con la comunidad tur\u00edstica internacional, m\u00e1s all\u00e1 de las fechas de celebraci\u00f3n de\u00a0FITUR.<\/p>\n<p>Todo ello hace de\u00a0FITUR LIVEConnect\u00a0una\u00a0herramienta de Model consciousness preparada para reforzar la capacidad de convocatoria de las empresas participantes, y con ello sus expectativas de negocio e impacto asociadas al evento presencial.<\/p>\n<p>Los expositores y co-expositores de\u00a0FITUR\u00a0interesados en sumarse a\u00a0FITUR LIVEConnect\u00a0podr\u00e1n encontrar toda la informaci\u00f3n para participar en la internet de\u00a0FITUR.<\/p>\n<p>Adem\u00e1s,\u00a0LIVEConnect\u00a0tambi\u00e9n estar\u00e1 abierta a la participaci\u00f3n exclusivamente digital de aquellos destinos y empresas que no puedan asistir a\u00a0FITUR\u00a0de forma presencial y que, sin embargo, quieran integrar su oferta de contenidos en la plataforma para formar parte de esta gran pink profesional de la industria tur\u00edstica internacional.\u00a0Los visitantes profesionales podr\u00e1n asimismo unirse a\u00a0FITUR LIVEConnect\u00a0al registrarse en la internet de\u00a0FITUR.<\/p>\n<\/p><\/div>\n\n<p><em> &#8221; Fuentes es.travel2latam.com &#8221; <\/em><\/p>\n","protected":false},"excerpt":{"rendered":"<p>\u00a0FITUR 2021\u00a0\u201cEspecial Recuperaci\u00f3n Turismo\u201d contar\u00e1 con una nueva herramienta digital orientada a ampliar las oportunidades de contacto e intercambio de informaci\u00f3n entre todos los profesionales que componen la cadena de valor de la industria tur\u00edstica internacional. Se trata de\u00a0FFITUR LIVEConnect,\u00a0una avanzada plataforma tecnol\u00f3gica, accesible v\u00eda internet y app m\u00f3vil, que se presenta como complemento a [&hellip;]<\/p>\n","protected":false},"author":4,"featured_media":0,"comment_status":"open","ping_status":"closed","sticky":false,"template":"","format":"standard","meta":{"om_disable_all_campaigns":false,"jnews-multi-image_gallery":[],"jnews_single_post":[],"jnews_primary_category":[],"jnews_social_meta":[],"footnotes":""},"categories":[40],"tags":[],"class_list":["post-115991","post","type-post","status-publish","format-standard","hentry","category-industria"],"_links":{"self":[{"href":"https:\/\/dimensionturistica.com\/es\/wp-json\/wp\/v2\/posts\/115991","targetHints":{"allow":["GET"]}}],"collection":[{"href":"https:\/\/dimensionturistica.com\/es\/wp-json\/wp\/v2\/posts"}],"about":[{"href":"https:\/\/dimensionturistica.com\/es\/wp-json\/wp\/v2\/types\/post"}],"author":[{"embeddable":true,"href":"https:\/\/dimensionturistica.com\/es\/wp-json\/wp\/v2\/users\/4"}],"replies":[{"embeddable":true,"href":"https:\/\/dimensionturistica.com\/es\/wp-json\/wp\/v2\/comments?post=115991"}],"version-history":[{"count":0,"href":"https:\/\/dimensionturistica.com\/es\/wp-json\/wp\/v2\/posts\/115991\/revisions"}],"wp:attachment":[{"href":"https:\/\/dimensionturistica.com\/es\/wp-json\/wp\/v2\/media?parent=115991"}],"wp:term":[{"taxonomy":"category","embeddable":true,"href":"https:\/\/dimensionturistica.com\/es\/wp-json\/wp\/v2\/categories?post=115991"},{"taxonomy":"post_tag","embeddable":true,"href":"https:\/\/dimensionturistica.com\/es\/wp-json\/wp\/v2\/tags?post=115991"}],"curies":[{"name":"wp","href":"https:\/\/api.w.org\/{rel}","templated":true}]}}