{"id":115985,"date":"2021-04-19T12:56:29","date_gmt":"2021-04-19T12:56:29","guid":{"rendered":"https:\/\/dimensionturistica.com\/es\/?p=115985"},"modified":"2021-04-19T12:56:29","modified_gmt":"2021-04-19T12:56:29","slug":"boris-johnson-cancela-viaje-a-india-por-preocupacion-ante-el-coronavirus","status":"publish","type":"post","link":"https:\/\/dimensionturistica.com\/es\/boris-johnson-cancela-viaje-a-india-por-preocupacion-ante-el-coronavirus\/","title":{"rendered":"Boris Johnson cancela viaje a India por preocupaci\u00f3n ante el coronavirus"},"content":{"rendered":"<p> <br \/>\n<\/p>\n<div>\n<div class=\"visual__image  image_container\"><img decoding=\"async\" alt=\"El primer ministro brit\u00e1nico, Boris Johnson, en Downing Street, Londres, Reino Unido, 8 marzo, 2021.&#10;REUTERS\/Hannah Mckay\/Pool\" height=\"533\" width=\"800\" src=\"https:\/\/www.infobae.com\/new-resizer\/GZTblXqBp5WWxeXINS9m9EVLNWs=\/420x280\/filters:format(jpg):quality(85)\/cloudfront-us-east-1.images.arcpublishing.com\/infobae\/7VBLFVITDUBHRY4HJUFBC5DV4M.jpg\" srcset=\"https:\/\/www.infobae.com\/new-resizer\/GZTblXqBp5WWxeXINS9m9EVLNWs=\/420x280\/filters:format(jpg):quality(85)\/cloudfront-us-east-1.images.arcpublishing.com\/infobae\/7VBLFVITDUBHRY4HJUFBC5DV4M.jpg 420w,https:\/\/www.infobae.com\/new-resizer\/Qi9iN9iK8ceNFHvT_5m0__7N1kU=\/768x512\/filters:format(jpg):quality(85)\/cloudfront-us-east-1.images.arcpublishing.com\/infobae\/7VBLFVITDUBHRY4HJUFBC5DV4M.jpg 768w,https:\/\/www.infobae.com\/new-resizer\/6PNzT7RtmDqGEFyQolGfABoA744=\/992x661\/filters:format(jpg):quality(85)\/cloudfront-us-east-1.images.arcpublishing.com\/infobae\/7VBLFVITDUBHRY4HJUFBC5DV4M.jpg 992w,https:\/\/www.infobae.com\/new-resizer\/JRH7ZqIvril0IpIy5S68XG8-tSk=\/1200x800\/filters:format(jpg):quality(85)\/cloudfront-us-east-1.images.arcpublishing.com\/infobae\/7VBLFVITDUBHRY4HJUFBC5DV4M.jpg 1200w\" sizes=\"auto, (min-width: 800px) 50vw, 90vw\" loading=\"lazy\"\/><figcaption>El primer ministro brit\u00e1nico, Boris Johnson, en Downing Road, Londres, Reino Unido, 8 marzo, 2021.<br \/>\nREUTERS\/Hannah Mckay\/Pool<\/figcaption><\/div>\n<p class=\"paragraph\">LONDRES, 19 abr (Reuters) &#8211;     El primer ministro brit\u00e1nico, Boris Johnson, cancel\u00f3 el lunes un viaje previsto a India para la pr\u00f3xima semana, afirmando que period una medida apropiada ante el aumento de las infecciones por COVID-19 en dicho pa\u00eds.<\/p>\n<p class=\"paragraph\">India est\u00e1 sufriendo una segunda ola del virus, con el n\u00famero de infecciones superando los 15 millones, s\u00f3lo por detr\u00e1s de Estados Unidos. Est\u00e1 previsto que Delhi entre en confinamiento el lunes por la noche.<\/p>\n<p class=\"paragraph\">&#8220;(El primer ministro indio) Narendra Modi y yo hemos llegado b\u00e1sicamente a la conclusi\u00f3n de que, muy lamentablemente, no podr\u00e9 seguir adelante con el viaje&#8221;, dijo Johnson a los periodistas. &#8220;Creo que lo m\u00e1s razonable es posponerlo&#8221;.<\/p>\n<p><span data-error=\"No dfp-path found.\"\/><\/p>\n<p class=\"paragraph\">Johnson ya hab\u00eda pospuesto el viaje una vez desde enero, cuando los contagios de COVID-19 eran elevados en Reino Unido.<\/p>\n<p class=\"paragraph\">Un comunicado conjunto de los Gobiernos brit\u00e1nico e indio indic\u00f3 que el viaje hab\u00eda sido cancelado.<\/p>\n<p class=\"paragraph\">&#8220;En su lugar, los primeros ministros Modi y Johnson hablar\u00e1n a finales de este mes para acordar y lanzar sus ambiciosos planes para la futura colaboraci\u00f3n entre el Reino Unido y la India&#8221;.<\/p>\n<p><span data-error=\"No dfp-path found.\"\/><\/p>\n<p class=\"paragraph\">Las relaciones con India se consideran un componente clave tanto en las aspiraciones brit\u00e1nicas tras el Brexit de revitalizar el comercio con pa\u00edses fuera de la Uni\u00f3n Europea, como en el impulso diplom\u00e1tico para ganar m\u00e1s influencia en la regi\u00f3n del Indo-Pac\u00edfico.<\/p>\n<p class=\"paragraph\">&#8220;Por supuesto, ser\u00e1 frustrante, pero trataremos de reproducir todo lo que podamos a distancia, y luego esperamos hacerlo en persona cuando las circunstancias lo permitan, y ojal\u00e1 antes de la cumbre de la COP en noviembre, y ojal\u00e1 consigamos que Narendra Modi venga al G7 en junio&#8221;, dijo Johnson.<\/p>\n<p><span data-error=\"No dfp-path found.\"\/><\/p>\n<p class=\"paragraph\">El Reino Unido ha invitado a India a asistir a la cumbre del G7 que acoger\u00e1 en junio.<\/p>\n<p class=\"paragraph\">Las autoridades sanitarias brit\u00e1nicas dijeron el domingo que estaban investigando una variante de COVID-19 originada en la India, pero que a\u00fan no ten\u00edan suficientes pruebas para clasificarla como variante de riesgo.<\/p>\n<p><span data-error=\"No dfp-path found.\"\/><\/p>\n<p class=\"paragraph\">(Informaci\u00f3n de William James, editado por Andy Bruce y Angus MacSwan, traducido por Aida Pel\u00e1ez en la redacci\u00f3n de Gdansk)<\/p>\n<\/div>\n<p><script defer=\"\">!function(f,b,e,v,n,t,s) {if(f.fbq)return;n=f.fbq=function(){n.callMethod? n.callMethod.apply(n,arguments):n.queue.push(arguments)}; if(!f._fbq)f._fbq=n;n.push=n;n.loaded=!0;n.version='2.0'; n.queue=[];t=b.createElement(e);t.async=!0; t.src=v;s=b.getElementsByTagName(e)[0]; s.parentNode.insertBefore(t,s)}(window, document,'script', 'https:\/\/connect.facebook.net\/en_US\/fbevents.js'); fbq('init', '336383993555320'); fbq('track', 'PageView'); fbq('track', 'ViewContent');<\/script><br \/>\n<br \/><\/p>\n<p><em> &#8221; Fuentes www.infobae.com &#8221; <\/em><\/p>\n","protected":false},"excerpt":{"rendered":"<p>El primer ministro brit\u00e1nico, Boris Johnson, en Downing Road, Londres, Reino Unido, 8 marzo, 2021. REUTERS\/Hannah Mckay\/Pool LONDRES, 19 abr (Reuters) &#8211; El primer ministro brit\u00e1nico, Boris Johnson, cancel\u00f3 el lunes un viaje previsto a India para la pr\u00f3xima semana, afirmando que period una medida apropiada ante el aumento de las infecciones por COVID-19 en [&hellip;]<\/p>\n","protected":false},"author":4,"featured_media":115986,"comment_status":"open","ping_status":"closed","sticky":false,"template":"","format":"standard","meta":{"om_disable_all_campaigns":false,"jnews-multi-image_gallery":[],"jnews_single_post":[],"jnews_primary_category":[],"jnews_social_meta":[],"footnotes":""},"categories":[40],"tags":[],"class_list":["post-115985","post","type-post","status-publish","format-standard","has-post-thumbnail","hentry","category-industria"],"_links":{"self":[{"href":"https:\/\/dimensionturistica.com\/es\/wp-json\/wp\/v2\/posts\/115985","targetHints":{"allow":["GET"]}}],"collection":[{"href":"https:\/\/dimensionturistica.com\/es\/wp-json\/wp\/v2\/posts"}],"about":[{"href":"https:\/\/dimensionturistica.com\/es\/wp-json\/wp\/v2\/types\/post"}],"author":[{"embeddable":true,"href":"https:\/\/dimensionturistica.com\/es\/wp-json\/wp\/v2\/users\/4"}],"replies":[{"embeddable":true,"href":"https:\/\/dimensionturistica.com\/es\/wp-json\/wp\/v2\/comments?post=115985"}],"version-history":[{"count":0,"href":"https:\/\/dimensionturistica.com\/es\/wp-json\/wp\/v2\/posts\/115985\/revisions"}],"wp:featuredmedia":[{"embeddable":true,"href":"https:\/\/dimensionturistica.com\/es\/wp-json\/wp\/v2\/media\/115986"}],"wp:attachment":[{"href":"https:\/\/dimensionturistica.com\/es\/wp-json\/wp\/v2\/media?parent=115985"}],"wp:term":[{"taxonomy":"category","embeddable":true,"href":"https:\/\/dimensionturistica.com\/es\/wp-json\/wp\/v2\/categories?post=115985"},{"taxonomy":"post_tag","embeddable":true,"href":"https:\/\/dimensionturistica.com\/es\/wp-json\/wp\/v2\/tags?post=115985"}],"curies":[{"name":"wp","href":"https:\/\/api.w.org\/{rel}","templated":true}]}}