{"id":115971,"date":"2021-04-19T12:33:57","date_gmt":"2021-04-19T12:33:57","guid":{"rendered":"https:\/\/dimensionturistica.com\/es\/?p=115971"},"modified":"2021-04-19T12:33:57","modified_gmt":"2021-04-19T12:33:57","slug":"boris-johnson-cancela-viaje-oficial-a-india-por-la-pandemia-gobierno","status":"publish","type":"post","link":"https:\/\/dimensionturistica.com\/es\/boris-johnson-cancela-viaje-oficial-a-india-por-la-pandemia-gobierno\/","title":{"rendered":"Boris Johnson cancela viaje oficial a India por la pandemia (gobierno)"},"content":{"rendered":"<p> <br \/>\n<\/p>\n<div>\n<p class=\"paragraph\">El viaje oficial que el primer ministro brit\u00e1nico, Boris Johnson, deb\u00eda realizar a India a finales de abril, su primera gran visita bilateral al extranjero, fue cancelado debido al empeoramiento de la pandemia en ese pa\u00eds, inform\u00f3 el lunes Downing Road.<\/p>\n<p class=\"paragraph\">&#8220;En vista de la situaci\u00f3n actual del coronavirus, el primer ministro Boris Johnson no podr\u00e1 visitar India la pr\u00f3xima semana&#8221;, anunci\u00f3 un comunicado.<\/p>\n<p class=\"paragraph\">En cambio, hablar\u00e1 con su hom\u00f3logo indio Narendra Modi &#8220;a finales de este mes&#8221; para tratar de la &#8220;ambiciosa&#8221; asociaci\u00f3n comercial que ambos pa\u00edses quieren poner en marcha, precis\u00f3.<\/p>\n<p><span data-error=\"No dfp-path found.\"\/><\/p>\n<p class=\"paragraph\">Ambos mandatarios &#8220;seguir\u00e1n en contacto regular y esperan reunirse en persona a finales de este a\u00f1o&#8221;, agreg\u00f3.<\/p>\n<p class=\"paragraph\">El gobierno brit\u00e1nico hab\u00eda anunciado la semana pasada que la visita de Johnson, originalmente prevista para comenzar el 26 de abril y durar tres d\u00edas, ser\u00eda acortada.<\/p>\n<p class=\"paragraph\">El viaje se hab\u00eda programado en un primer momento para enero, present\u00e1ndolo como una oportunidad para que el Reino Unido reorientara su pol\u00edtica comercial internacional tras el Brexit.<\/p>\n<p><span data-error=\"No dfp-path found.\"\/><\/p>\n<p class=\"paragraph\">Pero el aumento de los casos de coronavirus, las hospitalizaciones y las muertes en este pa\u00eds a principios de a\u00f1o llevaron a un primer aplazamiento.<\/p>\n<p class=\"paragraph\">Ahora, el aumento de los contagios en India -donde las autoridades han registrado cinco d\u00edas consecutivos de m\u00e1s de 200.000 casos- ha llevado a su cancelaci\u00f3n complete.<\/p>\n<p><span data-error=\"No dfp-path found.\"\/><\/p>\n<p class=\"paragraph\">La visita ten\u00eda por objeto reforzar los lazos comerciales bilaterales, las inversiones y la cooperaci\u00f3n en diversos \u00e1mbitos, como la defensa, la seguridad, la salud y el cambio clim\u00e1tico.<\/p>\n<p class=\"paragraph\">Los intercambios entre ambos pa\u00edses se estiman en 24.000 millones de libras (32.000 millones de d\u00f3lares, 26.000 millones de euros) anuales.<\/p>\n<p><span data-error=\"No dfp-path found.\"\/><\/p>\n<p class=\"paragraph\">acc\/mar<\/p>\n<\/div>\n<p><script defer=\"\">!function(f,b,e,v,n,t,s) {if(f.fbq)return;n=f.fbq=function(){n.callMethod? n.callMethod.apply(n,arguments):n.queue.push(arguments)}; if(!f._fbq)f._fbq=n;n.push=n;n.loaded=!0;n.version='2.0'; n.queue=[];t=b.createElement(e);t.async=!0; t.src=v;s=b.getElementsByTagName(e)[0]; s.parentNode.insertBefore(t,s)}(window, document,'script', 'https:\/\/connect.facebook.net\/en_US\/fbevents.js'); fbq('init', '336383993555320'); fbq('track', 'PageView'); fbq('track', 'ViewContent');<\/script><br \/>\n<br \/><\/p>\n<p><em> &#8221; Fuentes www.infobae.com &#8221; <\/em><\/p>\n","protected":false},"excerpt":{"rendered":"<p>El viaje oficial que el primer ministro brit\u00e1nico, Boris Johnson, deb\u00eda realizar a India a finales de abril, su primera gran visita bilateral al extranjero, fue cancelado debido al empeoramiento de la pandemia en ese pa\u00eds, inform\u00f3 el lunes Downing Road. &#8220;En vista de la situaci\u00f3n actual del coronavirus, el primer ministro Boris Johnson no [&hellip;]<\/p>\n","protected":false},"author":4,"featured_media":114592,"comment_status":"open","ping_status":"closed","sticky":false,"template":"","format":"standard","meta":{"om_disable_all_campaigns":false,"jnews-multi-image_gallery":[],"jnews_single_post":[],"jnews_primary_category":[],"jnews_social_meta":[],"footnotes":""},"categories":[40],"tags":[],"class_list":["post-115971","post","type-post","status-publish","format-standard","has-post-thumbnail","hentry","category-industria"],"_links":{"self":[{"href":"https:\/\/dimensionturistica.com\/es\/wp-json\/wp\/v2\/posts\/115971","targetHints":{"allow":["GET"]}}],"collection":[{"href":"https:\/\/dimensionturistica.com\/es\/wp-json\/wp\/v2\/posts"}],"about":[{"href":"https:\/\/dimensionturistica.com\/es\/wp-json\/wp\/v2\/types\/post"}],"author":[{"embeddable":true,"href":"https:\/\/dimensionturistica.com\/es\/wp-json\/wp\/v2\/users\/4"}],"replies":[{"embeddable":true,"href":"https:\/\/dimensionturistica.com\/es\/wp-json\/wp\/v2\/comments?post=115971"}],"version-history":[{"count":0,"href":"https:\/\/dimensionturistica.com\/es\/wp-json\/wp\/v2\/posts\/115971\/revisions"}],"wp:featuredmedia":[{"embeddable":true,"href":"https:\/\/dimensionturistica.com\/es\/wp-json\/wp\/v2\/media\/114592"}],"wp:attachment":[{"href":"https:\/\/dimensionturistica.com\/es\/wp-json\/wp\/v2\/media?parent=115971"}],"wp:term":[{"taxonomy":"category","embeddable":true,"href":"https:\/\/dimensionturistica.com\/es\/wp-json\/wp\/v2\/categories?post=115971"},{"taxonomy":"post_tag","embeddable":true,"href":"https:\/\/dimensionturistica.com\/es\/wp-json\/wp\/v2\/tags?post=115971"}],"curies":[{"name":"wp","href":"https:\/\/api.w.org\/{rel}","templated":true}]}}