{"id":115954,"date":"2021-04-19T12:17:32","date_gmt":"2021-04-19T12:17:32","guid":{"rendered":"https:\/\/dimensionturistica.com\/es\/?p=115954"},"modified":"2021-04-19T12:17:32","modified_gmt":"2021-04-19T12:17:32","slug":"calcula-325-millones-de-turistas-en-2021-y-una-facturacion-de-15-000-millones","status":"publish","type":"post","link":"https:\/\/dimensionturistica.com\/es\/calcula-325-millones-de-turistas-en-2021-y-una-facturacion-de-15-000-millones\/","title":{"rendered":"calcula 32,5 millones de turistas en 2021 y una facturaci\u00f3n de 15.000 millones"},"content":{"rendered":"<p> <br \/>\n<\/p>\n<div id=\"contentid-0\">\n<p>La <strong>Junta de Andaluc\u00eda<\/strong> prev\u00e9 recibir <strong>32,5 millones de turistas<\/strong> en 2021 y una <strong>facturaci\u00f3n de ente 14.000 y 15.000 millones de euros<\/strong>, lo que supondr\u00eda un incremento del 50% respecto al fat\u00eddico 2020.<\/p>\n<p>As\u00ed lo ha estimado este lunes el <strong>viceconsejero de Turismo, Regeneraci\u00f3n, Justicia y Administraci\u00f3n, Alejandro Cardenete<\/strong>, que ha se\u00f1alado que \u00aben <a rel=\"nofollow noopener\" target=\"_blank\" href=\"https:\/\/okdiario.com\/andalucia\/reino-unido-dorado-andalucia-empresas-andaluzas-exportadoras-pais-aumentan-135-7029723\"><strong>Reino Unido<\/strong><\/a> est\u00e1n pr\u00e1cticamente <a rel=\"nofollow noopener\" target=\"_blank\" href=\"https:\/\/okdiario.com\/andalucia\/junta-andalucia-plantea-abrir-movilidad-personas-inmunizadas-7098189\"><strong>vacunados<\/strong><\/a> y est\u00e1n pensado d\u00f3nde ir en verano\u00bb, subrayando as\u00ed que <strong>Andaluc\u00eda<\/strong> es una \u00f3ptima opci\u00f3n porque \u00abes un destino seguro\u00bb.<\/p>\n<p>En <strong>2020<\/strong>, y a pesar de la pandemia, el <a rel=\"nofollow noopener\" target=\"_blank\" href=\"https:\/\/okdiario.com\/andalucia\/podemos-fomenta-turismofobia-andalucia-turismo-mas-turismo-6728120\"><strong>turismo<\/strong><\/a> dej\u00f3 en la comunidad un whole de <strong>9.000 millones de euros<\/strong>. El viceconsejero ha recalcado la ayuda prevista de 30 millones de euros para promocionar el <a rel=\"nofollow noopener\" target=\"_blank\" href=\"https:\/\/okdiario.com\/andalucia\/junta-andalucia-dara-3-000-euros-ayudas-directas-empresas-turismo-comercio-hosteleria-6981424\"><strong>sector tur\u00edstico<\/strong><\/a> y vaticina una recuperaci\u00f3n \u00aba lo largo del segundo semestre\u00bb de 2021.<\/p>\n<p><span class=\"title2\">Punto de inflexi\u00f3n<\/span><\/p>\n<p>As\u00ed lo ha expresado durante el acto de presentaci\u00f3n, en el <strong>Ayuntamiento de Sevilla<\/strong>, de la oferta promicional a nivel nacional del G<strong>rupo de Ciudades Patrimonio de la Humanidad de Espa\u00f1a (Gcphe)<\/strong> y los<strong> Paradores de Turismo<\/strong> ante la posible apertura de la movilidad entre regiones en mayo.<\/p>\n<p>En cuanto a la <strong>reactivaci\u00f3n del turismo<\/strong>, Cardenete ha destacado que \u00abno se debe circunscribirlo todo al verano\u00bb, sino \u00abpensar que esa recuperaci\u00f3n puede llegar a lo largo del segundo semestre\u00bb. En este sentido, el vicenconsejero del ramo ha subrayado que se ha previsto 30 millones de euros para la promoci\u00f3n del sector. \u00abNo solo para destinos maduros, como sucede con las<strong> ciudades Patrimonio de la Humanidad<\/strong>, sino para otros lugares tambi\u00e9n, que est\u00e1n siendo reclamados por los turistas\u00bb.<\/p>\n<p>Precisamente, en relaci\u00f3n al perfil de los futuros viajeros, Cardenete ha asegurado que el visitante tendr\u00e1 un mayor poder adquisitivo y que el objetivo es que sea un<strong> turismo \u00abde alto nivel econ\u00f3mico, desestacionalizado y sin masificaci\u00f3n<\/strong>. Este el perfil por el que apostamos desde la Administraci\u00f3n\u00bb. \u00abCuando pase esta disaster sanitaria y econ\u00f3mica, ser\u00e1 un punto de inflexi\u00f3n para un nuevo modelo en lo que a turismo se refiere\u00bb.<\/p>\n<p>Asimismo, Cardenete ha recordado que en las pr\u00f3ximas horas saldr\u00e1n las <strong>ayudas anunciadas para pymes tur\u00edsticas<\/strong> por importe de unos <strong>20 millones de euros<\/strong>; este martes \u00abterminaremos de sacar el paquete completo para agencias de viaje o campings, entre otras, y el mi\u00e9rcoles, para turismo de inside, rural y activo\u00bb.<\/p>\n<p><strong>En 2019 el sector del turismo aport\u00f3 a la econom\u00eda unos 22.900 millones de euros<\/strong>. \u00abNo tenemos esa cantidad para compensar la ca\u00edda de la actividad, pero con las ayudas intentamos paliar los efectos de la disaster para que aguanten lo que pueda quedar en este nivel m\u00ednimo\u00bb ante las previsiones de incremento para el segundo semestre del a\u00f1o.<\/p>\n<p>Por \u00faltimo, el viceconsejero de Turismo, que ha defendido la apuesta por la sostenibilidad en el citado sector, ha anunciado que la pr\u00f3xima semana se presenta una nueva edici\u00f3n del <strong>Gran Premio de Jerez de motociclismo<\/strong>, que cuenta con el respaldo del Gobierno andaluz.<\/p>\n<\/div>\n\n<p><em> &#8221; Fuentes okdiario.com &#8221; <\/em><\/p>\n","protected":false},"excerpt":{"rendered":"<p>La Junta de Andaluc\u00eda prev\u00e9 recibir 32,5 millones de turistas en 2021 y una facturaci\u00f3n de ente 14.000 y 15.000 millones de euros, lo que supondr\u00eda un incremento del 50% respecto al fat\u00eddico 2020. As\u00ed lo ha estimado este lunes el viceconsejero de Turismo, Regeneraci\u00f3n, Justicia y Administraci\u00f3n, Alejandro Cardenete, que ha se\u00f1alado que \u00aben [&hellip;]<\/p>\n","protected":false},"author":4,"featured_media":115955,"comment_status":"open","ping_status":"closed","sticky":false,"template":"","format":"standard","meta":{"om_disable_all_campaigns":false,"jnews-multi-image_gallery":[],"jnews_single_post":[],"jnews_primary_category":[],"jnews_social_meta":[],"footnotes":""},"categories":[40],"tags":[],"class_list":["post-115954","post","type-post","status-publish","format-standard","has-post-thumbnail","hentry","category-industria"],"_links":{"self":[{"href":"https:\/\/dimensionturistica.com\/es\/wp-json\/wp\/v2\/posts\/115954","targetHints":{"allow":["GET"]}}],"collection":[{"href":"https:\/\/dimensionturistica.com\/es\/wp-json\/wp\/v2\/posts"}],"about":[{"href":"https:\/\/dimensionturistica.com\/es\/wp-json\/wp\/v2\/types\/post"}],"author":[{"embeddable":true,"href":"https:\/\/dimensionturistica.com\/es\/wp-json\/wp\/v2\/users\/4"}],"replies":[{"embeddable":true,"href":"https:\/\/dimensionturistica.com\/es\/wp-json\/wp\/v2\/comments?post=115954"}],"version-history":[{"count":0,"href":"https:\/\/dimensionturistica.com\/es\/wp-json\/wp\/v2\/posts\/115954\/revisions"}],"wp:featuredmedia":[{"embeddable":true,"href":"https:\/\/dimensionturistica.com\/es\/wp-json\/wp\/v2\/media\/115955"}],"wp:attachment":[{"href":"https:\/\/dimensionturistica.com\/es\/wp-json\/wp\/v2\/media?parent=115954"}],"wp:term":[{"taxonomy":"category","embeddable":true,"href":"https:\/\/dimensionturistica.com\/es\/wp-json\/wp\/v2\/categories?post=115954"},{"taxonomy":"post_tag","embeddable":true,"href":"https:\/\/dimensionturistica.com\/es\/wp-json\/wp\/v2\/tags?post=115954"}],"curies":[{"name":"wp","href":"https:\/\/api.w.org\/{rel}","templated":true}]}}