{"id":115925,"date":"2021-04-19T11:12:03","date_gmt":"2021-04-19T11:12:03","guid":{"rendered":"https:\/\/dimensionturistica.com\/es\/?p=115925"},"modified":"2021-04-19T11:12:03","modified_gmt":"2021-04-19T11:12:03","slug":"aerolineas-argentinas-mantendra-sus-vuelos-a-nueva-york-y-roma","status":"publish","type":"post","link":"https:\/\/dimensionturistica.com\/es\/aerolineas-argentinas-mantendra-sus-vuelos-a-nueva-york-y-roma\/","title":{"rendered":"Aerol\u00edneas Argentinas mantendr\u00e1 sus vuelos a Nueva York y Roma"},"content":{"rendered":"<p> <br \/>\n<\/p>\n<div>\n<a rel=\"nofollow noopener\" target=\"_blank\" href=\"https:\/\/t.me\/transponder12001\"><img decoding=\"async\" class=\"aligncenter size-full wp-image-44290\" src=\"https:\/\/i1.wp.com\/www.transponder1200.com\/wp-content\/uploads\/2021\/01\/TELEGRAM-T1200-V2-728X90.jpg?resize=728%2C90&amp;ssl=1\" alt=\"Telegram\" data-tcjp-recalc-dims=\"1\"\/><\/a><\/p>\n<p style=\"text-align: justify;\"><span style=\"color: #000000;\">Una mala interpretaci\u00f3n por parte de varias agencias de viaje, crearon el rumor de que <span style=\"color: #0000ff;\"><a rel=\"nofollow noopener\" target=\"_blank\" style=\"color: #0000ff;\" href=\"https:\/\/www.transponder1200.com\/?s=aerolineas+argentinas\"><strong>Aerol\u00edneas Argentinas<\/strong><\/a><\/span> cerraba sus operaciones a Roma y Nueva York, lo que gener\u00f3 una gran cantidad de comentarios en redes sociales y cuestionamientos de los medios de comunicaci\u00f3n.<\/span><\/p>\n<p><a rel=\"nofollow noopener\" target=\"_blank\" href=\"https:\/\/www.transponder1200.com\/preparate-para-concursar-en-una-aerolinea-from-the-cockpit-ofrece-el-curso-aps-mcc\/\"><img decoding=\"async\" class=\"aligncenter size-full wp-image-44290\" src=\"https:\/\/i0.wp.com\/www.transponder1200.com\/wp-content\/uploads\/2021\/03\/BANNER-PUBLI-FROM-THE-COCKPIT-MARZO-2021-GENERICO-728X90.jpg?resize=728%2C90&amp;ssl=1\" alt=\"From the Cockpit\" data-tcjp-recalc-dims=\"1\"\/><\/a><\/p>\n<p style=\"text-align: justify;\"><span style=\"color: #000000;\">En realidad, est\u00e1 suspendida la venta de boletos en su sistema para esas ciudades y al parecer muchos pensaron que la aerol\u00ednea estaba cancelando las rutas definitivamente. Sin embargo, un vocero de Aerol\u00edneas Argentinas confirm\u00f3 que en ning\u00fan momento la empresa ha pensado en dejar de operar las rutas a Nueva York y Roma, solamente est\u00e1n cerrados a la venta por el sistema.<\/span><\/p>\n<p style=\"text-align: justify;\"><span style=\"color: #000000;\">Al parecer todo surgi\u00f3 porque, en el sistema de reservaciones, Aerol\u00edneas cancel\u00f3 todos los vuelos a esas ciudades hasta el last de agosto, y posterior a esa fecha est\u00e1n cargados pero est\u00e1n cerrados para venta. La raz\u00f3n de esto es que no esperan retomar los vuelos antes de esa fecha por las condiciones actuales tanto en Argentina como en Europa en cuanto a las restricciones de viaje por el COVID-19. Una vez que se defina una fecha tentativa para reiniciar los vuelos, se abrir\u00e1n a la venta.<\/span><\/p>\n<p><a rel=\"nofollow noopener\" target=\"_blank\" href=\"https:\/\/www.transponder1200.com\/preparate-para-concursar-en-una-aerolinea-from-the-cockpit-ofrece-el-curso-aps-mcc\/\"><img decoding=\"async\" class=\"aligncenter size-full wp-image-44290\" src=\"https:\/\/i0.wp.com\/www.transponder1200.com\/wp-content\/uploads\/2021\/03\/BANNER-PUBLI-FROM-THE-COCKPIT-MARZO-2021-GENERICO-728X90.jpg?resize=728%2C90&amp;ssl=1\" alt=\"From the Cockpit\" data-tcjp-recalc-dims=\"1\"\/><\/a><\/p>\n<p style=\"text-align: justify;\"><span style=\"color: #000000;\">Si los vuelos se dejaran abiertos ya la gente hace reservaciones, y despu\u00e9s se tienen que cancelar porque no se pueden realizar a\u00fan las operaciones, se genera un problema con los pasajeros tanto por alterar sus planes de viaje como por los reembolsos y procedimientos necesarios en esos casos. As\u00ed, si m\u00e1s adelante se confirma la fecha de reinicio, se abren para venta en el sistema con suficiente anticipaci\u00f3n para lograr una buena ocupaci\u00f3n.<\/span><\/p>\n<p style=\"text-align: justify;\"><span style=\"color: #000000;\">El <strong>Director Comercial de Aerol\u00edneas Argentinas<\/strong>, <strong>Fabi\u00e1n Lombardo<\/strong>, un tanto asombrado por la confusi\u00f3n que se gener\u00f3, coment\u00f3 que:<\/span><\/p>\n<blockquote>\n<p style=\"text-align: justify;\"><span style=\"color: #000000;\">En ning\u00fan momento hemos pensado en dejar de volar a esos dos destinos, son solamente los ajustes necesarios en la programaci\u00f3n de vuelos en el sistema para evitar que se generen problemas con los pasajeros. En cuanto sea oportuno reanudaremos los vuelos\u201d.<\/span><\/p>\n<\/blockquote>\n<p style=\"text-align: justify;\"><span style=\"color: #000000;\">Aerol\u00edneas Argentinas no ha volado a ambas ciudades pr\u00e1cticamente desde el inicio de la pandemia en 2020, salvo por algunos vuelos especiales a esas ciudades por repatriaci\u00f3n de ciudadanos, pero no hay que olvidar que el gobierno argentino cerr\u00f3 completamente las fronteras del pa\u00eds desde el inicio para tratar de evitar la propagaci\u00f3n.<\/span><\/p>\n<p style=\"text-align: justify;\"><span style=\"color: #000000;\">Por su parte, Alitalia tambi\u00e9n tiene suspendidos sus vuelos hacia Argentina al menos hasta el 31 de mayo, esperando que sea un mejor momento para reiniciarlos. Esto es al igual que otras aerol\u00edneas que tienen suspendidos sus vuelos o parte de ellos hacia Argentina por las restricciones de viaje que todav\u00eda est\u00e1n vigentes.<\/span><\/p>\n<div class=\"author_box_tabs\">\n<nav>\n<\/nav>\n<ul class=\"author_box_tabs_content\">\n<li data-content=\"bio\" class=\"selected\">\n<img decoding=\"async\" alt=\"author's avatar\" class=\"birds_box_avatar\" src=\"https:\/\/i0.wp.com\/www.transponder1200.com\/wp-content\/uploads\/2021\/01\/BIO-T1200-ERICK-HAW.png?ssl=1\" data-tcjp-recalc-dims=\"1\"\/><\/p>\n<p><span class=\"by_text\">Por:<\/span> <span class=\"h4_text\">Erick Haw Mayer<\/span><\/p>\n<p>Apasionado de la aviaci\u00f3n y la industria automotriz de toda la vida, tiene una Licenciatura en Inform\u00e1tica y un Postgrado en Comunicaci\u00f3n y R.P. Aunque tiene experiencia en empresas del rubro automotriz y en Mexicana de Aviaci\u00f3n, su vida profesional se ha dedicado m\u00e1s al periodismo especializado en todo tipo de medios impresos y electr\u00f3nicos, incluyendo la revista Avi\u00f3n Revue de Latinoam\u00e9rica.\n<\/p>\n<\/li>\n<li data-content=\"social\">\n<img decoding=\"async\" alt=\"author's avatar\" class=\"birds_box_avatar\" src=\"https:\/\/i0.wp.com\/www.transponder1200.com\/wp-content\/uploads\/2021\/01\/BIO-T1200-ERICK-HAW.png?ssl=1\" data-tcjp-recalc-dims=\"1\"\/>\n<\/li>\n<\/ul>\n<\/div>\n<\/div>\n<p><script async=\"\" defer=\"\" crossorigin=\"anonymous\">(function(d, s, id) {\n          var js, fjs = d.getElementsByTagName(s)[0];\n          if (d.getElementById(id)) return;\n          js = d.createElement(s); js.id = id;\n          js.src = \"https:\/\/connect.facebook.net\/en_US\/sdk.js#xfbml=1&appId=&version=v10.0\";\n          fjs.parentNode.insertBefore(js, fjs);\n        }(document, 'script', 'facebook-jssdk'));<\/script><br \/>\n<br \/><\/p>\n<p><em> &#8221; Fuentes www.transponder1200.com &#8221; <\/em><\/p>\n","protected":false},"excerpt":{"rendered":"<p>Una mala interpretaci\u00f3n por parte de varias agencias de viaje, crearon el rumor de que Aerol\u00edneas Argentinas cerraba sus operaciones a Roma y Nueva York, lo que gener\u00f3 una gran cantidad de comentarios en redes sociales y cuestionamientos de los medios de comunicaci\u00f3n. En realidad, est\u00e1 suspendida la venta de boletos en su sistema para [&hellip;]<\/p>\n","protected":false},"author":4,"featured_media":0,"comment_status":"open","ping_status":"closed","sticky":false,"template":"","format":"standard","meta":{"om_disable_all_campaigns":false,"jnews-multi-image_gallery":[],"jnews_single_post":[],"jnews_primary_category":[],"jnews_social_meta":[],"footnotes":""},"categories":[40],"tags":[],"class_list":["post-115925","post","type-post","status-publish","format-standard","hentry","category-industria"],"_links":{"self":[{"href":"https:\/\/dimensionturistica.com\/es\/wp-json\/wp\/v2\/posts\/115925","targetHints":{"allow":["GET"]}}],"collection":[{"href":"https:\/\/dimensionturistica.com\/es\/wp-json\/wp\/v2\/posts"}],"about":[{"href":"https:\/\/dimensionturistica.com\/es\/wp-json\/wp\/v2\/types\/post"}],"author":[{"embeddable":true,"href":"https:\/\/dimensionturistica.com\/es\/wp-json\/wp\/v2\/users\/4"}],"replies":[{"embeddable":true,"href":"https:\/\/dimensionturistica.com\/es\/wp-json\/wp\/v2\/comments?post=115925"}],"version-history":[{"count":0,"href":"https:\/\/dimensionturistica.com\/es\/wp-json\/wp\/v2\/posts\/115925\/revisions"}],"wp:attachment":[{"href":"https:\/\/dimensionturistica.com\/es\/wp-json\/wp\/v2\/media?parent=115925"}],"wp:term":[{"taxonomy":"category","embeddable":true,"href":"https:\/\/dimensionturistica.com\/es\/wp-json\/wp\/v2\/categories?post=115925"},{"taxonomy":"post_tag","embeddable":true,"href":"https:\/\/dimensionturistica.com\/es\/wp-json\/wp\/v2\/tags?post=115925"}],"curies":[{"name":"wp","href":"https:\/\/api.w.org\/{rel}","templated":true}]}}