{"id":115919,"date":"2021-04-19T10:55:43","date_gmt":"2021-04-19T10:55:43","guid":{"rendered":"https:\/\/dimensionturistica.com\/es\/?p=115919"},"modified":"2021-04-19T10:55:44","modified_gmt":"2021-04-19T10:55:44","slug":"evelop-eleva-a-cinco-sus-vuelos-semanales-entre-madrid-punta-cana-a-partir-del-verano-noticias-de-turismo","status":"publish","type":"post","link":"https:\/\/dimensionturistica.com\/es\/evelop-eleva-a-cinco-sus-vuelos-semanales-entre-madrid-punta-cana-a-partir-del-verano-noticias-de-turismo\/","title":{"rendered":"Evelop eleva a cinco sus vuelos semanales entre Madrid-Punta Cana a partir del verano &#8211; Noticias de turismo"},"content":{"rendered":"<p> <br \/>\n<\/p>\n<div>\n<p style=\"font-weight: 400;\">La aerol\u00ednea espa\u00f1ola <strong>Evelop<\/strong>, de\u00a0<strong>\u00c1voris Corporaci\u00f3n Empresarial<\/strong>, contempla a partir del verano incrementar a cinco vuelos a la semana la ruta <strong>Madrid-Punta Cana<\/strong>, como parte de la alta demanda de viajeros de esa naci\u00f3n europea al destino dominicano y gracias\u00a0 a la efectividad de los protocolos de salubridad aplicados en el sector tur\u00edstico dominicano.<\/p>\n<p style=\"font-weight: 400;\"><a rel=\"nofollow noopener\" target=\"_blank\" href=\"https:\/\/www.arecoa.com\/wp-content\/uploads\/2021\/04\/DSC_5490-1.jpg\"><img decoding=\"async\" class=\"alignleft wp-image-131402\" src=\"https:\/\/www.arecoa.com\/wp-content\/uploads\/2021\/04\/DSC_5490-1.jpg\" alt=\"\" width=\"290\" height=\"405\" srcset=\"https:\/\/www.arecoa.com\/wp-content\/uploads\/2021\/04\/DSC_5490-1.jpg 3499w, https:\/\/www.arecoa.com\/wp-content\/uploads\/2021\/04\/DSC_5490-1-215x300.jpg 215w, https:\/\/www.arecoa.com\/wp-content\/uploads\/2021\/04\/DSC_5490-1-768x1072.jpg 768w, https:\/\/www.arecoa.com\/wp-content\/uploads\/2021\/04\/DSC_5490-1-733x1024.jpg 733w, https:\/\/www.arecoa.com\/wp-content\/uploads\/2021\/04\/DSC_5490-1-155x215.jpg 155w, https:\/\/www.arecoa.com\/wp-content\/uploads\/2021\/04\/DSC_5490-1-250x349.jpg 250w, https:\/\/www.arecoa.com\/wp-content\/uploads\/2021\/04\/DSC_5490-1-423x591.jpg 423w\" sizes=\"(max-width: 290px) 100vw, 290px\" \/><\/a>A partir de junio de 2021, los nuevos planes incluyen, adem\u00e1s, la apertura de tres vuelos semanales desde <strong>Portugal<\/strong>, dos de <strong>Lisboa<\/strong> y la novedad destacada de uno desde <strong>Oporto<\/strong> con aviones de 400 asientos<strong>,<\/strong>\u00a0lo que refrenda la decidida apuesta de \u00c1voris por el destino, seg\u00fan indic\u00f3 <strong>Fernando Bravo,<\/strong> director comercial de la empresa.<\/p>\n<p style=\"font-weight: 400;\">Valor\u00f3 asimismo la apertura de los nuevos vuelos como un paso para estudiar otras alternativas de integrar a la capital <strong>Santo Domingo<\/strong> y a\u00f1adir otras provincias en los planes de \u00c1voris, dado el gran potencial de turismo interno y recursos naturales con que cuenta el pa\u00eds caribe\u00f1o, aspectos que atraen a turistas espa\u00f1oles.<\/p>\n<p style=\"font-weight: 400;\">Resalt\u00f3 la efectividad en la aplicaci\u00f3n de los protocolos implementados por las autoridades y el <strong>Ministerio de Turismo<\/strong> como respuesta a la pandemia en el sector tur\u00edstico, en las visitas por los aeropuertos, instalaciones hoteleras, zonas costeras, monumentos emblem\u00e1ticos y la Ciudad Colonial de Santo Domingo, entre otros puntos tur\u00edsticos.<\/p>\n<p style=\"font-weight: 400;\">\u201cRep\u00fablica Dominicana, tal como hemos podido comprobar a lo largo de esta semana, todos los protocolos han sido muy estrictos y esa va a ser la m\u00e1xima valoraci\u00f3n a la hora de nosotros vender el producto por lo que hemos apostado a la inclusi\u00f3n de m\u00e1s vuelos para este verano\u201d, afirm\u00f3 Bravo.<\/p>\n<p style=\"font-weight: 400;\">El ejecutivo de \u00c1voris hizo el anuncio al pronunciar palabras de apertura durante la Capacitaci\u00f3n de e-Ticket, dirigida al grupo, sobre el nuevo sistema digital de llenado de formulario de entrada y salida de pasajeros por v\u00eda a\u00e9rea desde y hacia Rep\u00fablica Dominicana.<\/p>\n<p style=\"font-weight: 400;\">En la misma, los participantes conocieron los distintos pasos a seguir en el llenado del nuevo documento digital a la hora de entrar y salir por las principales terminales a\u00e9reas del pa\u00eds, y que comprende completar los datos de Informaci\u00f3n Migratoria y Aduanera, as\u00ed como el Formulario de Salud P\u00fablica y guardado del C\u00f3digo QR, entre otros aspectos.<\/p>\n<p style=\"font-weight: 400;\">Expres\u00f3 la satisfacci\u00f3n del Grupo de 52 profesionales, entre agentes de viajes y periodistas especializados en turismo, que agotan una agenda de actividades de siete d\u00edas en el primer Mega Fam Journey \u201cRep\u00fablica Dominicana Destino Seguro y Turismo Responsable\u201d, evento que ha servido para encontrar una diversidad de experiencias en sus recorridos por los principales puntos tur\u00edsticos del pa\u00eds.<\/p>\n<p><!-- AddThis Advanced Settings above via filter on the_content --><!-- AddThis Advanced Settings below via filter on the_content --><!-- AddThis Advanced Settings generic via filter on the_content --><!-- AddThis Share Buttons above via filter on the_content --><!-- AddThis Share Buttons below via filter on the_content --><!-- AddThis Share Buttons generic via filter on the_content --><\/div>\n\n<p><em> &#8221; Fuentes www.arecoa.com &#8221; <\/em><\/p>\n","protected":false},"excerpt":{"rendered":"<p>La aerol\u00ednea espa\u00f1ola Evelop, de\u00a0\u00c1voris Corporaci\u00f3n Empresarial, contempla a partir del verano incrementar a cinco vuelos a la semana la ruta Madrid-Punta Cana, como parte de la alta demanda de viajeros de esa naci\u00f3n europea al destino dominicano y gracias\u00a0 a la efectividad de los protocolos de salubridad aplicados en el sector tur\u00edstico dominicano. A [&hellip;]<\/p>\n","protected":false},"author":4,"featured_media":115920,"comment_status":"open","ping_status":"closed","sticky":false,"template":"","format":"standard","meta":{"om_disable_all_campaigns":false,"jnews-multi-image_gallery":[],"jnews_single_post":[],"jnews_primary_category":[],"jnews_social_meta":[],"footnotes":""},"categories":[40],"tags":[],"class_list":["post-115919","post","type-post","status-publish","format-standard","has-post-thumbnail","hentry","category-industria"],"_links":{"self":[{"href":"https:\/\/dimensionturistica.com\/es\/wp-json\/wp\/v2\/posts\/115919","targetHints":{"allow":["GET"]}}],"collection":[{"href":"https:\/\/dimensionturistica.com\/es\/wp-json\/wp\/v2\/posts"}],"about":[{"href":"https:\/\/dimensionturistica.com\/es\/wp-json\/wp\/v2\/types\/post"}],"author":[{"embeddable":true,"href":"https:\/\/dimensionturistica.com\/es\/wp-json\/wp\/v2\/users\/4"}],"replies":[{"embeddable":true,"href":"https:\/\/dimensionturistica.com\/es\/wp-json\/wp\/v2\/comments?post=115919"}],"version-history":[{"count":0,"href":"https:\/\/dimensionturistica.com\/es\/wp-json\/wp\/v2\/posts\/115919\/revisions"}],"wp:featuredmedia":[{"embeddable":true,"href":"https:\/\/dimensionturistica.com\/es\/wp-json\/wp\/v2\/media\/115920"}],"wp:attachment":[{"href":"https:\/\/dimensionturistica.com\/es\/wp-json\/wp\/v2\/media?parent=115919"}],"wp:term":[{"taxonomy":"category","embeddable":true,"href":"https:\/\/dimensionturistica.com\/es\/wp-json\/wp\/v2\/categories?post=115919"},{"taxonomy":"post_tag","embeddable":true,"href":"https:\/\/dimensionturistica.com\/es\/wp-json\/wp\/v2\/tags?post=115919"}],"curies":[{"name":"wp","href":"https:\/\/api.w.org\/{rel}","templated":true}]}}