{"id":115913,"date":"2021-04-19T10:45:21","date_gmt":"2021-04-19T10:45:21","guid":{"rendered":"https:\/\/dimensionturistica.com\/es\/?p=115913"},"modified":"2021-04-19T10:45:21","modified_gmt":"2021-04-19T10:45:21","slug":"asi-seran-las-ofertas-de-la-junta-de-andalucia-para-dinamizar-el-turismo","status":"publish","type":"post","link":"https:\/\/dimensionturistica.com\/es\/asi-seran-las-ofertas-de-la-junta-de-andalucia-para-dinamizar-el-turismo\/","title":{"rendered":"As\u00ed ser\u00e1n las ofertas de la Junta de Andaluc\u00eda para dinamizar el turismo"},"content":{"rendered":"<p> <br \/>\n<\/p>\n<div>\n<p>La <strong>Consejer\u00eda de Turismo de la Junta de Andaluc\u00eda<\/strong> ha organizado una serie de viajes para las agencias receptivas de la comunidad, con el objetivo de que conozcan de primera mano las ofertas de las ocho provincias andaluzas y as\u00ed ayudar a la vuelta del <strong>turismo<\/strong> interno tras el Coronavirus.<\/p>\n<p>Un whole de ocho acciones se llevar\u00e1n a cabo con este formato, una por provincia desde el mes de abril hasta julio, dirigi\u00e9ndose en cada caso a profesionales de territorios lim\u00edtrofes para aprovechar el inter\u00e9s detectado en el contexto precise por las escapadas a destinos cercanos.<\/p>\n<p>De esta manera, este mes de abril se est\u00e1 llevando a cabo un recorrido por distintos puntos de Huelva con agentes de C\u00e1diz y Sevilla;\u00a0as\u00ed como otro itinerario por Almer\u00eda con intermediarios de M\u00e1laga, Ja\u00e9n y Granada, con la participaci\u00f3n de cerca de una decena de personas en ambos casos.<\/p>\n<p>Estas acciones van dentro del Plan de Choque puesto en marcha por la Consejer\u00eda de Turismo y Deporte de la Junta de Andaluc\u00eda. En todos los casos, se incidir\u00e1 en productos novedosos de cada zona para que se incorporen al portafolio de las agencias participantes.<\/p>\n<h2>Actuaciones para fomentar el turismo en Andaluc\u00eda<\/h2>\n<p>Por su parte, casi 50 profesionales del sector del <a rel=\"nofollow noopener\" target=\"_blank\" href=\"https:\/\/www.tododisca.com\/turismo-accesible-que-es-quien-destinado\/\">turismo en Andaluc\u00eda<\/a> supervisar\u00e1n por toda la comunidad las acciones inversas\u00a0que tienen lugar durante este mes de abril en el destino, actuaciones que cuentan con la colaboraci\u00f3n de los respectivos patronatos provinciales.<\/p>\n<p>Durante este pasado fin de semana se han celebrado tres \u2018post tour\u2019 relacionados con el foro \u2018Resintoniza Andaluc\u00eda\u2019, que se celebr\u00f3 en Ja\u00e9n. Con la participaci\u00f3n en conjunto de m\u00e1s de una treintena de agentes, visitar\u00e1n las provincias de Almer\u00eda, Granada y Ja\u00e9n.<\/p>\n<figure id=\"attachment_64267\" aria-describedby=\"caption-attachment-64267\" style=\"width: 1140px\" class=\"wp-caption alignnone\"><img decoding=\"async\" loading=\"lazy\" class=\"size-jnews-1140x815 wp-image-64267\" src=\"https:\/\/www.tododisca.com\/wp-content\/uploads\/2021\/04\/turismo-accesible-Andalucia-discapacidad-playa-1140x740.jpg\" alt=\"turismo accesible Andaluc\u00eda discapacidad playa\" width=\"1140\" height=\"740\"\/><figcaption id=\"caption-attachment-64267\" class=\"wp-caption-text\">Turismo accesible en Andaluc\u00eda<\/figcaption><\/figure>\n<p>As\u00ed, los itinerarios estar\u00e1n centrados en la<a rel=\"nofollow noopener\" target=\"_blank\" href=\"https:\/\/www.tododisca.com\/andalucia-turismo-accesible-discapacidad\/\"> oferta cultural, gastron\u00f3mica y de interior<\/a>, con recorridos por el Altiplano de Granada, \u00dabeda y Baeza, el Parque Pure de Despe\u00f1aperros, el Valle del Almanzora y la Sierra de los Filabres, entre otros enclaves.<\/p>\n<p>El resto de viajes de familiarizaci\u00f3n programados durante ese mes contemplan visitas de periodistas y prescriptores, que posteriormente publicar\u00e1n contenido relacionado con productos como senderismo, turismo acquainted, turismo rural, sol y playa y turismo responsable.<\/p>\n<h2 class=\"jeg_post_title\">La Junta de Andaluc\u00eda se vuelca en las ayudas al turismo<\/h2>\n<p>La\u00a0<strong>Junta de Andaluc\u00eda<\/strong> sigue con su compromiso de ayudar al <strong>turismo<\/strong>\u00a0en la comunidad en estos momentos tan dif\u00edciles. Por este motivo, el \u00faltimo paquete de ayudas impulsado por la Junta de Juanma Moreno ha propuesto ayudar a casas rurales, empresas tur\u00edsticas, agencias y gu\u00edas tur\u00edsticos a los que se les conceder\u00e1n ayudas de 3.000 euros hasta agotar los 32,2 millones de presupuesto.<\/p>\n<p>Seg\u00fan ha se\u00f1alado la delegada territorial de Turismo en M\u00e1laga, Nuria Rodr\u00edguez, este paquete de ayudas ya est\u00e1 anunciado en el BOJA y es cuesti\u00f3n de tiempo que se puedan solicitar dichas ayudas. De esta manera, Rodr\u00edguez pronostica que ser\u00e1 dentro de dos semanas cuando se publique este extracto y ha pedido a los andaluces que est\u00e9n atentos para poder solicitar estas ayudas, que se otorgar\u00e1n por orden de solicitud.<\/p>\n<p>Estos 32,5 millones de euros se reparten en 9,9 millones de euros para las casas rurales, 3,7 millones a las empresas de turismo activo y 13,7 a gu\u00edas tur\u00edsticos y 5,2 millones para las agencias de viajes de toda Andaluc\u00eda. Por su parte, en M\u00e1laga se podr\u00edan acoger 1.839 casas rurales, 322 empresas tur\u00edsticas; 584 agencias de viajes y 877 gu\u00edas tur\u00edsticos que est\u00e1n inscritos en el Registro de Turismo de Andaluc\u00eda.<\/p>\n<p>De esta manera, este ser\u00e1 el \u00fanico requisito indispensable para poder acceder a estas ayudas que pretenden incentivar el turismo en Andaluc\u00eda. Este paquete solo\u00a0<a rel=\"nofollow noopener\" target=\"_blank\" href=\"https:\/\/www.tododisca.com\/turismo-andalucia-mejores-ofertas-visitar-cadiz\/\">cubrir\u00e1 los gastos corrientes y de movilidad en el caso de los gu\u00edas tur\u00edsticos<\/a>. De esta manera, la delegada territorial de Turismo ha instado a los malague\u00f1os que vayan recopilando facturas y otros elementos que justifiquen la obtenci\u00f3n de la ayuda para que puedan solicitarla lo antes posible.<\/p>\n<\/p><\/div>\n\n<p><em> &#8221; Fuentes www.tododisca.com &#8221; <\/em><\/p>\n","protected":false},"excerpt":{"rendered":"<p>La Consejer\u00eda de Turismo de la Junta de Andaluc\u00eda ha organizado una serie de viajes para las agencias receptivas de la comunidad, con el objetivo de que conozcan de primera mano las ofertas de las ocho provincias andaluzas y as\u00ed ayudar a la vuelta del turismo interno tras el Coronavirus. Un whole de ocho acciones [&hellip;]<\/p>\n","protected":false},"author":4,"featured_media":115914,"comment_status":"open","ping_status":"closed","sticky":false,"template":"","format":"standard","meta":{"om_disable_all_campaigns":false,"jnews-multi-image_gallery":[],"jnews_single_post":[],"jnews_primary_category":[],"jnews_social_meta":[],"footnotes":""},"categories":[40],"tags":[],"class_list":["post-115913","post","type-post","status-publish","format-standard","has-post-thumbnail","hentry","category-industria"],"_links":{"self":[{"href":"https:\/\/dimensionturistica.com\/es\/wp-json\/wp\/v2\/posts\/115913","targetHints":{"allow":["GET"]}}],"collection":[{"href":"https:\/\/dimensionturistica.com\/es\/wp-json\/wp\/v2\/posts"}],"about":[{"href":"https:\/\/dimensionturistica.com\/es\/wp-json\/wp\/v2\/types\/post"}],"author":[{"embeddable":true,"href":"https:\/\/dimensionturistica.com\/es\/wp-json\/wp\/v2\/users\/4"}],"replies":[{"embeddable":true,"href":"https:\/\/dimensionturistica.com\/es\/wp-json\/wp\/v2\/comments?post=115913"}],"version-history":[{"count":0,"href":"https:\/\/dimensionturistica.com\/es\/wp-json\/wp\/v2\/posts\/115913\/revisions"}],"wp:featuredmedia":[{"embeddable":true,"href":"https:\/\/dimensionturistica.com\/es\/wp-json\/wp\/v2\/media\/115914"}],"wp:attachment":[{"href":"https:\/\/dimensionturistica.com\/es\/wp-json\/wp\/v2\/media?parent=115913"}],"wp:term":[{"taxonomy":"category","embeddable":true,"href":"https:\/\/dimensionturistica.com\/es\/wp-json\/wp\/v2\/categories?post=115913"},{"taxonomy":"post_tag","embeddable":true,"href":"https:\/\/dimensionturistica.com\/es\/wp-json\/wp\/v2\/tags?post=115913"}],"curies":[{"name":"wp","href":"https:\/\/api.w.org\/{rel}","templated":true}]}}