{"id":115905,"date":"2021-04-19T10:28:54","date_gmt":"2021-04-19T10:28:54","guid":{"rendered":"https:\/\/dimensionturistica.com\/es\/?p=115905"},"modified":"2021-04-19T10:28:54","modified_gmt":"2021-04-19T10:28:54","slug":"boris-johnson-cancela-su-viaje-a-la-india-ante-la-gravedad-de-la-pandemia","status":"publish","type":"post","link":"https:\/\/dimensionturistica.com\/es\/boris-johnson-cancela-su-viaje-a-la-india-ante-la-gravedad-de-la-pandemia\/","title":{"rendered":"Boris Johnson cancela su viaje a la India ante la gravedad de la pandemia"},"content":{"rendered":"<p> <br \/>\n<\/p>\n<div>\n<div class=\"visual__image  image_container\"><img decoding=\"async\" alt=\"Calcuta (India). EFE\/EPA\/PIYAL ADHIKARY&#13;&#10;\" height=\"2362\" width=\"3543\" src=\"https:\/\/www.infobae.com\/new-resizer\/uRWrkVMjvak0Zost1sLx0kdgjDg=\/420x280\/filters:format(jpg):quality(85)\/cloudfront-us-east-1.images.arcpublishing.com\/infobae\/76EF67EBHVCTNPRY7G57CRP4XM.jpg\" srcset=\"https:\/\/www.infobae.com\/new-resizer\/uRWrkVMjvak0Zost1sLx0kdgjDg=\/420x280\/filters:format(jpg):quality(85)\/cloudfront-us-east-1.images.arcpublishing.com\/infobae\/76EF67EBHVCTNPRY7G57CRP4XM.jpg 420w,https:\/\/www.infobae.com\/new-resizer\/wtv4Zfe4bb0zsjoafeypoe4WHj4=\/768x512\/filters:format(jpg):quality(85)\/cloudfront-us-east-1.images.arcpublishing.com\/infobae\/76EF67EBHVCTNPRY7G57CRP4XM.jpg 768w,https:\/\/www.infobae.com\/new-resizer\/rFibR2vcGbKaJYctwlaDmMKqVIw=\/992x661\/filters:format(jpg):quality(85)\/cloudfront-us-east-1.images.arcpublishing.com\/infobae\/76EF67EBHVCTNPRY7G57CRP4XM.jpg 992w,https:\/\/www.infobae.com\/new-resizer\/iPAutcjG7N6NL-cEEkCJm0GJNrU=\/1200x800\/filters:format(jpg):quality(85)\/cloudfront-us-east-1.images.arcpublishing.com\/infobae\/76EF67EBHVCTNPRY7G57CRP4XM.jpg 1200w\" sizes=\"auto, (min-width: 800px) 50vw, 90vw\" loading=\"lazy\"\/><figcaption>Calcuta (India). EFE\/EPA\/PIYAL ADHIKARY&#13;<br \/>\n<\/figcaption><\/div>\n<p class=\"paragraph\">Londres, 19 abr (EFE).- El primer ministro brit\u00e1nico, Boris Johnson, ha cancelado su viaje a la India, previsto para la semana pr\u00f3xima, debido a &#8220;la actual situaci\u00f3n del coronavirus&#8221; en el pa\u00eds, que atraviesa una virulenta segunda ola de la pandemia, informaron este lunes ambos gobiernos.<br \/>La India super\u00f3 este lunes los quince millones de infecciones de coronavirus desde el inicio de la pandemia tras registrar un nuevo m\u00e1ximo diario tanto de infecciones como de fallecimientos, dentro de una virulenta segunda ola.<br \/>En un comunicado conjunto, se precisa que Johnson y su hom\u00f3logo indio, Narendra Modi, hablar\u00e1n este mes sobre &#8220;la futura asociaci\u00f3n entre el Reino Unido y la India&#8221;, que aspiran a reforzar su relaci\u00f3n comercial tras la salida brit\u00e1nica de la Uni\u00f3n Europea.<\/p>\n<\/div>\n<p><script defer=\"\">!function(f,b,e,v,n,t,s) {if(f.fbq)return;n=f.fbq=function(){n.callMethod? n.callMethod.apply(n,arguments):n.queue.push(arguments)}; if(!f._fbq)f._fbq=n;n.push=n;n.loaded=!0;n.version='2.0'; n.queue=[];t=b.createElement(e);t.async=!0; t.src=v;s=b.getElementsByTagName(e)[0]; s.parentNode.insertBefore(t,s)}(window, document,'script', 'https:\/\/connect.facebook.net\/en_US\/fbevents.js'); fbq('init', '336383993555320'); fbq('track', 'PageView'); fbq('track', 'ViewContent');<\/script><br \/>\n<br \/><\/p>\n<p><em> &#8221; Fuentes www.infobae.com &#8221; <\/em><\/p>\n","protected":false},"excerpt":{"rendered":"<p>Calcuta (India). EFE\/EPA\/PIYAL ADHIKARY&#13; Londres, 19 abr (EFE).- El primer ministro brit\u00e1nico, Boris Johnson, ha cancelado su viaje a la India, previsto para la semana pr\u00f3xima, debido a &#8220;la actual situaci\u00f3n del coronavirus&#8221; en el pa\u00eds, que atraviesa una virulenta segunda ola de la pandemia, informaron este lunes ambos gobiernos.La India super\u00f3 este lunes los [&hellip;]<\/p>\n","protected":false},"author":4,"featured_media":115906,"comment_status":"open","ping_status":"closed","sticky":false,"template":"","format":"standard","meta":{"om_disable_all_campaigns":false,"jnews-multi-image_gallery":[],"jnews_single_post":[],"jnews_primary_category":[],"jnews_social_meta":[],"footnotes":""},"categories":[40],"tags":[],"class_list":["post-115905","post","type-post","status-publish","format-standard","has-post-thumbnail","hentry","category-industria"],"_links":{"self":[{"href":"https:\/\/dimensionturistica.com\/es\/wp-json\/wp\/v2\/posts\/115905","targetHints":{"allow":["GET"]}}],"collection":[{"href":"https:\/\/dimensionturistica.com\/es\/wp-json\/wp\/v2\/posts"}],"about":[{"href":"https:\/\/dimensionturistica.com\/es\/wp-json\/wp\/v2\/types\/post"}],"author":[{"embeddable":true,"href":"https:\/\/dimensionturistica.com\/es\/wp-json\/wp\/v2\/users\/4"}],"replies":[{"embeddable":true,"href":"https:\/\/dimensionturistica.com\/es\/wp-json\/wp\/v2\/comments?post=115905"}],"version-history":[{"count":0,"href":"https:\/\/dimensionturistica.com\/es\/wp-json\/wp\/v2\/posts\/115905\/revisions"}],"wp:featuredmedia":[{"embeddable":true,"href":"https:\/\/dimensionturistica.com\/es\/wp-json\/wp\/v2\/media\/115906"}],"wp:attachment":[{"href":"https:\/\/dimensionturistica.com\/es\/wp-json\/wp\/v2\/media?parent=115905"}],"wp:term":[{"taxonomy":"category","embeddable":true,"href":"https:\/\/dimensionturistica.com\/es\/wp-json\/wp\/v2\/categories?post=115905"},{"taxonomy":"post_tag","embeddable":true,"href":"https:\/\/dimensionturistica.com\/es\/wp-json\/wp\/v2\/tags?post=115905"}],"curies":[{"name":"wp","href":"https:\/\/api.w.org\/{rel}","templated":true}]}}