{"id":115885,"date":"2021-04-19T10:06:25","date_gmt":"2021-04-19T10:06:25","guid":{"rendered":"https:\/\/dimensionturistica.com\/es\/?p=115885"},"modified":"2021-04-19T10:06:26","modified_gmt":"2021-04-19T10:06:26","slug":"aehm-y-la-camara-de-comercio-de-madrid-apuestan-por-la-formacion","status":"publish","type":"post","link":"https:\/\/dimensionturistica.com\/es\/aehm-y-la-camara-de-comercio-de-madrid-apuestan-por-la-formacion\/","title":{"rendered":"AEHM y la C\u00e1mara de Comercio de Madrid apuestan por la formaci\u00f3n"},"content":{"rendered":"<p> <br \/>\n<\/p>\n<div>\n<div class=\"td-post-featured-image\"><a rel=\"nofollow noopener\" target=\"_blank\" href=\"https:\/\/tecnohotelnews.com\/wp-content\/uploads\/2021\/04\/camara-comercio-madrid-aehm-acuerdo.jpg\" data-caption=\"\"><img decoding=\"async\" width=\"696\" height=\"464\" class=\"entry-thumb td-modal-image\" src=\"https:\/\/tecnohotelnews.com\/wp-content\/uploads\/2021\/04\/camara-comercio-madrid-aehm-acuerdo-696x464.jpg\" srcset=\"https:\/\/tecnohotelnews.com\/wp-content\/uploads\/2021\/04\/camara-comercio-madrid-aehm-acuerdo-696x464.jpg 696w, https:\/\/tecnohotelnews.com\/wp-content\/uploads\/2021\/04\/camara-comercio-madrid-aehm-acuerdo-300x200.jpg 300w, https:\/\/tecnohotelnews.com\/wp-content\/uploads\/2021\/04\/camara-comercio-madrid-aehm-acuerdo-1024x683.jpg 1024w, https:\/\/tecnohotelnews.com\/wp-content\/uploads\/2021\/04\/camara-comercio-madrid-aehm-acuerdo-768x512.jpg 768w, https:\/\/tecnohotelnews.com\/wp-content\/uploads\/2021\/04\/camara-comercio-madrid-aehm-acuerdo-1536x1025.jpg 1536w, https:\/\/tecnohotelnews.com\/wp-content\/uploads\/2021\/04\/camara-comercio-madrid-aehm-acuerdo-346x230.jpg 346w, https:\/\/tecnohotelnews.com\/wp-content\/uploads\/2021\/04\/camara-comercio-madrid-aehm-acuerdo-1068x713.jpg 1068w, https:\/\/tecnohotelnews.com\/wp-content\/uploads\/2021\/04\/camara-comercio-madrid-aehm-acuerdo.jpg 1920w\" sizes=\"(max-width: 696px) 100vw, 696px\" alt=\"c\u00e1mara comercio madrid aehm colaboraci\u00f3n\" title=\"camara-comercio-madrid-aehm-acuerdo\"\/><\/a><\/div>\n<p>La <strong>Asociaci\u00f3n Empresarial Hotelera de Madrid<\/strong> (AEHM) y la <strong>C\u00e1mara Oficial de Comercio, Industria y Servicios de Madrid<\/strong> han firmado un <strong>convenio de colaboraci\u00f3n<\/strong>. El objetivo de esta uni\u00f3n es establecer l\u00edneas de actuaci\u00f3n entre ambas entidades para poner a disposici\u00f3n de AEHM las acciones de formaci\u00f3n especializada en materia hotelera y tur\u00edstica para cubrir las necesidades de sus asociados.<\/p>\n<p>A trav\u00e9s de este acuerdo, la C\u00e1mara <strong>pone a disposici\u00f3n de AEHM su Instituto de Formaci\u00f3n Empresarial<\/strong> (IFE) como facilitador de un servicio world de formaci\u00f3n especializada en su modalidad presencial, aula digital y on-line.<\/p>\n<p>Adem\u00e1s, la C\u00e1mara de Comercio de Madrid tambi\u00e9n ofrece a la entidad <strong>su servicio de bolsa de empleo<\/strong>, para cubrir, en la medida de lo posible, las necesidades del private y alumnos en pr\u00e1cticas de sus empresas asociadas.<\/p>\n<h2>La formaci\u00f3n, clave para superar los retos venideros de la industria<\/h2>\n<p>Para AEHM, la formaci\u00f3n es \u201cclave\u201d para impulsar el turismo y para una reactivaci\u00f3n <strong>\u201cfuerte y sostenible\u201d del sector<\/strong>, uno de los m\u00e1s afectados por la pandemia. Tal y como aseguran desde la firma, \u201ces necesario aplicar medidas enfocadas a generar un valor a\u00f1adido\u201d.<\/p>\n<p>En esta l\u00ednea, una de sus prioridades es la <a rel=\"nofollow noopener\" target=\"_blank\" href=\"https:\/\/tecnohotelnews.com\/2021\/03\/29\/formacion-sector-hotelero-millones-aedh-fundacion-finnova\/\">mejora de la formaci\u00f3n<\/a> y cualificaci\u00f3n especializada y actualizada de sus profesionales para <strong>ofrecer un servicio competitivo y de calidad<\/strong>.<\/p>\n<p>Asimismo, la Asociaci\u00f3n considera que, gracias a este tipo de colaboraciones, el sector afronta con \u00e9xito los retos futuros,<strong> promoviendo la capacitaci\u00f3n de los profesionales<\/strong>, potenciando sus habilidades y, por tanto, las competencias m\u00e1s demandadas en la industria.<\/p>\n<p>En este sentido, se\u00f1ala que, aparte de aspectos \u201ctan importantes\u201d como la sostenibilidad, la seguridad o la digitalizaci\u00f3n para la reactivaci\u00f3n del sector, la formaci\u00f3n cobra especial relevancia para una mayor competitividad y para <strong>satisfacer las demandas de un cliente \u201ccada vez m\u00e1s exigente\u201d<\/strong>.<\/p>\n<\/p><\/div>\n\n<p><em> &#8221; Fuentes tecnohotelnews.com &#8221; <\/em><\/p>\n","protected":false},"excerpt":{"rendered":"<p>La Asociaci\u00f3n Empresarial Hotelera de Madrid (AEHM) y la C\u00e1mara Oficial de Comercio, Industria y Servicios de Madrid han firmado un convenio de colaboraci\u00f3n. El objetivo de esta uni\u00f3n es establecer l\u00edneas de actuaci\u00f3n entre ambas entidades para poner a disposici\u00f3n de AEHM las acciones de formaci\u00f3n especializada en materia hotelera y tur\u00edstica para cubrir [&hellip;]<\/p>\n","protected":false},"author":4,"featured_media":115886,"comment_status":"open","ping_status":"closed","sticky":false,"template":"","format":"standard","meta":{"om_disable_all_campaigns":false,"jnews-multi-image_gallery":[],"jnews_single_post":[],"jnews_primary_category":[],"jnews_social_meta":[],"footnotes":""},"categories":[40],"tags":[],"class_list":["post-115885","post","type-post","status-publish","format-standard","has-post-thumbnail","hentry","category-industria"],"_links":{"self":[{"href":"https:\/\/dimensionturistica.com\/es\/wp-json\/wp\/v2\/posts\/115885","targetHints":{"allow":["GET"]}}],"collection":[{"href":"https:\/\/dimensionturistica.com\/es\/wp-json\/wp\/v2\/posts"}],"about":[{"href":"https:\/\/dimensionturistica.com\/es\/wp-json\/wp\/v2\/types\/post"}],"author":[{"embeddable":true,"href":"https:\/\/dimensionturistica.com\/es\/wp-json\/wp\/v2\/users\/4"}],"replies":[{"embeddable":true,"href":"https:\/\/dimensionturistica.com\/es\/wp-json\/wp\/v2\/comments?post=115885"}],"version-history":[{"count":0,"href":"https:\/\/dimensionturistica.com\/es\/wp-json\/wp\/v2\/posts\/115885\/revisions"}],"wp:featuredmedia":[{"embeddable":true,"href":"https:\/\/dimensionturistica.com\/es\/wp-json\/wp\/v2\/media\/115886"}],"wp:attachment":[{"href":"https:\/\/dimensionturistica.com\/es\/wp-json\/wp\/v2\/media?parent=115885"}],"wp:term":[{"taxonomy":"category","embeddable":true,"href":"https:\/\/dimensionturistica.com\/es\/wp-json\/wp\/v2\/categories?post=115885"},{"taxonomy":"post_tag","embeddable":true,"href":"https:\/\/dimensionturistica.com\/es\/wp-json\/wp\/v2\/tags?post=115885"}],"curies":[{"name":"wp","href":"https:\/\/api.w.org\/{rel}","templated":true}]}}