{"id":115802,"date":"2021-04-19T06:16:37","date_gmt":"2021-04-19T06:16:37","guid":{"rendered":"https:\/\/dimensionturistica.com\/es\/?p=115802"},"modified":"2021-04-19T06:16:37","modified_gmt":"2021-04-19T06:16:37","slug":"tjue-baja-las-costas-judiciales-que-reclama-frontex-a-una-activista-espanola","status":"publish","type":"post","link":"https:\/\/dimensionturistica.com\/es\/tjue-baja-las-costas-judiciales-que-reclama-frontex-a-una-activista-espanola\/","title":{"rendered":"TJUE baja las costas judiciales que reclama Frontex a una activista espa\u00f1ola"},"content":{"rendered":"<p> <br \/>\n<\/p>\n<div id=\"\">\n<span class=\"show-for-sr\">Este contenido fue publicado el 19 abril 2021 &#8211; 05:58<\/span><br \/>\n<time class=\"si-detail__date\" datetime=\"2021-04-19T05:58:42+02:00\"><br \/>\n<span aria-hidden=\"true\">19 abril 2021 &#8211; 05:58<\/span><br \/>\n<\/time><\/p>\n<address class=\"si-detail__author\" data-uk-scrollspy=\"hidden: false; repeat: true; offset-top: -50\">\n<\/address>\n<p>Bruselas, 19 abr (EFE).- El Tribunal de Justicia de la Uni\u00f3n Europea (TJUE) determin\u00f3 que la espa\u00f1ola Luisa Izuzquiza y su compa\u00f1ero Arne Semsrott, que llevaron a Frontex a juicio en busca de informaci\u00f3n sobre los barcos que opera en el Mediterr\u00e1neo, deber\u00e1n pagar a esta agencia 10.520 euros en costas judiciales por este proceso, menos de la mitad de lo que les reclamaba en un principio.<\/p>\n<p>La Agencia Europea de la Guardia de Fronteras y Costas (Frontex) les hab\u00eda exigido inicialmente 23.700 euros en concepto de costas legales por el juicio en el que Izuzquiza y Semsrott le ped\u00edan m\u00e1s transparencia en sus operaciones en el Mediterr\u00e1neo, y en concreto informaci\u00f3n sobre el nombre, bandera y tipo de barco desplegado en el Mediterr\u00e1neo central bajo la Operaci\u00f3n Trit\u00f3n entre el 1 de junio y el 30 de agosto de 2017.<\/p>\n<p>La justicia comunitaria fall\u00f3 en favor de la agencia al compartir sus alegaciones de que se trataba de informaci\u00f3n confidencial y conden\u00f3 a Izuzquiza y Semsrott a correr con las costas judiciales de 23.700 euros.<\/p>\n<p>Cuando los activistas rechazaron el pago, fue la propia agencia, con un presupuesto de 5.600 millones de euros entre 2021 y 2027, la que reclam\u00f3 esta cantidad en el tribunal europeo, quien finalmente ha limitado el pago a ten.520 euros al considerar que Frontex hab\u00eda incluido en su demanda gastos no justificados.<\/p>\n<p>El auto del tribunal apunta a que Frontex reclam\u00f3 ciertos gastos de viaje &#8220;sin dar la m\u00e1s m\u00ednima explicaci\u00f3n sobre su objetivo o por qu\u00e9 eran necesarios&#8221; y cuestion\u00f3 tambi\u00e9n el n\u00famero de horas que el abogado de Frontex contratado para el caso declar\u00f3 haber trabajado, &#8220;m\u00e1s elevado de lo que se podr\u00eda considerar necesario&#8221; para prepararlo.<\/p>\n<p>Un portavoz de Frontex se\u00f1al\u00f3, cuestionado por Efe por el caso, que es el tribunal el que fija estas costas y a qui\u00e9n le corresponde abonarlas y se\u00f1al\u00f3 que acogen su decisi\u00f3n, contra la que no cabe recurso por ninguna de las partes.<\/p>\n<p>LOS ACTIVISTAS VEN UNA INTENCI\u00d3N INTIMIDATORIA<\/p>\n<p>&#8220;La intenci\u00f3n de Frontex al imponer esta denuncia era evidente: impedirnos -a nosotros o a cualquier otra persona u organizaci\u00f3n- llevarles a juicio de nuevo&#8221;, se\u00f1alaron Izuzquiza y Semsrott tras hacerse p\u00fablica la decisi\u00f3n del tribunal, al tiempo que consideraron que la demanda no period una cuesti\u00f3n de &#8220;necesidad financiera&#8221; sino &#8220;un gesto intimidatorio&#8221; para amedrentar a la sociedad civil.<\/p>\n<p>Habitualmente, se\u00f1ala Izuzquiza, las tres instituciones principales de la Uni\u00f3n Europea (Parlamento, Comisi\u00f3n y Consejo) no suelen reclamar las costas legales tras ganarle un juicio a un miembro de la sociedad civil o a una ONG, aunque reconoce que hay menos certeza sobre las pr\u00e1cticas de las agencias comunitarias.<\/p>\n<p>&#8220;Los intentos de Frontex de silenciar a sus cr\u00edticos a trav\u00e9s de juicios costosos deber\u00eda hacer sonar todas las alarmas. Mientras tanto, la sociedad civil se encuentra desprotegida por la falta de una normativa europea que limite la cantidad de costas recuperables&#8221;, advirtieron los activistas, que prometieron continuar con su batalla authorized contra esta agencia.<\/p>\n<p>Frontex se halla inmersa en un esc\u00e1ndalo por supuestas devoluciones ilegales de migrantes en la frontera mar\u00edtima entre Turqu\u00eda y Grecia, y ha despertado recientemente cr\u00edticas por su escasa transparencia en reuniones con grupos de presi\u00f3n en plena expansi\u00f3n de su presupuesto y capacidades. EFE<\/p>\n<p>lzu\/cat\/jac<\/p>\n<p>(M\u00e1s informaci\u00f3n sobre la Uni\u00f3n Europea en euroefe.euractiv.es)<\/p>\n<p>\u00a9 EFE 2021. Est\u00e1 expresamente prohibida la redistribuci\u00f3n y la redifusi\u00f3n de todo o parte de los contenidos de los servicios de Efe, sin previo y expreso consentimiento de la Agencia EFE S.A.<\/p>\n<\/p><\/div>\n\n<p><em> &#8221; Fuentes www.swissinfo.ch &#8221; <\/em><\/p>\n","protected":false},"excerpt":{"rendered":"<p>Este contenido fue publicado el 19 abril 2021 &#8211; 05:58 19 abril 2021 &#8211; 05:58 Bruselas, 19 abr (EFE).- El Tribunal de Justicia de la Uni\u00f3n Europea (TJUE) determin\u00f3 que la espa\u00f1ola Luisa Izuzquiza y su compa\u00f1ero Arne Semsrott, que llevaron a Frontex a juicio en busca de informaci\u00f3n sobre los barcos que opera en [&hellip;]<\/p>\n","protected":false},"author":4,"featured_media":0,"comment_status":"open","ping_status":"closed","sticky":false,"template":"","format":"standard","meta":{"om_disable_all_campaigns":false,"jnews-multi-image_gallery":[],"jnews_single_post":[],"jnews_primary_category":[],"jnews_social_meta":[],"footnotes":""},"categories":[40],"tags":[],"class_list":["post-115802","post","type-post","status-publish","format-standard","hentry","category-industria"],"_links":{"self":[{"href":"https:\/\/dimensionturistica.com\/es\/wp-json\/wp\/v2\/posts\/115802","targetHints":{"allow":["GET"]}}],"collection":[{"href":"https:\/\/dimensionturistica.com\/es\/wp-json\/wp\/v2\/posts"}],"about":[{"href":"https:\/\/dimensionturistica.com\/es\/wp-json\/wp\/v2\/types\/post"}],"author":[{"embeddable":true,"href":"https:\/\/dimensionturistica.com\/es\/wp-json\/wp\/v2\/users\/4"}],"replies":[{"embeddable":true,"href":"https:\/\/dimensionturistica.com\/es\/wp-json\/wp\/v2\/comments?post=115802"}],"version-history":[{"count":0,"href":"https:\/\/dimensionturistica.com\/es\/wp-json\/wp\/v2\/posts\/115802\/revisions"}],"wp:attachment":[{"href":"https:\/\/dimensionturistica.com\/es\/wp-json\/wp\/v2\/media?parent=115802"}],"wp:term":[{"taxonomy":"category","embeddable":true,"href":"https:\/\/dimensionturistica.com\/es\/wp-json\/wp\/v2\/categories?post=115802"},{"taxonomy":"post_tag","embeddable":true,"href":"https:\/\/dimensionturistica.com\/es\/wp-json\/wp\/v2\/tags?post=115802"}],"curies":[{"name":"wp","href":"https:\/\/api.w.org\/{rel}","templated":true}]}}