{"id":115784,"date":"2021-04-19T05:16:30","date_gmt":"2021-04-19T05:16:30","guid":{"rendered":"https:\/\/dimensionturistica.com\/es\/?p=115784"},"modified":"2021-04-19T05:16:30","modified_gmt":"2021-04-19T05:16:30","slug":"andres-granier-y-su-hijo-van-como-candidatos-del-pri-pan-en-tabasco","status":"publish","type":"post","link":"https:\/\/dimensionturistica.com\/es\/andres-granier-y-su-hijo-van-como-candidatos-del-pri-pan-en-tabasco\/","title":{"rendered":"Andres Granier y su hijo van como candidatos del PRI-PAN en Tabasco"},"content":{"rendered":"<p> <br \/>\n<\/p>\n<div>\n<p>Andr\u00e9s Granier Melo, exgobernador de Tabasco y quien estuvo en prisi\u00f3n por evasi\u00f3n fiscal, volver\u00e1 a la pol\u00edtica este 2021, ahora como candidato a alcalde del municipio de Centro. Su hijo, Fabi\u00e1n Granier Calles contender\u00e1 tambi\u00e9n para diputado native del estado. Ambos son abanderados de la alianza PRI-PAN.<\/p>\n<p><em>Lee: <a rel=\"nofollow noopener\" target=\"_blank\" href=\"https:\/\/www.animalpolitico.com\/2019\/05\/granier-absuelto-juez-tabasco\/\">Juez absuelve al exgobernador Granier, tras cinco a\u00f1os de c\u00e1rcel y prisi\u00f3n domiciliaria<\/a><\/em><\/p>\n<p>\u201cEl d\u00eda de hoy mi partido me registr\u00f3 como candidato a presidente municipal de Centro ante las autoridades electorales, quienes sesionar\u00e1n en los pr\u00f3ximos d\u00edas y una vez aprobado, arrancaremos nuestra campa\u00f1a el lunes de 19. Nos vemos pronto\u201d, dijo Granier Melo en un video publicado en su cuenta de Twitter.<\/p>\n<blockquote class=\"twitter-tweet\" data-width=\"500\" data-dnt=\"true\">\n<p lang=\"es\" dir=\"ltr\">Amigas y amigos, el d\u00eda de hoy mi Partido me registr\u00f3 como candidato a presidente municipal de <a rel=\"nofollow noopener\" target=\"_blank\" href=\"https:\/\/twitter.com\/hashtag\/Centro?src=hash&amp;ref_src=twsrc%5Etfw\">#Centro<\/a> ante las autoridades electorales, quienes sesionar\u00e1n en los pr\u00f3ximos d\u00edas y una vez aprobado, arrancaremos nuestra campa\u00f1a el lunes de 19. Nos vemos pronto. <a rel=\"nofollow noopener\" target=\"_blank\" href=\"https:\/\/t.co\/rbH5K1F6LF\">pic.twitter.com\/rbH5K1F6LF<\/a><\/p>\n<p>\u2014 Andres Rafael Granier Melo (@GranierMeloOfi) <a rel=\"nofollow noopener\" target=\"_blank\" href=\"https:\/\/twitter.com\/GranierMeloOfi\/status\/1382840760295329801?ref_src=twsrc%5Etfw\">April 15, 2021<\/a><\/p>\n<\/blockquote>\n<p>Granier Melo, quien gobern\u00f3 de 2007 a 2012, estuvo recluido cinco a\u00f1os en el Reclusorio de Tepepan en la Ciudad de M\u00e9xico.<\/p>\n<p>Fue detenido en la capital del pa\u00eds el 12 de junio de 2013, acusado de evasi\u00f3n fiscal. Luego fue trasladado a Tepepan donde cumpli\u00f3 su condena hasta enero de 2019. Con 70 a\u00f1os cumplidos, el juez le dict\u00f3 prisi\u00f3n domiciliaria. En mayo de ese a\u00f1o recibi\u00f3 sentencia de libertad absoluta.<\/p>\n<p><em>Ent\u00e9rate: <a rel=\"nofollow noopener\" target=\"_blank\" href=\"https:\/\/www.animalpolitico.com\/2016\/04\/el-hijo-de-andres-granier-exgobernador-de-tabasco-sale-libre-bajo-fianza\/\">El hijo de Andr\u00e9s Granier sale libre bajo fianza; la PGR apela<\/a><\/em><\/p>\n<p>Su hijo, Fabi\u00e1n Granier Calles inform\u00f3 en su cuenta de Fb que entreg\u00f3 la documentaci\u00f3n necesaria para su registro como aspirante a diputado native por el 06 Distrito, ante el Instituto Electoral de Participaci\u00f3n Ciudadana de Tabasco.<\/p>\n<p>Granier Calles fue acusado en 2016 de defraudaci\u00f3n fiscal por 1.5 millones de pesos. En abril de ese a\u00f1o fue encarcelado en el Reclusorio Oriente en la Ciudad de M\u00e9xico, pero sali\u00f3 tras pagar una fianza.<\/p>\n<p>En 2018 fue acusado e ingresado al Centro de Reinserci\u00f3n Social del Estado de Tabasco (Creset) por defraudaci\u00f3n fiscal. En julio de 2019, el hijo del exgobernador fue absuelto de este delito y qued\u00f3 el libertad.<\/p>\n<div class=\"ap_single_fondea_text\">Lo que hacemos en Animal Pol\u00edtico requiere de periodistas profesionales, trabajo en equipo, mantener di\u00e1logo con los lectores y algo muy importante: independencia. T\u00fa puedes ayudarnos a seguir. S\u00e9 parte del equipo.<br \/>\n<a rel=\"nofollow noopener\" target=\"_blank\" href=\"https:\/\/www.animalpolitico.com\/suscribete\">Suscr\u00edbete a Animal Pol\u00edtico<\/a>, recibe beneficios y apoya el periodismo libre.<\/p>\n<p><span style=\"font-weight: 600!important;\">#YoSoyAnimal<\/span><\/p>\n<\/div>\n<\/div>\n<p><script async src=\"\/\/platform.twitter.com\/widgets.js\" charset=\"utf-8\"><\/script><script async defer crossorigin=\"anonymous\" src=\"https:\/\/connect.facebook.net\/es_ES\/sdk.js#xfbml=1&#038;version=v10.0\" nonce=\"0clCBtun\" type=\"425acb5667ef62e0108604cc-text\/javascript\"><\/script><br \/>\n<br \/><\/p>\n<p><em> &#8221; Fuentes www.animalpolitico.com &#8221; <\/em><\/p>\n","protected":false},"excerpt":{"rendered":"<p>Andr\u00e9s Granier Melo, exgobernador de Tabasco y quien estuvo en prisi\u00f3n por evasi\u00f3n fiscal, volver\u00e1 a la pol\u00edtica este 2021, ahora como candidato a alcalde del municipio de Centro. Su hijo, Fabi\u00e1n Granier Calles contender\u00e1 tambi\u00e9n para diputado native del estado. Ambos son abanderados de la alianza PRI-PAN. Lee: Juez absuelve al exgobernador Granier, tras [&hellip;]<\/p>\n","protected":false},"author":4,"featured_media":115785,"comment_status":"open","ping_status":"closed","sticky":false,"template":"","format":"standard","meta":{"om_disable_all_campaigns":false,"jnews-multi-image_gallery":[],"jnews_single_post":[],"jnews_primary_category":[],"jnews_social_meta":[],"footnotes":""},"categories":[40],"tags":[],"class_list":["post-115784","post","type-post","status-publish","format-standard","has-post-thumbnail","hentry","category-industria"],"_links":{"self":[{"href":"https:\/\/dimensionturistica.com\/es\/wp-json\/wp\/v2\/posts\/115784","targetHints":{"allow":["GET"]}}],"collection":[{"href":"https:\/\/dimensionturistica.com\/es\/wp-json\/wp\/v2\/posts"}],"about":[{"href":"https:\/\/dimensionturistica.com\/es\/wp-json\/wp\/v2\/types\/post"}],"author":[{"embeddable":true,"href":"https:\/\/dimensionturistica.com\/es\/wp-json\/wp\/v2\/users\/4"}],"replies":[{"embeddable":true,"href":"https:\/\/dimensionturistica.com\/es\/wp-json\/wp\/v2\/comments?post=115784"}],"version-history":[{"count":0,"href":"https:\/\/dimensionturistica.com\/es\/wp-json\/wp\/v2\/posts\/115784\/revisions"}],"wp:featuredmedia":[{"embeddable":true,"href":"https:\/\/dimensionturistica.com\/es\/wp-json\/wp\/v2\/media\/115785"}],"wp:attachment":[{"href":"https:\/\/dimensionturistica.com\/es\/wp-json\/wp\/v2\/media?parent=115784"}],"wp:term":[{"taxonomy":"category","embeddable":true,"href":"https:\/\/dimensionturistica.com\/es\/wp-json\/wp\/v2\/categories?post=115784"},{"taxonomy":"post_tag","embeddable":true,"href":"https:\/\/dimensionturistica.com\/es\/wp-json\/wp\/v2\/tags?post=115784"}],"curies":[{"name":"wp","href":"https:\/\/api.w.org\/{rel}","templated":true}]}}