{"id":115738,"date":"2021-04-19T02:48:08","date_gmt":"2021-04-19T02:48:08","guid":{"rendered":"https:\/\/dimensionturistica.com\/es\/?p=115738"},"modified":"2021-04-19T02:48:08","modified_gmt":"2021-04-19T02:48:08","slug":"medidas-de-cuidados-para-fortalecer-la-presenciabilidad-en-las-escuelas-de-la-ciudad-noticias-buenos-aires-ciudad","status":"publish","type":"post","link":"https:\/\/dimensionturistica.com\/es\/medidas-de-cuidados-para-fortalecer-la-presenciabilidad-en-las-escuelas-de-la-ciudad-noticias-buenos-aires-ciudad\/","title":{"rendered":"Medidas de cuidados para fortalecer la presenciabilidad en las escuelas de la Ciudad | Noticias | Buenos Aires Ciudad"},"content":{"rendered":"<p> <br \/>\n<\/p>\n<div property=\"content:encoded\">\n<p>Tras el fallo de la C\u00e1mara de Apelaciones en lo Contencioso Administrativo, Tributario y de Relaciones de Consumo de la ciudad de Buenos Aires, que orden\u00f3 habilitar las clases presenciales en la Ciudad, desde este lunes 19 de abril seguir\u00e1 la presencialidad de toda la educaci\u00f3n obligatoria, es decir en nivel inicial, primaria y secundaria.<\/p>\n<p>En la educaci\u00f3n no obligatoria, las escuelas terciarias y los Centros de Formaci\u00f3n Profesional van a funcionar de manera digital. Esto representa casi el 15% del whole de la matr\u00edcula educativa de la Ciudad: 110.000 alumnos de un whole de 755.000. Se trata de estudiantes m\u00e1s grandes, con mayor autonom\u00eda y en quienes el impacto de la virtualidad ha sido menor que en los m\u00e1s chicos. Y al ser m\u00e1s grandes, usan m\u00e1s el transporte p\u00fablico y con esta medida se va a reducir la circulaci\u00f3n.<\/p>\n<p>Adem\u00e1s el Gobierno porte\u00f1o dispuso un operativo destinado a cuidar los entornos e ingresos a las escuelas, evitar aglomeraciones y mejorar la movilidad. El operativo conjunto involucra al Ministerio de Educaci\u00f3n, a la Secretar\u00eda de Transporte, otros ministerios, los Agentes de Prevenci\u00f3n y del programa Senderos Seguros, y private de las Comunas, y de todo el Gobierno porte\u00f1o. En la Ciudad existen 1.272 establecimientos educativos: 703 son p\u00fablicos y 570 privado, en nivel inicial, primaria y secundaria.<\/p>\n<p>En los entornos de los establecimientos con m\u00e1s movimiento habr\u00e1 concientizadores del GCBA en el ingreso y egreso. Ayudar\u00e1n a los familiares a evitar aglomeraciones en las puertas de las escuelas. Para eso, adem\u00e1s y seg\u00fan la organizaci\u00f3n de cada escuela, se hacen los ingresos escalonados siempre en funci\u00f3n de los protocolos que garantizan el cuidado de los chicos y el private.<\/p>\n<p>Adem\u00e1s, se reforzar\u00e1 priorizar el rango horario de 7.30 a 9.30 para el movimiento escolar, antes de la apertura de locales no esenciales, que es a partir de las 10, a fin de distribuir los flujos en la movilidad y el transporte, tal como viene sucediendo.<\/p>\n<blockquote>\n<p>En la Ciudad existen 1.272 establecimientos educativos: 703 son p\u00fablicos y 570 privado, en nivel inicial, primaria y secundaria.<\/p>\n<\/blockquote>\n<h2>Medidas vigentes<\/h2>\n<ul>\n<li>\n<p>Aumento de frecuencias de colectivos: desde que arrancaron las clases se sum\u00f3 a la flota de colectivos un 20% m\u00e1s de unidades en horas pico.<\/p>\n<\/li>\n<li>\n<p>Protocolo en colectivos: los alumnos, acompa\u00f1antes y docentes tienen prioridad en el transporte p\u00fablico. las ventanillas deben permanecer abiertas durante todo el viaje y deben viajar todos sentados y s\u00f3lo 10 personas paradas.<\/p>\n<\/li>\n<li>\n<p>Prioridad alumnos y docentes: se colocaron carteles en las paradas de colectivos para concientizar sobre la prioridad de estudiantes y docentes.<\/p>\n<\/li>\n<li>\n<p>Controles en Centros de Trasbordo y principales paradas: los Agentes de Tr\u00e1nsito reforzaron sus controles en todos los Centros de Trasbordo de la Ciudad, corredores de Metrobus y principales paradas de transporte p\u00fablico para garantizar que todos los que viajan en colectivos, subtes o trenes cuenten con el permiso de circulaci\u00f3n correspondiente, utilicen tapaboca y cumplan con el distanciamiento social y aforo correspondiente.<\/p>\n<\/li>\n<li>\n<p>Escalonamiento de ingresos: los estudiantes de secundario ingresan 7.30 a 8.30 y los de primaria de 8.30 a 9.30. As\u00ed se evitan la concentraci\u00f3n de viajes en hora pico y la congesti\u00f3n en el transporte.<\/p>\n<\/li>\n<li>\n<p>Protocolo para micros escolares: se adecuaron m\u00e1s de 700 micros escolares para llevar a los chicos a la escuela. Los conductores est\u00e1n separados de los chicos por un pl\u00e1stico divisorio, cuentan con materials de limpieza y desinfecci\u00f3n necesarios para asear la unidad luego de cada viaje y deben mantener las ventanillas abiertas durante todo el viaje para que circule el aire.<\/p>\n<\/li>\n<li>\n<p>Sube y baja: es el programa con voluntarios que ayudan en los accesos en auto a las escuelas. Se brindaron pautas para adaptar el programa a las circunstancias actuales: higienizado de manos en forma common entre auto y auto; respeto de la distancia con el chico, entre otras.<\/p>\n<\/li>\n<li>\n<p>Cortes de calles en entornos escolares: para evitar aglomeraciones de padres, madres y alumnos en la puerta de las escuelas se realizan cortes de calles en escuelas con alta matr\u00edcula.<\/p>\n<\/li>\n<\/ul>\n<blockquote>\n<p>Mantener la presencialidad en las aulas requiere de un esfuerzo y el compromiso de todos.<\/p>\n<\/blockquote>\n<h2>Pedidos para las familias al ir a la escuela<\/h2>\n<p>&#x25b6; &#xfe0f; Buscar alternativas al transporte p\u00fablico: ir en bici, caminando o en auto.<\/p>\n<p>&#x25b6; Compartir viajes (con vecinos, compa\u00f1eros, familiares) para evitar congestiones.<\/p>\n<p>&#x25b6; &#xfe0f; Si van en auto, estacionar a dos o tres cuadras de la escuela y acercarse caminando.<\/p>\n<p>&#x25b6; Evitar las reuniones en las puertas de los edificios escolares.<\/p>\n<p>La Ciudad viene monitoreando la movilidad en forma constante desde el inicio de las clases presenciales y realiza informes semanales.<\/p>\n<blockquote>\n<p>A partir de un informe t\u00e9cnico con datos de la tarjeta SUBE se concluy\u00f3 que actualmente se registra casi la misma cantidad de viajes que en la semana anterior a la vuelta a la educaci\u00f3n presencial.<\/p>\n<\/blockquote>\n<h2>Las medidas del Gobierno Nacional en la Ciudad<\/h2>\n<p><strong>El decreto 241 del Gobierno nacional establece:<\/strong><\/p>\n<p>\u25cf   No pueden funcionar centros comerciales y purchasing.<\/p>\n<p>\u2794   Los locales en centros comerciales con entrada a la calle pueden seguir funcionando.<\/p>\n<p>\u2794   Paseos comerciales (a cielo abierto): pueden seguir funcionando con su protocolo<\/p>\n<p>\u25cf   Se suspenden todas las actividades deportivas, recreativas, sociales, culturales y religiosas que se realizan en \u00e1mbitos cerrados.<\/p>\n<p>\u2794   Solo est\u00e1n permitidas si se desarrollan (en los establecimientos) al aire libre o en el espacio p\u00fablico hasta 20 personas y seg\u00fan protocolos.<\/p>\n<p>\u2794   Los eventos masivos al aire libre siguen suspendidos.<\/p>\n<p>\u2794   La restricci\u00f3n incluye a los gimnasios.<\/p>\n<p>\u25cf   Los locales comerciales no esenciales s\u00f3lo podr\u00e1n funcionar de 10 a 19, igual que hasta ahora.<\/p>\n<p>\u2794   Los comercios esenciales pueden seguir abriendo en sus horarios habituales.<\/p>\n<p>\u25cf   Se suspende el funcionamiento en locales gastron\u00f3micos (restaurantes, bares, and many others.), entre las 19 y las 6 del d\u00eda siguiente.<\/p>\n<p>\u2794   Luego de las 19 pueden funcionar con el sistema \u201cpara retirar\u201d en locales de cercan\u00eda hasta las 23 (se puede ir a retirar pero no esperar en el native), y supply sin l\u00edmite horario.<\/p>\n<p>\u2794   Entre las 6 y las 19 los locales gastron\u00f3micos s\u00f3lo podr\u00e1n atender en espacios habilitados al aire libre.<\/p>\n<h2>Restricci\u00f3n a la circulaci\u00f3n<\/h2>\n<p>Rige la restricci\u00f3n para round entre las 20 y las 6 del d\u00eda siguiente que el Gobierno nacional dispuso para el \u00c1rea Metropolitana de Buenos Aires. El servicio p\u00fablico de transporte de pasajeros urbano e interurbano s\u00f3lo podr\u00e1 ser utilizado por las personas afectadas a las actividades esenciales.<\/p>\n<p>El decreto aclara que tambi\u00e9n podr\u00e1n usarlo quienes deban concurrir para la atenci\u00f3n de su salud, o tengan turno de vacunaci\u00f3n, con sus acompa\u00f1antes. En estos casos las personas deber\u00e1n portar el <strong>\u201cCERTIFICADO \u00daNICO HABILITANTE PARA CIRCULACI\u00d3N &#8211; EMERGENCIA COVID-19\u201d.<\/strong><\/p>\n<blockquote>\n<p>El servicio p\u00fablico de transporte de pasajeros urbano e interurbano s\u00f3lo podr\u00e1 ser utilizado por las personas afectadas a las actividades esenciales.<\/p>\n<\/blockquote>\n<\/div>\n\n<p><em> &#8221; Fuentes www.buenosaires.gob.ar &#8221; <\/em><\/p>\n","protected":false},"excerpt":{"rendered":"<p>Tras el fallo de la C\u00e1mara de Apelaciones en lo Contencioso Administrativo, Tributario y de Relaciones de Consumo de la ciudad de Buenos Aires, que orden\u00f3 habilitar las clases presenciales en la Ciudad, desde este lunes 19 de abril seguir\u00e1 la presencialidad de toda la educaci\u00f3n obligatoria, es decir en nivel inicial, primaria y secundaria. [&hellip;]<\/p>\n","protected":false},"author":4,"featured_media":115739,"comment_status":"open","ping_status":"closed","sticky":false,"template":"","format":"standard","meta":{"om_disable_all_campaigns":false,"jnews-multi-image_gallery":[],"jnews_single_post":[],"jnews_primary_category":[],"jnews_social_meta":[],"footnotes":""},"categories":[40],"tags":[],"class_list":["post-115738","post","type-post","status-publish","format-standard","has-post-thumbnail","hentry","category-industria"],"_links":{"self":[{"href":"https:\/\/dimensionturistica.com\/es\/wp-json\/wp\/v2\/posts\/115738","targetHints":{"allow":["GET"]}}],"collection":[{"href":"https:\/\/dimensionturistica.com\/es\/wp-json\/wp\/v2\/posts"}],"about":[{"href":"https:\/\/dimensionturistica.com\/es\/wp-json\/wp\/v2\/types\/post"}],"author":[{"embeddable":true,"href":"https:\/\/dimensionturistica.com\/es\/wp-json\/wp\/v2\/users\/4"}],"replies":[{"embeddable":true,"href":"https:\/\/dimensionturistica.com\/es\/wp-json\/wp\/v2\/comments?post=115738"}],"version-history":[{"count":0,"href":"https:\/\/dimensionturistica.com\/es\/wp-json\/wp\/v2\/posts\/115738\/revisions"}],"wp:featuredmedia":[{"embeddable":true,"href":"https:\/\/dimensionturistica.com\/es\/wp-json\/wp\/v2\/media\/115739"}],"wp:attachment":[{"href":"https:\/\/dimensionturistica.com\/es\/wp-json\/wp\/v2\/media?parent=115738"}],"wp:term":[{"taxonomy":"category","embeddable":true,"href":"https:\/\/dimensionturistica.com\/es\/wp-json\/wp\/v2\/categories?post=115738"},{"taxonomy":"post_tag","embeddable":true,"href":"https:\/\/dimensionturistica.com\/es\/wp-json\/wp\/v2\/tags?post=115738"}],"curies":[{"name":"wp","href":"https:\/\/api.w.org\/{rel}","templated":true}]}}