{"id":115610,"date":"2021-04-18T20:55:53","date_gmt":"2021-04-18T20:55:53","guid":{"rendered":"https:\/\/dimensionturistica.com\/es\/?p=115610"},"modified":"2021-04-18T20:55:53","modified_gmt":"2021-04-18T20:55:53","slug":"avoris-corporacion-anuncia-hasta-ocho-vuelos-semanales-a-punta-cana-desde-espana-y-portugal-en-verano","status":"publish","type":"post","link":"https:\/\/dimensionturistica.com\/es\/avoris-corporacion-anuncia-hasta-ocho-vuelos-semanales-a-punta-cana-desde-espana-y-portugal-en-verano\/","title":{"rendered":"\u00c1voris Corporaci\u00f3n anuncia hasta ocho vuelos semanales a Punta Cana, desde Espa\u00f1a y Portugal en verano"},"content":{"rendered":"<p> <br \/>\n<\/p>\n<div>\n<p style=\"font-weight: 400;\"><strong>SANTO DOMINGO.-<\/strong>\u00a0La aerol\u00ednea espa\u00f1ola Evelop, del \u00c1voris Corporaci\u00f3n Empresarial, contempla a partir de este verano incrementar a cinco vuelos a la semana la ruta Madrid-Punta Cana, \u00a0como parte de la alta demanda de viajeros de esa naci\u00f3n europea al destino quisqueyano y gracias\u00a0 a la efectividad de los protocolos de salubridad aplicados en el sector tur\u00edstico dominicano.<\/p>\n<p style=\"font-weight: 400;\">A partir de junio de 2021, los nuevos planes incluyen, adem\u00e1s, la apertura de tres vuelos semanales desde Portugal, dos de Lisboa y la novedad destacada de uno desde Oporto con aviones de 400 asientos<strong>,<\/strong>\u00a0lo que refrenda la decidida apuesta de \u00c1voris Corporaci\u00f3n Empresarial por el destino, inform\u00f3 Fernando Bravo, director comercial de la empresa.<\/p>\n<p style=\"font-weight: 400;\">Expres\u00f3 la satisfacci\u00f3n del Grupo de 52 profesionales, entre agentes de viajes y periodistas especializados en turismo, que agotan una agenda de actividades de siete d\u00edas en el primer Mega Fam Journey \u201cRep\u00fablica Dominicana Destino Seguro y Turismo Responsable\u201d, evento que ha servido para encontrar una diversidad de experiencias en sus recorridos por los principales puntos tur\u00edsticos del pa\u00eds.<\/p>\n<p><img decoding=\"async\" class=\"pb-seo-lazy size-medium wp-image-7563 aligncenter\" src=\"https:\/\/touratabex.com\/wp-content\/uploads\/2021\/04\/DSC_5540-1-300x195.jpg\" alt=\"DSC 5540 1 300x195 - \u00c1voris Corporaci\u00f3n anuncia hasta ocho vuelos semanales a Punta Cana, desde Espa\u00f1a y Portugal en verano\" width=\"300\" height=\"195\" title=\"\u00c1voris Corporaci\u00f3n anuncia hasta ocho vuelos semanales a Punta Cana, desde Espa\u00f1a y Portugal en verano\"\/><\/p>\n<p><noscript><img decoding=\"async\" class=\"pb-seo-lazy size-medium wp-image-7563 aligncenter\" src=\"https:\/\/touratabex.com\/wp-content\/uploads\/2021\/04\/DSC_5540-1-300x195.jpg\" alt=\"DSC 5540 1 300x195 - \u00c1voris Corporaci\u00f3n anuncia hasta ocho vuelos semanales a Punta Cana, desde Espa\u00f1a y Portugal en verano\" width=\"300\" height=\"195\" title=\"\u00c1voris Corporaci\u00f3n anuncia hasta ocho vuelos semanales a Punta Cana, desde Espa\u00f1a y Portugal en verano\"\/><noscript><img decoding=\"async\" class=\"size-medium wp-image-7563 aligncenter\" src=\"https:\/\/touratabex.com\/wp-content\/uploads\/2021\/04\/DSC_5540-1-300x195.jpg\" alt=\"DSC 5540 1 300x195 - \u00c1voris Corporaci\u00f3n anuncia hasta ocho vuelos semanales a Punta Cana, desde Espa\u00f1a y Portugal en verano\" width=\"300\" height=\"195\" title=\"\u00c1voris Corporaci\u00f3n anuncia hasta ocho vuelos semanales a Punta Cana, desde Espa\u00f1a y Portugal en verano\"\/><\/noscript><\/noscript><\/p>\n<p style=\"font-weight: 400;\">Bravo valor\u00f3 asimismo la apertura de los nuevos vuelos como un paso para estudiar otras alternativas de integrar a la capital Santo Domingo y a\u00f1adir otras provincias en los planes de \u00c1voris, dado el gran potencial de turismo interno y recursos naturales con que cuenta el pa\u00eds caribe\u00f1o, aspectos que atraen a turistas espa\u00f1oles.<\/p>\n<p style=\"font-weight: 400;\">Resalt\u00f3 la efectividad en la aplicaci\u00f3n de los protocolos implementados por las autoridades y el Ministerio de Turismo como respuesta a la pandemia en el sector tur\u00edstico, en las visitas por los aeropuertos, instalaciones hoteleras, zonas costeras, monumentos emblem\u00e1ticos y la Ciudad Colonial de Santo Domingo, entre otros puntos tur\u00edsticos.<\/p>\n<p style=\"font-weight: 400;\">\u201cRep\u00fablica Dominicana, tal como hemos podido comprobar a lo largo de esta semana, todos los protocolos han sido muy estrictos y esa va a ser la m\u00e1xima valoraci\u00f3n a la hora de nosotros vender el producto por lo que hemos apostado a la inclusi\u00f3n de m\u00e1s vuelos para este verano\u201d, afirm\u00f3 Bravo.<\/p>\n<p><img decoding=\"async\" class=\"pb-seo-lazy size-medium wp-image-7562 aligncenter\" src=\"https:\/\/touratabex.com\/wp-content\/uploads\/2021\/04\/DSC_5502-300x205.jpg\" alt=\"DSC 5502 300x205 - \u00c1voris Corporaci\u00f3n anuncia hasta ocho vuelos semanales a Punta Cana, desde Espa\u00f1a y Portugal en verano\" width=\"300\" height=\"205\" title=\"\u00c1voris Corporaci\u00f3n anuncia hasta ocho vuelos semanales a Punta Cana, desde Espa\u00f1a y Portugal en verano\"\/><\/p>\n<p><noscript><img decoding=\"async\" class=\"pb-seo-lazy size-medium wp-image-7562 aligncenter\" src=\"https:\/\/touratabex.com\/wp-content\/uploads\/2021\/04\/DSC_5502-300x205.jpg\" alt=\"DSC 5502 300x205 - \u00c1voris Corporaci\u00f3n anuncia hasta ocho vuelos semanales a Punta Cana, desde Espa\u00f1a y Portugal en verano\" width=\"300\" height=\"205\" title=\"\u00c1voris Corporaci\u00f3n anuncia hasta ocho vuelos semanales a Punta Cana, desde Espa\u00f1a y Portugal en verano\"\/><noscript><img decoding=\"async\" class=\"size-medium wp-image-7562 aligncenter\" src=\"https:\/\/touratabex.com\/wp-content\/uploads\/2021\/04\/DSC_5502-300x205.jpg\" alt=\"DSC 5502 300x205 - \u00c1voris Corporaci\u00f3n anuncia hasta ocho vuelos semanales a Punta Cana, desde Espa\u00f1a y Portugal en verano\" width=\"300\" height=\"205\" title=\"\u00c1voris Corporaci\u00f3n anuncia hasta ocho vuelos semanales a Punta Cana, desde Espa\u00f1a y Portugal en verano\"\/><\/noscript><\/noscript><\/p>\n<p style=\"font-weight: 400;\">El ejecutivo de \u00c1voris hizo el anuncio al pronunciar palabras de apertura durante la Capacitaci\u00f3n de e-Ticket, dirigida al grupo, sobre el nuevo sistema digital de llenado de formulario de entrada y salida de pasajeros por v\u00eda a\u00e9rea desde y hacia Rep\u00fablica Dominicana.<\/p>\n<p style=\"font-weight: 400;\">La actividad, realizada en uno de los salones del Embajador Royal A Hideway Santo Domingo, estuvo dirigida por Sarah Sanch\u00eds, directora de Inteligencia del viceministerio T\u00e9cnico del MITUR.<\/p>\n<p style=\"font-weight: 400;\">En la misma, los participantes conocieron los distintos pasos a seguir en el llenado del nuevo documento digital a la hora de entrar y salir por las principales terminales a\u00e9reas del pa\u00eds, y que comprende completar los datos de Informaci\u00f3n Migratoria y Aduanera, as\u00ed como el Formulario de Salud P\u00fablica y guardado del C\u00f3digo QR, entre otros aspectos.<\/p>\n<p style=\"font-weight: 400;\"><img decoding=\"async\" class=\"pb-seo-lazy size-medium wp-image-7560 aligncenter\" src=\"https:\/\/touratabex.com\/wp-content\/uploads\/2021\/04\/DSC_5486-300x188.jpg\" alt=\"DSC 5486 300x188 - \u00c1voris Corporaci\u00f3n anuncia hasta ocho vuelos semanales a Punta Cana, desde Espa\u00f1a y Portugal en verano\" width=\"300\" height=\"188\" title=\"\u00c1voris Corporaci\u00f3n anuncia hasta ocho vuelos semanales a Punta Cana, desde Espa\u00f1a y Portugal en verano\"\/><\/p>\n<p><noscript><img decoding=\"async\" class=\"pb-seo-lazy size-medium wp-image-7560 aligncenter\" src=\"https:\/\/touratabex.com\/wp-content\/uploads\/2021\/04\/DSC_5486-300x188.jpg\" alt=\"DSC 5486 300x188 - \u00c1voris Corporaci\u00f3n anuncia hasta ocho vuelos semanales a Punta Cana, desde Espa\u00f1a y Portugal en verano\" width=\"300\" height=\"188\" title=\"\u00c1voris Corporaci\u00f3n anuncia hasta ocho vuelos semanales a Punta Cana, desde Espa\u00f1a y Portugal en verano\"\/><noscript><img decoding=\"async\" class=\"size-medium wp-image-7560 aligncenter\" src=\"https:\/\/touratabex.com\/wp-content\/uploads\/2021\/04\/DSC_5486-300x188.jpg\" alt=\"DSC 5486 300x188 - \u00c1voris Corporaci\u00f3n anuncia hasta ocho vuelos semanales a Punta Cana, desde Espa\u00f1a y Portugal en verano\" width=\"300\" height=\"188\" title=\"\u00c1voris Corporaci\u00f3n anuncia hasta ocho vuelos semanales a Punta Cana, desde Espa\u00f1a y Portugal en verano\"\/><\/noscript><\/noscript><\/p>\n<p style=\"font-weight: 400;\">Previo a esta capacitaci\u00f3n, Milka Hern\u00e1ndez, encargada de Promoci\u00f3n Native del MITUR ofreci\u00f3 la conferencia \u201cRep\u00fablica Dominicana Pa\u00eds Tur\u00edstico\u201d, en la que expuso a la delegaci\u00f3n el potencial tur\u00edstico de Quisqueya en sus 32 provincias, sobre Turismo religioso, Turismo Comunitario Sostenible, Cultura, gastronom\u00eda criolla, recursos naturales, balnearios, r\u00edos, playas, \u00e1reas protegidas, entre otras.<\/p>\n<\/div>\n\n<p><em> &#8221; Fuentes megadiario.com.do &#8221; <\/em><\/p>\n","protected":false},"excerpt":{"rendered":"<p>SANTO DOMINGO.-\u00a0La aerol\u00ednea espa\u00f1ola Evelop, del \u00c1voris Corporaci\u00f3n Empresarial, contempla a partir de este verano incrementar a cinco vuelos a la semana la ruta Madrid-Punta Cana, \u00a0como parte de la alta demanda de viajeros de esa naci\u00f3n europea al destino quisqueyano y gracias\u00a0 a la efectividad de los protocolos de salubridad aplicados en el sector [&hellip;]<\/p>\n","protected":false},"author":4,"featured_media":0,"comment_status":"open","ping_status":"closed","sticky":false,"template":"","format":"standard","meta":{"om_disable_all_campaigns":false,"jnews-multi-image_gallery":[],"jnews_single_post":[],"jnews_primary_category":[],"jnews_social_meta":[],"footnotes":""},"categories":[40],"tags":[],"class_list":["post-115610","post","type-post","status-publish","format-standard","hentry","category-industria"],"_links":{"self":[{"href":"https:\/\/dimensionturistica.com\/es\/wp-json\/wp\/v2\/posts\/115610","targetHints":{"allow":["GET"]}}],"collection":[{"href":"https:\/\/dimensionturistica.com\/es\/wp-json\/wp\/v2\/posts"}],"about":[{"href":"https:\/\/dimensionturistica.com\/es\/wp-json\/wp\/v2\/types\/post"}],"author":[{"embeddable":true,"href":"https:\/\/dimensionturistica.com\/es\/wp-json\/wp\/v2\/users\/4"}],"replies":[{"embeddable":true,"href":"https:\/\/dimensionturistica.com\/es\/wp-json\/wp\/v2\/comments?post=115610"}],"version-history":[{"count":0,"href":"https:\/\/dimensionturistica.com\/es\/wp-json\/wp\/v2\/posts\/115610\/revisions"}],"wp:attachment":[{"href":"https:\/\/dimensionturistica.com\/es\/wp-json\/wp\/v2\/media?parent=115610"}],"wp:term":[{"taxonomy":"category","embeddable":true,"href":"https:\/\/dimensionturistica.com\/es\/wp-json\/wp\/v2\/categories?post=115610"},{"taxonomy":"post_tag","embeddable":true,"href":"https:\/\/dimensionturistica.com\/es\/wp-json\/wp\/v2\/tags?post=115610"}],"curies":[{"name":"wp","href":"https:\/\/api.w.org\/{rel}","templated":true}]}}