{"id":115587,"date":"2021-04-18T20:07:10","date_gmt":"2021-04-18T20:07:10","guid":{"rendered":"https:\/\/dimensionturistica.com\/es\/?p=115587"},"modified":"2021-04-18T20:07:10","modified_gmt":"2021-04-18T20:07:10","slug":"empresarios-del-sector-turistico-envian-carta-abierta-a-giammattei","status":"publish","type":"post","link":"https:\/\/dimensionturistica.com\/es\/empresarios-del-sector-turistico-envian-carta-abierta-a-giammattei\/","title":{"rendered":"Empresarios del sector tur\u00edstico env\u00edan carta abierta a Giammattei"},"content":{"rendered":"<p> <br \/>\n<\/p>\n<div>\n<p data-pm-slice=\"1 1 []\">Empresarios, principalmente del sector tur\u00edstico, han enviado una carta abierta al presidente Alejandro Giammattei en la cual muestran su preocupaci\u00f3n por la implementaci\u00f3n del estado de prevenci\u00f3n para evitar contagios de Covid-19 en el pa\u00eds.<\/p>\n<p>Seg\u00fan expresan la industria tur\u00edstica sigue siendo la m\u00e1s afectada de forma desproporcionada sin que se den soluciones para mejorar o buscar que la misma sobreviva.<\/p>\n<blockquote class=\"twitter-tweet\" data-width=\"550\" data-dnt=\"true\">\n<p lang=\"es\" dir=\"ltr\">La C\u00e1mara de Turismo de Guatemala junto al Comit\u00e9 de Disaster, C\u00e1mara de Comercio y gremiales env\u00edan carta abierta a Dr. <a rel=\"nofollow noopener\" target=\"_blank\" href=\"https:\/\/twitter.com\/DrGiammattei?ref_src=twsrc%5Etfw\">@DrGiammattei<\/a> <a rel=\"nofollow noopener\" target=\"_blank\" href=\"https:\/\/t.co\/S0jM8aZb5w\">pic.twitter.com\/S0jM8aZb5w<\/a><\/p>\n<p>\u2014 Canal Antigua (@CanalAntigua) <a rel=\"nofollow noopener\" target=\"_blank\" href=\"https:\/\/twitter.com\/CanalAntigua\/status\/1383599540280823812?ref_src=twsrc%5Etfw\">April 18, 2021<\/a><\/p>\n<\/blockquote>\n<p>Asimismo asegura que se ven afectados con la prohibici\u00f3n de reuniones, ya que esto ha generado perdidas para el sector y dichas acciones desincentivan cualquier tipo de inversi\u00f3n que se quiera realizar en el sector.<\/p>\n<p>Por \u00faltimo, solicitan que se agilice el proceso de vacunaci\u00f3n, ya que la falta de esta fase provoca que los turistas extranjeros busquen otros destinos al no sentirse seguros de viajar a Guatemala<\/p>\n<div class=\"wp-post-author-wrap wp-post-author-shortcode left\">\n<h3 class=\"awpa-title\"\/>\n<div class=\"wp-post-author\">\n<div class=\"awpa-img awpa-author-block square\">\n                <a rel=\"nofollow noopener\" target=\"_blank\" href=\"https:\/\/canalantigua.tv\/author\/fernanda-merida\/\"><img decoding=\"async\" alt=\"\" src=\"https:\/\/secure.gravatar.com\/avatar\/29adf7020d8d50900af4ccdd6d443fec?s=150&amp;d=mm&amp;r=g\" class=\"avatar avatar-150 photo jetpack-lazy-image\" height=\"150\" width=\"150\" loading=\"lazy\" data-lazy-srcset=\"https:\/\/secure.gravatar.com\/avatar\/29adf7020d8d50900af4ccdd6d443fec?s=300&amp;d=mm&amp;r=g 2x\" data-lazy-src=\"https:\/\/secure.gravatar.com\/avatar\/29adf7020d8d50900af4ccdd6d443fec?s=150&amp;is-pending-load=1#038;d=mm&amp;r=g\" srcset=\"data:image\/gif;base64,R0lGODlhAQABAIAAAAAAAP\/\/\/yH5BAEAAAAALAAAAAABAAEAAAIBRAA7\" data-pagespeed-url-hash=\"4224192795\" onload=\"pagespeed.CriticalImages.checkImageForCriticality(this);\"\/><noscript><img decoding=\"async\" alt=\"\" src=\"https:\/\/secure.gravatar.com\/avatar\/29adf7020d8d50900af4ccdd6d443fec?s=150&amp;d=mm&amp;r=g\" srcset=\"https:\/\/secure.gravatar.com\/avatar\/29adf7020d8d50900af4ccdd6d443fec?s=300&amp;d=mm&amp;r=g 2x\" class=\"avatar avatar-150 photo\" height=\"150\" width=\"150\" loading=\"lazy\" data-pagespeed-url-hash=\"4224192795\"\/><\/noscript><\/a>\n            <\/div><\/div><\/div><\/div>\n<p><script async src=\"\/\/platform.twitter.com\/widgets.js\" charset=\"utf-8\"><\/script><br \/>\n<br \/><\/p>\n<p><em> &#8221; Fuentes canalantigua.tv &#8221; <\/em><\/p>\n","protected":false},"excerpt":{"rendered":"<p>Empresarios, principalmente del sector tur\u00edstico, han enviado una carta abierta al presidente Alejandro Giammattei en la cual muestran su preocupaci\u00f3n por la implementaci\u00f3n del estado de prevenci\u00f3n para evitar contagios de Covid-19 en el pa\u00eds. Seg\u00fan expresan la industria tur\u00edstica sigue siendo la m\u00e1s afectada de forma desproporcionada sin que se den soluciones para mejorar [&hellip;]<\/p>\n","protected":false},"author":4,"featured_media":115588,"comment_status":"open","ping_status":"closed","sticky":false,"template":"","format":"standard","meta":{"om_disable_all_campaigns":false,"jnews-multi-image_gallery":[],"jnews_single_post":[],"jnews_primary_category":[],"jnews_social_meta":[],"footnotes":""},"categories":[40],"tags":[],"class_list":["post-115587","post","type-post","status-publish","format-standard","has-post-thumbnail","hentry","category-industria"],"_links":{"self":[{"href":"https:\/\/dimensionturistica.com\/es\/wp-json\/wp\/v2\/posts\/115587","targetHints":{"allow":["GET"]}}],"collection":[{"href":"https:\/\/dimensionturistica.com\/es\/wp-json\/wp\/v2\/posts"}],"about":[{"href":"https:\/\/dimensionturistica.com\/es\/wp-json\/wp\/v2\/types\/post"}],"author":[{"embeddable":true,"href":"https:\/\/dimensionturistica.com\/es\/wp-json\/wp\/v2\/users\/4"}],"replies":[{"embeddable":true,"href":"https:\/\/dimensionturistica.com\/es\/wp-json\/wp\/v2\/comments?post=115587"}],"version-history":[{"count":0,"href":"https:\/\/dimensionturistica.com\/es\/wp-json\/wp\/v2\/posts\/115587\/revisions"}],"wp:featuredmedia":[{"embeddable":true,"href":"https:\/\/dimensionturistica.com\/es\/wp-json\/wp\/v2\/media\/115588"}],"wp:attachment":[{"href":"https:\/\/dimensionturistica.com\/es\/wp-json\/wp\/v2\/media?parent=115587"}],"wp:term":[{"taxonomy":"category","embeddable":true,"href":"https:\/\/dimensionturistica.com\/es\/wp-json\/wp\/v2\/categories?post=115587"},{"taxonomy":"post_tag","embeddable":true,"href":"https:\/\/dimensionturistica.com\/es\/wp-json\/wp\/v2\/tags?post=115587"}],"curies":[{"name":"wp","href":"https:\/\/api.w.org\/{rel}","templated":true}]}}