{"id":115491,"date":"2021-04-18T10:53:13","date_gmt":"2021-04-18T10:53:13","guid":{"rendered":"https:\/\/dimensionturistica.com\/es\/?p=115491"},"modified":"2021-04-18T10:53:14","modified_gmt":"2021-04-18T10:53:14","slug":"mexico-restringe-viajes-no-esenciales-via-terrestre-en-frontera-sur-el-financiero","status":"publish","type":"post","link":"https:\/\/dimensionturistica.com\/es\/mexico-restringe-viajes-no-esenciales-via-terrestre-en-frontera-sur-el-financiero\/","title":{"rendered":"M\u00e9xico restringe viajes no esenciales v\u00eda terrestre en frontera sur \u2013 El Financiero"},"content":{"rendered":"<p> <br \/>\n<\/p>\n<div id=\"\">\n<p class=\"default__StyledText-xb1qmn-0 kYamVn body-paragraph\"><strong>El Gobierno mexicano anunci\u00f3 este jueves que habr\u00e1 restricciones en viajes no esenciales v\u00eda terrestre en la frontera sur a partir de esta semana<\/strong>, con el fin de paliar la pandemia de coronavirus.<\/p>\n<p class=\"default__StyledText-xb1qmn-0 kYamVn body-paragraph\">&#8220;Para prevenir la propagaci\u00f3n de #COVID19, M\u00e9xico impondr\u00e1 a partir del 19 de marzo de 2021, restricciones al tr\u00e1nsito terrestre para actividades no esenciales en su frontera norte y sur&#8221;, <a rel=\"nofollow noopener\" target=\"_blank\" class=\"ef__link\" href=\"https:\/\/twitter.com\/SRE_mx\/status\/1372572331990786048\">detall\u00f3 en su cuenta de Twitter.<\/a><\/p>\n<p class=\"default__StyledText-xb1qmn-0 kYamVn body-paragraph\">En un segundo tuit, destac\u00f3 algunas de las actividades que se realizar\u00e1n:<\/p>\n<p class=\"default__StyledText-xb1qmn-0 kYamVn body-paragraph\">&#8220;Adicionalmente, el<br \/>\n@GobiernoMX<br \/>\n desplegar\u00e1 medidas de management sanitario en el norte y sur del pa\u00eds.<br \/>\nLas restricciones al tr\u00e1nsito no esencial y las medidas sanitarias se mantendr\u00e1n vigentes hasta las 23:59 horas del 21 de abril de 2021&#8221;, precis\u00f3.<\/p>\n<\/div>\n<p><script async src=\"\/\/platform.twitter.com\/widgets.js\" charset=\"utf-8\"><\/script><br \/>\n<br \/><\/p>\n<p><em> &#8221; Fuentes www.elfinanciero.com.mx &#8221; <\/em><\/p>\n","protected":false},"excerpt":{"rendered":"<p>El Gobierno mexicano anunci\u00f3 este jueves que habr\u00e1 restricciones en viajes no esenciales v\u00eda terrestre en la frontera sur a partir de esta semana, con el fin de paliar la pandemia de coronavirus. &#8220;Para prevenir la propagaci\u00f3n de #COVID19, M\u00e9xico impondr\u00e1 a partir del 19 de marzo de 2021, restricciones al tr\u00e1nsito terrestre para actividades [&hellip;]<\/p>\n","protected":false},"author":4,"featured_media":115492,"comment_status":"open","ping_status":"closed","sticky":false,"template":"","format":"standard","meta":{"om_disable_all_campaigns":false,"jnews-multi-image_gallery":[],"jnews_single_post":[],"jnews_primary_category":[],"jnews_social_meta":[],"footnotes":""},"categories":[39],"tags":[510],"class_list":["post-115491","post","type-post","status-publish","format-standard","has-post-thumbnail","hentry","category-viajes","tag-covid-19"],"_links":{"self":[{"href":"https:\/\/dimensionturistica.com\/es\/wp-json\/wp\/v2\/posts\/115491","targetHints":{"allow":["GET"]}}],"collection":[{"href":"https:\/\/dimensionturistica.com\/es\/wp-json\/wp\/v2\/posts"}],"about":[{"href":"https:\/\/dimensionturistica.com\/es\/wp-json\/wp\/v2\/types\/post"}],"author":[{"embeddable":true,"href":"https:\/\/dimensionturistica.com\/es\/wp-json\/wp\/v2\/users\/4"}],"replies":[{"embeddable":true,"href":"https:\/\/dimensionturistica.com\/es\/wp-json\/wp\/v2\/comments?post=115491"}],"version-history":[{"count":0,"href":"https:\/\/dimensionturistica.com\/es\/wp-json\/wp\/v2\/posts\/115491\/revisions"}],"wp:featuredmedia":[{"embeddable":true,"href":"https:\/\/dimensionturistica.com\/es\/wp-json\/wp\/v2\/media\/115492"}],"wp:attachment":[{"href":"https:\/\/dimensionturistica.com\/es\/wp-json\/wp\/v2\/media?parent=115491"}],"wp:term":[{"taxonomy":"category","embeddable":true,"href":"https:\/\/dimensionturistica.com\/es\/wp-json\/wp\/v2\/categories?post=115491"},{"taxonomy":"post_tag","embeddable":true,"href":"https:\/\/dimensionturistica.com\/es\/wp-json\/wp\/v2\/tags?post=115491"}],"curies":[{"name":"wp","href":"https:\/\/api.w.org\/{rel}","templated":true}]}}