{"id":115480,"date":"2021-04-18T10:11:50","date_gmt":"2021-04-18T10:11:50","guid":{"rendered":"https:\/\/dimensionturistica.com\/es\/?p=115480"},"modified":"2021-04-18T10:11:50","modified_gmt":"2021-04-18T10:11:50","slug":"uruguay-prepara-un-plan-de-salvataje-para-el-sector-turistico","status":"publish","type":"post","link":"https:\/\/dimensionturistica.com\/es\/uruguay-prepara-un-plan-de-salvataje-para-el-sector-turistico\/","title":{"rendered":"Uruguay prepara un plan de salvataje para el sector tur\u00edstico"},"content":{"rendered":"<p> <br \/>\n<\/p>\n<div>\n<div class=\"visual__image  image_container\"><img decoding=\"async\" alt=\"Punta del Este\" height=\"1919\" width=\"2879\" src=\"https:\/\/www.infobae.com\/new-resizer\/ADD-adXiu-3OgS8efLpQ5l1ZXo0=\/420x280\/filters:format(jpg):quality(85)\/cloudfront-us-east-1.images.arcpublishing.com\/infobae\/AWFMMU4SGBFH3JEGWNJHRRAVPA.jpg\" srcset=\"https:\/\/www.infobae.com\/new-resizer\/ADD-adXiu-3OgS8efLpQ5l1ZXo0=\/420x280\/filters:format(jpg):quality(85)\/cloudfront-us-east-1.images.arcpublishing.com\/infobae\/AWFMMU4SGBFH3JEGWNJHRRAVPA.jpg 420w,https:\/\/www.infobae.com\/new-resizer\/jzP9QoIgVNfxIvy82lKcPN3i9sk=\/768x512\/filters:format(jpg):quality(85)\/cloudfront-us-east-1.images.arcpublishing.com\/infobae\/AWFMMU4SGBFH3JEGWNJHRRAVPA.jpg 768w,https:\/\/www.infobae.com\/new-resizer\/7khfjXMiUM-1k9ikh-swVcmuKCo=\/992x661\/filters:format(jpg):quality(85)\/cloudfront-us-east-1.images.arcpublishing.com\/infobae\/AWFMMU4SGBFH3JEGWNJHRRAVPA.jpg 992w,https:\/\/www.infobae.com\/new-resizer\/RUkkkv74h6VlVX1NIdIuBH03-js=\/1200x800\/filters:format(jpg):quality(85)\/cloudfront-us-east-1.images.arcpublishing.com\/infobae\/AWFMMU4SGBFH3JEGWNJHRRAVPA.jpg 1200w\" sizes=\"auto, (min-width: 800px) 50vw, 90vw\" loading=\"lazy\"\/><figcaption>Punta del Este<\/figcaption><\/div>\n<p class=\"paragraph\">Uruguay super\u00f3 la cifra de un mill\u00f3n de personas que han sido vacunadas con la primera dosis contra el covid-19 y, aunque actualmente ocupa uno de los primeros lugares en \u00edndices de contagios del mundo, ya comienza a pensar c\u00f3mo reactivar uno de los sectores m\u00e1s golpeado en el pa\u00eds y en el mundo: el turismo<\/p>\n<p class=\"paragraph\">As\u00ed, el ministerio liderardo por Germ\u00e1n Cardoso Ferreira ya trabaja en <b>un plan de salvataje que incluye est\u00edmulos para los consumidores y apoyos para los proveedores<\/b> del sector.<\/p>\n<p class=\"paragraph\">En base a la recomendaci\u00f3n de la Organizaci\u00f3n Mundial del Turismo, seg\u00fan su propuesta denominada \u201cReiniciar al Turismo\u201d, el Ministerio propone instaurar el <b>IVA Tasa 0 a servicios hoteleros<\/b> durante todo 2021 y 2022, <b>un descuento de 9 puntos de IVA en servicios gastron\u00f3micos y arrendamientos de veh\u00edculos,<\/b> durante todo 2021; <b>la exoneraci\u00f3n de pago del impuesto a la renta <\/b>a los alquileres tur\u00edsticos con operadores inmobiliarios, durante todo 2021; y l<b>a extensi\u00f3n de los beneficios y descuentos para el consumo gastron\u00f3mico.<\/b><\/p>\n<div class=\"visual__image  image_container\"><img decoding=\"async\" alt=\"El ministro de Turismo de Uruguay, Germ\u00e1n Cardoso Ferreira (EFE)\" height=\"3000\" width=\"4500\" src=\"https:\/\/www.infobae.com\/new-resizer\/9TzWt2lofd9kfSR40pIuKgRaIsQ=\/420x280\/filters:format(jpg):quality(85)\/cloudfront-us-east-1.images.arcpublishing.com\/infobae\/AAPCEGAXRBHZDJPETX6265M55Q.jpg\" srcset=\"https:\/\/www.infobae.com\/new-resizer\/9TzWt2lofd9kfSR40pIuKgRaIsQ=\/420x280\/filters:format(jpg):quality(85)\/cloudfront-us-east-1.images.arcpublishing.com\/infobae\/AAPCEGAXRBHZDJPETX6265M55Q.jpg 420w,https:\/\/www.infobae.com\/new-resizer\/2Oc13yu8hXo4AX1feO9gz1PwQ_c=\/768x512\/filters:format(jpg):quality(85)\/cloudfront-us-east-1.images.arcpublishing.com\/infobae\/AAPCEGAXRBHZDJPETX6265M55Q.jpg 768w,https:\/\/www.infobae.com\/new-resizer\/L4zJzt1pBtRO5re9Aap-XCgtCEw=\/992x661\/filters:format(jpg):quality(85)\/cloudfront-us-east-1.images.arcpublishing.com\/infobae\/AAPCEGAXRBHZDJPETX6265M55Q.jpg 992w,https:\/\/www.infobae.com\/new-resizer\/fXDdtm7WI0AyGy9QnUG2HbImC6o=\/1200x800\/filters:format(jpg):quality(85)\/cloudfront-us-east-1.images.arcpublishing.com\/infobae\/AAPCEGAXRBHZDJPETX6265M55Q.jpg 1200w\" sizes=\"auto, (min-width: 800px) 50vw, 90vw\" loading=\"lazy\"\/><figcaption>El ministro de Turismo de Uruguay, Germ\u00e1n Cardoso Ferreira (EFE)<\/figcaption><\/div>\n<p class=\"paragraph\">Adem\u00e1s, en materia crediticia como apoyo a los prestadores de servicios tur\u00edsticos, <b>buscan ampliar para el sector tur\u00edstico<\/b> (hoteles, campings, hoster\u00edas, restaurantes, bares, agencias de viaje, inmobiliarias, entre otros) <b>el sistema de cr\u00e9dito SIGA &#8211; la garant\u00eda que pueden utilizar como respaldo de su cr\u00e9dito todas las micro, peque\u00f1as y medianas empresas.<\/b> La concept es que puedan acceder a una garant\u00eda que les servir\u00e1 para avalar un cr\u00e9dito bancario por un m\u00e1ximo de hasta 1,8 millones de Unidades Indexadas (USD 200.000 aproximadamente), disponible por todo 2021 y 2022. Esta medida es un alivio para los comerciantes y operadores que necesitan inyectar capital en el desarrollo de sus actividades.<\/p>\n<p class=\"paragraph\">Tambi\u00e9n, <b>el plan incluye el desarrollo de cr\u00e9ditos alternativos<\/b> <b>sin inter\u00e9s<\/b> desde el Banco de la Rep\u00fablica Oriental del Uruguay para todas las empresas del sector y plantea <b>extender el subsidio mensual transitorio de $ 6779 (USD 154) para los gu\u00edas tur\u00edsticos.<\/b><\/p>\n<div class=\"visual__image  image_container\"><img decoding=\"async\" alt=\"(Marcelo Umpierrez)\" height=\"1079\" width=\"1920\" src=\"https:\/\/www.infobae.com\/new-resizer\/m3hFevHvOBNjVqaXHXXRRL1hKW4=\/420x236\/filters:format(jpg):quality(85)\/cloudfront-us-east-1.images.arcpublishing.com\/infobae\/XGXFEACOUBCOTGZWVUCWSP3QZ4.jpg\" srcset=\"https:\/\/www.infobae.com\/new-resizer\/m3hFevHvOBNjVqaXHXXRRL1hKW4=\/420x236\/filters:format(jpg):quality(85)\/cloudfront-us-east-1.images.arcpublishing.com\/infobae\/XGXFEACOUBCOTGZWVUCWSP3QZ4.jpg 420w,https:\/\/www.infobae.com\/new-resizer\/MfBKxdeS8ac3_f_puxJTZgFgqd8=\/768x432\/filters:format(jpg):quality(85)\/cloudfront-us-east-1.images.arcpublishing.com\/infobae\/XGXFEACOUBCOTGZWVUCWSP3QZ4.jpg 768w,https:\/\/www.infobae.com\/new-resizer\/Tp2pI9dZuWWxezpUzNi3MtwsBoU=\/992x558\/filters:format(jpg):quality(85)\/cloudfront-us-east-1.images.arcpublishing.com\/infobae\/XGXFEACOUBCOTGZWVUCWSP3QZ4.jpg 992w,https:\/\/www.infobae.com\/new-resizer\/w_ZEh6LQgsL85chZUlA7t9y720Y=\/1200x675\/filters:format(jpg):quality(85)\/cloudfront-us-east-1.images.arcpublishing.com\/infobae\/XGXFEACOUBCOTGZWVUCWSP3QZ4.jpg 1200w\" sizes=\"auto, (min-width: 800px) 50vw, 90vw\" loading=\"lazy\"\/><figcaption>(Marcelo Umpierrez)<\/figcaption><\/div>\n<p class=\"paragraph\">El Ministerio desarrolla adem\u00e1s <b>una nueva Ley sobre exoneraci\u00f3n de varios impuestos<\/b>, entre ellos los aportes patronales jubilatorios de seguridad social para todos los rubros del sector turismo hasta agosto de 2021.<\/p>\n<p class=\"paragraph\">Haciendo foco en que el turismo es sector clave para la econom\u00eda uruguaya, e<b>l plan de salvataje impulsa la pre-contrataci\u00f3n por parte del Estado de paquetes de servicios de turismo social a ejecutar en 2022 y 2023.<\/b><\/p>\n<p class=\"paragraph\">Para concretar el plan, adem\u00e1s, <b>se trabaja en la implementaci\u00f3n de un pasaporte sanitario<\/b>, una herramienta que ya empez\u00f3 a funcionar en algunas ciudades como Nueva York y varios pa\u00edses, como los de la Uni\u00f3n Europea, esperan poner en pr\u00e1ctica de manera coordinada en los pr\u00f3ximos meses.<\/p>\n<p class=\"paragraph\"><b>Plan de vacunaci\u00f3n<\/b><\/p>\n<p class=\"paragraph\">Seg\u00fan el monitor internet desarrollado por el Ministerio de Salud P\u00fablica, 1.023.674 personas ya recibieron la primera dosis de las farmac\u00e9uticas china Sinovac y estadounidense Pfizer y 281.925 la segunda.<\/p>\n<p class=\"paragraph\">Hasta el momento, m\u00e1s de 1,3 millones de uruguayos (1.305.599) han recibido al menos una de las dos dosis, lo que supone un 37,24 % de la poblaci\u00f3n.<\/p>\n<p class=\"paragraph\">Y la semana pasada arrib\u00f3 a Uruguay un nuevo lote de Pfizer, con una carga de 80.730 dosis, lo que represent\u00f3 unas 30.000 m\u00e1s que en los embarques anteriores, en env\u00edos que se repetir\u00e1n semanalmente seg\u00fan inform\u00f3 recientemente el Gobierno.<\/p>\n<p class=\"paragraph\"><b>SEGUIR LEYENDO:<\/b><\/p>\n<div class=\"text-element\"><a rel=\"nofollow noopener\" target=\"_blank\" href=\"https:\/\/www.infobae.com\/america\/america-latina\/2021\/04\/13\/el-caso-uruguay-es-el-pais-de-la-region-que-mas-vacuna-pero-tambien-el-que-sufre-mas-muertes-por-cada-100-habitantes\/\">Uruguay usar\u00e1 las vacunas de AstraZeneca contra el COVID-19 para blindar la frontera con Brasil<\/a><\/div>\n<\/div>\n<p><script defer=\"\">!function(f,b,e,v,n,t,s) {if(f.fbq)return;n=f.fbq=function(){n.callMethod? n.callMethod.apply(n,arguments):n.queue.push(arguments)}; if(!f._fbq)f._fbq=n;n.push=n;n.loaded=!0;n.version='2.0'; n.queue=[];t=b.createElement(e);t.async=!0; t.src=v;s=b.getElementsByTagName(e)[0]; s.parentNode.insertBefore(t,s)}(window, document,'script', 'https:\/\/connect.facebook.net\/en_US\/fbevents.js'); fbq('init', '336383993555320'); fbq('track', 'PageView'); fbq('track', 'ViewContent');<\/script><br \/>\n<br \/><\/p>\n<p><em> &#8221; Fuentes www.infobae.com &#8221; <\/em><\/p>\n","protected":false},"excerpt":{"rendered":"<p>Punta del Este Uruguay super\u00f3 la cifra de un mill\u00f3n de personas que han sido vacunadas con la primera dosis contra el covid-19 y, aunque actualmente ocupa uno de los primeros lugares en \u00edndices de contagios del mundo, ya comienza a pensar c\u00f3mo reactivar uno de los sectores m\u00e1s golpeado en el pa\u00eds y en [&hellip;]<\/p>\n","protected":false},"author":4,"featured_media":115481,"comment_status":"open","ping_status":"closed","sticky":false,"template":"","format":"standard","meta":{"om_disable_all_campaigns":false,"jnews-multi-image_gallery":[],"jnews_single_post":[],"jnews_primary_category":[],"jnews_social_meta":[],"footnotes":""},"categories":[40],"tags":[],"class_list":["post-115480","post","type-post","status-publish","format-standard","has-post-thumbnail","hentry","category-industria"],"_links":{"self":[{"href":"https:\/\/dimensionturistica.com\/es\/wp-json\/wp\/v2\/posts\/115480","targetHints":{"allow":["GET"]}}],"collection":[{"href":"https:\/\/dimensionturistica.com\/es\/wp-json\/wp\/v2\/posts"}],"about":[{"href":"https:\/\/dimensionturistica.com\/es\/wp-json\/wp\/v2\/types\/post"}],"author":[{"embeddable":true,"href":"https:\/\/dimensionturistica.com\/es\/wp-json\/wp\/v2\/users\/4"}],"replies":[{"embeddable":true,"href":"https:\/\/dimensionturistica.com\/es\/wp-json\/wp\/v2\/comments?post=115480"}],"version-history":[{"count":0,"href":"https:\/\/dimensionturistica.com\/es\/wp-json\/wp\/v2\/posts\/115480\/revisions"}],"wp:featuredmedia":[{"embeddable":true,"href":"https:\/\/dimensionturistica.com\/es\/wp-json\/wp\/v2\/media\/115481"}],"wp:attachment":[{"href":"https:\/\/dimensionturistica.com\/es\/wp-json\/wp\/v2\/media?parent=115480"}],"wp:term":[{"taxonomy":"category","embeddable":true,"href":"https:\/\/dimensionturistica.com\/es\/wp-json\/wp\/v2\/categories?post=115480"},{"taxonomy":"post_tag","embeddable":true,"href":"https:\/\/dimensionturistica.com\/es\/wp-json\/wp\/v2\/tags?post=115480"}],"curies":[{"name":"wp","href":"https:\/\/api.w.org\/{rel}","templated":true}]}}