{"id":115443,"date":"2021-04-18T06:41:03","date_gmt":"2021-04-18T06:41:03","guid":{"rendered":"https:\/\/dimensionturistica.com\/es\/?p=115443"},"modified":"2021-04-18T06:41:03","modified_gmt":"2021-04-18T06:41:03","slug":"chad-estados-unidos-ordena-a-sus-empleados-no-esenciales-en-chad-que-abandonen-el-pais-por-la-violencia-armada","status":"publish","type":"post","link":"https:\/\/dimensionturistica.com\/es\/chad-estados-unidos-ordena-a-sus-empleados-no-esenciales-en-chad-que-abandonen-el-pais-por-la-violencia-armada\/","title":{"rendered":"Chad.- Estados Unidos ordena a sus empleados no esenciales en Chad que abandonen el pa\u00eds &#8220;por la violencia armada&#8221;"},"content":{"rendered":"<p> <br \/>\n<\/p>\n<div>\n<p class=\"paragraph\">MADRID, 18 (EUROPA PRESS)<\/p>\n<p>El Departamento de Estado estadounidense ha ordenado este s\u00e1bado a los empleados no esenciales de su embajada en Chad que abandonen el pa\u00eds africano &#8220;por a los disturbios civiles y la violencia armada&#8221;.<\/p>\n<p>&#8220;Los grupos armados no gubernamentales del norte de Chad se han desplazado hacia el sur y parecen dirigirse a Yamena. Debido a su creciente proximidad a Yamena, y a la posibilidad de que se produzca violencia en la ciudad, se ha ordenado a los empleados no esenciales del gobierno de EEUU que abandonen Chad en avi\u00f3n comercial&#8221;, ha compartido la embajada estadounidense en Chad en un comunicado.<\/p>\n<p>Asimismo, este comunicado ha advertido que &#8220;el Gobierno de Chad podr\u00eda imponer restricciones de viaje sin previo aviso as\u00ed como bloquear los canales de comunicaci\u00f3n&#8221;.<\/p>\n<p>Esta semana, alrededor de 60 personas han muerto en nuevos enfrentamientos intercomunitarios registrados en varias localidades ubicadas en la provincia chadiana de Salamat (sureste), seg\u00fan el \u00faltimo steadiness facilitado este viernes por las autoridades.<\/p>\n<\/div>\n<p><script defer=\"\">!function(f,b,e,v,n,t,s) {if(f.fbq)return;n=f.fbq=function(){n.callMethod? n.callMethod.apply(n,arguments):n.queue.push(arguments)}; if(!f._fbq)f._fbq=n;n.push=n;n.loaded=!0;n.version='2.0'; n.queue=[];t=b.createElement(e);t.async=!0; t.src=v;s=b.getElementsByTagName(e)[0]; s.parentNode.insertBefore(t,s)}(window, document,'script', 'https:\/\/connect.facebook.net\/en_US\/fbevents.js'); fbq('init', '336383993555320'); fbq('track', 'PageView'); fbq('track', 'ViewContent');<\/script><br \/>\n<br \/><\/p>\n<p><em> &#8221; Fuentes www.infobae.com &#8221; <\/em><\/p>\n","protected":false},"excerpt":{"rendered":"<p>MADRID, 18 (EUROPA PRESS) El Departamento de Estado estadounidense ha ordenado este s\u00e1bado a los empleados no esenciales de su embajada en Chad que abandonen el pa\u00eds africano &#8220;por a los disturbios civiles y la violencia armada&#8221;. &#8220;Los grupos armados no gubernamentales del norte de Chad se han desplazado hacia el sur y parecen dirigirse [&hellip;]<\/p>\n","protected":false},"author":4,"featured_media":114592,"comment_status":"open","ping_status":"closed","sticky":false,"template":"","format":"standard","meta":{"om_disable_all_campaigns":false,"jnews-multi-image_gallery":[],"jnews_single_post":[],"jnews_primary_category":[],"jnews_social_meta":[],"footnotes":""},"categories":[40],"tags":[],"class_list":["post-115443","post","type-post","status-publish","format-standard","has-post-thumbnail","hentry","category-industria"],"_links":{"self":[{"href":"https:\/\/dimensionturistica.com\/es\/wp-json\/wp\/v2\/posts\/115443","targetHints":{"allow":["GET"]}}],"collection":[{"href":"https:\/\/dimensionturistica.com\/es\/wp-json\/wp\/v2\/posts"}],"about":[{"href":"https:\/\/dimensionturistica.com\/es\/wp-json\/wp\/v2\/types\/post"}],"author":[{"embeddable":true,"href":"https:\/\/dimensionturistica.com\/es\/wp-json\/wp\/v2\/users\/4"}],"replies":[{"embeddable":true,"href":"https:\/\/dimensionturistica.com\/es\/wp-json\/wp\/v2\/comments?post=115443"}],"version-history":[{"count":0,"href":"https:\/\/dimensionturistica.com\/es\/wp-json\/wp\/v2\/posts\/115443\/revisions"}],"wp:featuredmedia":[{"embeddable":true,"href":"https:\/\/dimensionturistica.com\/es\/wp-json\/wp\/v2\/media\/114592"}],"wp:attachment":[{"href":"https:\/\/dimensionturistica.com\/es\/wp-json\/wp\/v2\/media?parent=115443"}],"wp:term":[{"taxonomy":"category","embeddable":true,"href":"https:\/\/dimensionturistica.com\/es\/wp-json\/wp\/v2\/categories?post=115443"},{"taxonomy":"post_tag","embeddable":true,"href":"https:\/\/dimensionturistica.com\/es\/wp-json\/wp\/v2\/tags?post=115443"}],"curies":[{"name":"wp","href":"https:\/\/api.w.org\/{rel}","templated":true}]}}