{"id":115405,"date":"2021-04-18T03:56:45","date_gmt":"2021-04-18T03:56:45","guid":{"rendered":"https:\/\/dimensionturistica.com\/es\/?p=115405"},"modified":"2021-04-18T03:56:46","modified_gmt":"2021-04-18T03:56:46","slug":"agencias-de-viajes-optan-por-vender-sus-legajos-para-resarcir-las-perdidas","status":"publish","type":"post","link":"https:\/\/dimensionturistica.com\/es\/agencias-de-viajes-optan-por-vender-sus-legajos-para-resarcir-las-perdidas\/","title":{"rendered":"Agencias de viajes optan por vender sus legajos para resarcir las p\u00e9rdidas"},"content":{"rendered":"<p> <br \/>\n<\/p>\n<div>\n<p>A pocos d\u00edas del vencimiento de la pr\u00f3rroga para la renovaci\u00f3n 2021 del seguro de cauci\u00f3n contemplado en el Fondo de Garant\u00eda, una de las condiciones que deben cumplir las agencias de viaje, se estima que entre 800 y 1.000 no lo hicieron, lo que significar\u00eda un 18% menos que el a\u00f1o pasado, seg\u00fan se desprende de un relevamiento realizado por Ladevi.<\/p>\n<p>Seg\u00fan datos no oficiales de organismos p\u00fablicos y entidades privadas, de alrededor de 5.580 agencias registradas y habilitadas para realizar el tr\u00e1mite, solo lo concretaron unas 4.700. De confirmarse estos datos, la realidad cortar\u00eda una tendencia de crecimiento ininterrumpida por casi dos d\u00e9cadas, ya que en 2001 el complete de agencias con habilitaci\u00f3n eran 3.260.<\/p>\n<p>En C\u00f3rdoba la situaci\u00f3n dista de ser related, ya que la Asociaci\u00f3n Cordobesa de Agencias de Viajes (Acav) bonifica a sus socios ese costo que, en la provincia, ronda los $18.000 anuales, seg\u00fan la ubicaci\u00f3n geogr\u00e1fica de los operadores.<\/p>\n<p>Sin embargo, aclaran desde el sector, \u201chubo cierres, algunos temporarios, que no implican costos para las agencias, y otros definitivos\u201d, pero los n\u00fameros por ahora no se conocen. \u201cDe eso no se habla \u2013relata un empresario\u2013 porque este es un mercado muy sensible y una noticia as\u00ed impacta muy fuerte en el p\u00fablico, pero que hubo cierres, s\u00ed los hubo. Otros optaron por la suspensi\u00f3n temporaria de sus actividades\u201d.<\/p>\n<p>El plazo para regularizar la situaci\u00f3n vence el 30 de junio, pero entre las c\u00e1maras y asociaciones del sector estiman que ser\u00e1 prorrogado hasta el 31 de diciembre de este a\u00f1o.<\/p>\n<p>En ese orden, aclaran que \u201cla caducidad de la habilitaci\u00f3n no significa el cierre definitivo, ya que hay un proceso que cumplir: primero, reciben un apercibimiento, luego una multa y vencido el plazo, se cae el legajo\u201d.<\/p>\n<p>Al respecto, un dirigente empresarial explic\u00f3 que \u201cel legajo es el bien m\u00e1s preciado para una agencia y muchos hacen esfuerzos y sacrificios para mantenerlo habilitado porque, eventualmente, es un bien negociable, un capital que se puede vender o transferir y as\u00ed salvar la ropa. Eso s\u00ed est\u00e1 ocurriendo\u201d, indic\u00f3.<\/p>\n<p>Tambi\u00e9n aclar\u00f3 que la exigencia de contar con un native f\u00edsico para obtener la habilitaci\u00f3n como agencia, \u201cfue un logro tras una larga lucha de las entidades empresariales representativas ante la aparici\u00f3n de las OTA (del ingl\u00e9s online travel agencies), es decir, las agencias virtuales que, sin costos de alquiler, servicios ni empleados, compet\u00edan en condiciones no igualitarias\u201d.<\/p>\n<p>En cuanto a los legajos renovados en marzo, asegur\u00f3 desconocer la cantidad complete pero, dijo: \u201cS\u00ed tengo informaci\u00f3n de que hay 2.500 que est\u00e1n en an\u00e1lisis y otros 680 que no se sabe si cumplir\u00e1n o no con el tr\u00e1mite\u201d.<\/p>\n<p>\u00a0<\/p>\n<p><strong>Repro II recortado<\/strong><\/p>\n<p>El anuncio del Gobierno nacional hablaba de un \u201caumento del 50% de la asistencia econ\u00f3mica contemplada en el Repro II\u201d para los sectores cr\u00edticos, como el turismo, pero vino acompa\u00f1ado de la advertencia del ministro de Trabajo, Claudio Moroni, en el sentido de que la suma tope ser\u00e1 de $18.000 y se pagar\u00e1 con la liquidaci\u00f3n de los sueldos de abril.<\/p>\n<p>En el sector del turismo ya se hab\u00eda anunciado que el Repro II ser\u00eda de $12.000 por trabajador, m\u00e1s una suma de $4.000 que aportar\u00eda el Fondo Nacional de Desarrollo Productivo (Fondep), lo que llevaba el monto a percibir a $16.000.<\/p>\n<p>Si el 50% anunciado ahora se aplicara sobre los $12.000 del Repro solo (sin el refuerzo del Fondep), ser\u00edan $6.000 que sumados a los $16.000 ya definidos, har\u00edan un monto de $22.000.<\/p>\n<p>\u201cEn realidad, si se aplica el tope anunciado de $18.000, nos est\u00e1n dando solo $2.000 m\u00e1s, lo cual agradecemos pero sigue siendo insuficiente\u201d, se quej\u00f3 ir\u00f3nico un dirigente empresarial. \u201cAdem\u00e1s \u2013agreg\u00f3\u2013 siguen utilizando el mecanismo de comparar la facturaci\u00f3n del actual periodo con el mismo de 2020, ajustando los valores por el \u00edndice de precios, y otorgando el beneficio a quienes hayan registrado una p\u00e9rdida de facturaci\u00f3n mayor al 20%. La facturaci\u00f3n fue \u2018cero\u2019, no hicimos caja, \u00bfc\u00f3mo, con qu\u00e9, vamos a comparar?\u201d.<\/p>\n<p>Desde el Ministerio de Turismo advirtieron que las operaciones surgidas de la aplicaci\u00f3n del programa PreViaje est\u00e1n exceptuadas de ese c\u00f3mputo.<\/p>\n<p>Los titulares de agencias tambi\u00e9n alegan que \u201ces muy complicado\u201d acceder a la habilitaci\u00f3n para el Repro II, \u201cpor los requerimientos que ponen\u201d. Y mencionan, entre otros, la presentaci\u00f3n de balances anuales, \u201ccuando muchas de las empresas son pyme o negocios unipersonales con propietarios monotributistas, que no presentan balances, y otros que debido a la situaci\u00f3n de crisis hace rato que no los actualizan\u201d.<\/p>\n<p>Las empresas contempladas en esta ayuda corresponden a actividades como agencias de viajes, alojamiento, servicios de comida, salud, servicios sociales, administrativos y actividades de apoyo.<\/p>\n<p>\u00a0<\/p>\n<p><strong>Datos prometedores<\/strong><\/p>\n<p>Una encuesta realizada por la plataforma de viajes Reserving.com arroj\u00f3 esperanzadores resultados para la industria del turismo. Entre los 28.000 consultados en otros tantos pa\u00edses, figuran 1.000 argentinos quienes, en un 69%, afirmaron que les interesa m\u00e1s viajar cuando puedan hacerlo que antes de la pandemia.<\/p>\n<p>Entre los encuestados, un 59% aprovech\u00f3 el tiempo que pas\u00f3 en su casa para planear sus pr\u00f3ximos viajes, mientras que casi la mitad (49%) acumul\u00f3 d\u00edas de vacaciones y espera poder tomarse un descanso m\u00e1s largo cuando las condiciones lo permitan.<\/p>\n<p>Otro dato significativo marca que casi un 20% de los argentinos piensa usar cr\u00e9ditos o vouchers de viajes cancelados antes que reclamar su reembolso; el 43% quiere conocer destinos menos visitados, y un 34% considera utilizar alojamientos en su ciudad o alrededores, una forma de apoyar a los emprendimientos y empresas locales.<\/p>\n<div class=\"noticias-relacionadas\">\n<p>Tambi\u00e9n te puede interesar<\/p>\n<\/div>\n<\/div>\n<p><script type=\"3857c2ca016da5c870cde714-text\/javascript\">\n                !function(f,b,e,v,n,t,s)\n                {if(f.fbq)return;n=f.fbq=function(){n.callMethod?\n                    n.callMethod.apply(n,arguments):n.queue.push(arguments)};\n                    if(!f._fbq)f._fbq=n;n.push=n;n.loaded=!0;n.version='2.0';\n                    n.queue=[];t=b.createElement(e);t.async=!0;\n                    t.src=v;s=b.getElementsByTagName(e)[0];\n                    s.parentNode.insertBefore(t,s)}(window, document,'script',\n                    'https:\/\/connect.facebook.net\/en_US\/fbevents.js');\n                window.paywallConfig.facebook_pixel=\"1000228364089342\"\n            <\/script><script type=\"3857c2ca016da5c870cde714-text\/javascript\">(function(d, s, id) {\n\t\tvar js, fjs = d.getElementsByTagName(s)[0];\n\t\tif (d.getElementById(id)) return;\n\t\tjs = d.createElement(s); js.id = id;\n\t\tjs.src=\"https:\/\/connect.facebook.net\/es_LA\/sdk.js#xfbml=1&version=v3.1\";\n\t\tfjs.parentNode.insertBefore(js, fjs);\n\t}(document, 'script', 'facebook-jssdk'));<\/script><br \/>\n<br \/><\/p>\n<p><em> &#8221; Fuentes www.perfil.com &#8221; <\/em><\/p>\n","protected":false},"excerpt":{"rendered":"<p>A pocos d\u00edas del vencimiento de la pr\u00f3rroga para la renovaci\u00f3n 2021 del seguro de cauci\u00f3n contemplado en el Fondo de Garant\u00eda, una de las condiciones que deben cumplir las agencias de viaje, se estima que entre 800 y 1.000 no lo hicieron, lo que significar\u00eda un 18% menos que el a\u00f1o pasado, seg\u00fan se [&hellip;]<\/p>\n","protected":false},"author":4,"featured_media":115406,"comment_status":"open","ping_status":"closed","sticky":false,"template":"","format":"standard","meta":{"om_disable_all_campaigns":false,"jnews-multi-image_gallery":[],"jnews_single_post":[],"jnews_primary_category":[],"jnews_social_meta":[],"footnotes":""},"categories":[40],"tags":[],"class_list":["post-115405","post","type-post","status-publish","format-standard","has-post-thumbnail","hentry","category-industria"],"_links":{"self":[{"href":"https:\/\/dimensionturistica.com\/es\/wp-json\/wp\/v2\/posts\/115405","targetHints":{"allow":["GET"]}}],"collection":[{"href":"https:\/\/dimensionturistica.com\/es\/wp-json\/wp\/v2\/posts"}],"about":[{"href":"https:\/\/dimensionturistica.com\/es\/wp-json\/wp\/v2\/types\/post"}],"author":[{"embeddable":true,"href":"https:\/\/dimensionturistica.com\/es\/wp-json\/wp\/v2\/users\/4"}],"replies":[{"embeddable":true,"href":"https:\/\/dimensionturistica.com\/es\/wp-json\/wp\/v2\/comments?post=115405"}],"version-history":[{"count":0,"href":"https:\/\/dimensionturistica.com\/es\/wp-json\/wp\/v2\/posts\/115405\/revisions"}],"wp:featuredmedia":[{"embeddable":true,"href":"https:\/\/dimensionturistica.com\/es\/wp-json\/wp\/v2\/media\/115406"}],"wp:attachment":[{"href":"https:\/\/dimensionturistica.com\/es\/wp-json\/wp\/v2\/media?parent=115405"}],"wp:term":[{"taxonomy":"category","embeddable":true,"href":"https:\/\/dimensionturistica.com\/es\/wp-json\/wp\/v2\/categories?post=115405"},{"taxonomy":"post_tag","embeddable":true,"href":"https:\/\/dimensionturistica.com\/es\/wp-json\/wp\/v2\/tags?post=115405"}],"curies":[{"name":"wp","href":"https:\/\/api.w.org\/{rel}","templated":true}]}}