{"id":115365,"date":"2021-04-17T23:42:56","date_gmt":"2021-04-17T23:42:56","guid":{"rendered":"https:\/\/dimensionturistica.com\/es\/?p=115365"},"modified":"2021-04-17T23:42:56","modified_gmt":"2021-04-17T23:42:56","slug":"desesperanza-impulsa-la-continua-emigracion-de-hondurenos","status":"publish","type":"post","link":"https:\/\/dimensionturistica.com\/es\/desesperanza-impulsa-la-continua-emigracion-de-hondurenos\/","title":{"rendered":"Desesperanza impulsa la continua emigraci\u00f3n de hondure\u00f1os"},"content":{"rendered":"<p> <br \/>\n<\/p>\n<div>\n<p class=\"paragraph\">OMOA, Honduras (AP) \u2014 En un resort a la orilla del mar convertido en centro de recepci\u00f3n, m\u00e1s de 200 migrantes hondure\u00f1os descendieron de seis autobuses, cansados de viajar durante la noche cruzando territorio de Guatemala despu\u00e9s de ser deportados desde M\u00e9xico.<\/p>\n<p class=\"paragraph\">Su traves\u00eda termin\u00f3 en suelo mexicano sin llegar a la frontera con Estados Unidos y la ma\u00f1ana del viernes ya estaban de vuelta en Honduras haciendo los tr\u00e1mites para regresar a los lugares de donde hab\u00edan partido.<\/p>\n<p class=\"paragraph\">La Oficina de Aduanas y Protecci\u00f3n Fronteriza de Estados Unidos (CBP por sus iniciales en ingl\u00e9s) inform\u00f3 el mes pasado haber tenido m\u00e1s de 41.000 encuentros con hondure\u00f1os en la frontera sur, 12.000 m\u00e1s que en marzo de 2019.<\/p>\n<p><span data-error=\"No dfp-path found.\"\/><\/p>\n<p class=\"paragraph\">Las razones por que los hondure\u00f1os contin\u00faan huyendo de su pa\u00eds est\u00e1n bien documentadas: Violencia generalizada, corrupci\u00f3n enraizada, falta de empleos y gran destrucci\u00f3n tras el paso de poderosos huracanes que azotaron la regi\u00f3n en noviembre del a\u00f1o pasado.<\/p>\n<p class=\"paragraph\">Aqu\u00ed, en uno de los centros de recepci\u00f3n del gobierno hondure\u00f1o para deportados, les fueron inspeccionados sus documentos, les hicieron una revisi\u00f3n m\u00e9dica y con asistencia de la Cruz Roja los evaluaron para determinar si pod\u00edan regresar sin peligro a sus comunidades.<\/p>\n<p class=\"paragraph\">Gilles Carbonnier, vicepresidente del Comit\u00e9 Internacional de la Cruz Roja, visit\u00f3 el viernes el centro durante una gira de toda una semana por El Salvador y Honduras. Entre otras acciones, la Cruz Roja trabaja para apoyar a las personas desplazadas por la violencia.<\/p>\n<p><span data-error=\"No dfp-path found.\"\/><\/p>\n<p class=\"paragraph\">El s\u00e1bado, Carbonnier cont\u00f3 haberse reunido con un zapatero hondure\u00f1o que tuvo un taller en un mercado en Tegucigalpa. Una de las tristemente c\u00e9lebres pandillas callejeras de la regi\u00f3n lo estaba extorsionando y cuando ya no pudo pagarles le propinaron una severa golpiza.<\/p>\n<p class=\"paragraph\">El zapatero no tuvo m\u00e1s opci\u00f3n que cerrar su taller y emigrar hacia Estados Unidos. Fue deportado hace m\u00e1s de un a\u00f1o, lo examinaron en otro de los centros de recepci\u00f3n de Honduras y finalmente lo entregaron a la Cruz Roja. La agencia humanitaria lo ayud\u00f3 a reubicarse y le brind\u00f3 algo de dinero.<\/p>\n<p><span data-error=\"No dfp-path found.\"\/><\/p>\n<p class=\"paragraph\">\u201cCon una ayuda pecuniaria que le dimos compr\u00f3 el material para reempezar sus actividades de zapatero y ahorita tiene dos talleres, seis empleados y bueno, \u00e9se pudo recomenzar su vida\u201d, se\u00f1al\u00f3 Carbonnier.<\/p>\n<p class=\"paragraph\">Los hondure\u00f1os y otras personas en el mundo se ven obligados a emigrar debido a una \u201cfalta de oportunidad y falta de esperanza\u201d, se\u00f1al\u00f3. \u201cFalta de oportunidad, con falta de esperanza entonces resulta en diciendo \u2018ya no hay espacio para m\u00ed en este pa\u00eds y me voy\u2019\u201d.<\/p>\n<p><span data-error=\"No dfp-path found.\"\/><\/p>\n<p class=\"paragraph\">Para Eugenio Sosa, soci\u00f3logo de la Universidad Nacional Aut\u00f3noma de Honduras, los diversos factores que obligan a los hondure\u00f1os a abandonar su pa\u00eds han contribuido a una desesperanza generalizada.<\/p>\n<p class=\"paragraph\">\u201cLa gente no s\u00f3lo se va porque est\u00e1 muy mal, la gente se va porque est\u00e1 muy mal y porque tiene la certeza de que esto va a seguir mal y que el pa\u00eds se pudri\u00f3 para siempre\u201d, subray\u00f3.<\/p>\n<p><span data-error=\"No dfp-path found.\"\/><\/p>\n<p class=\"paragraph\">La vicepresidenta de Estados Unidos, Kamala Harris, que ha sido asignada a abordar las causas de ra\u00edz de la emigraci\u00f3n en la regi\u00f3n, emiti\u00f3 un punto de vista comparable esta semana.<\/p>\n<p class=\"paragraph\">Harris dijo el mi\u00e9rcoles que Estados Unidos quiere utilizar sus recursos \u2014una asistencia de 4.000 millones de d\u00f3lares mencionada por el gobierno de Biden\u2014 para brindar a los habitantes de los pa\u00edses del Tri\u00e1ngulo Norte, conformado por Guatemala, El Salvador y Honduras, \u201ccierta esperanza de que si permanecen en sus pa\u00edses, la ayuda va en camino y puedan tener cierta esperanza de que las oportunidades y las necesidades que tienen ser\u00e1n cubiertas de alguna manera\u201d.<\/p>\n<p><span data-error=\"No dfp-path found.\"\/><\/p>\n<p class=\"paragraph\">Sosa se\u00f1al\u00f3 que incluso los indicios m\u00e1s leves de que las cosas empiezan a cambiar marcar\u00edan una diferencia, incluso si los desaf\u00edos monumentales en los campos de la salud, educaci\u00f3n, empleo y corrupci\u00f3n no cambian de la noche a la ma\u00f1ana.<\/p>\n<p class=\"paragraph\">\u201cSi la gente empieza a ver peque\u00f1os cambios entra en la l\u00f3gica de valorar m\u00e1s quedarse que irse\u201d, dijo Sosa.<\/p>\n<p class=\"paragraph\">Los migrantes hondure\u00f1os partieron en caravanas de San Pedro Sula en diciembre, enero y marzo. Todos los intentos de viajar seguros en grandes grupos se esfumaron cuando ingresaron a Guatemala. Sin embargo, las caravanas de los \u00faltimos a\u00f1os representan apenas una fracci\u00f3n de la migraci\u00f3n diaria casi desapercibida de familias o individuos que emprenden el viaje por su propia cuenta o con ayuda de traficantes.<\/p>\n<p class=\"paragraph\">El gobierno del entonces presidente Donald Trump presion\u00f3 a M\u00e9xico y Centroam\u00e9rica a fin de que adoptaran medidas m\u00e1s en\u00e9rgicas para frenar a los migrantes. El gobierno del presidente Joe Biden ha enviado un mensaje m\u00e1s compasivo que en muchos casos ha sido interpretado err\u00f3neamente como una invitaci\u00f3n o por lo menos como una se\u00f1al de una recepci\u00f3n m\u00e1s amistosa. Sin embargo, la realidad contin\u00faa siendo que Estados Unidos expulsa r\u00e1pidamente a la mayor\u00eda de quienes llegan a su frontera sur.<\/p>\n<p class=\"paragraph\">Cuando funcionarios de la Casa Blanca dijeron esta semana que hab\u00edan alcanzado acuerdos con los gobiernos de los pa\u00edses del Tri\u00e1ngulo Norte para el despliegue de soldados que ayuden a combatir el tr\u00e1fico de personas en sus fronteras, diversos grupos activistas criticaron al gobierno de Biden por dificultar el proceso para quienes buscan )protecci\u00f3n internacional.<\/p>\n<p class=\"paragraph\">Carbonnier se\u00f1al\u00f3 que los pa\u00edses tienen derecho a controlar sus fronteras, pero al mismo tiempo deben tratar a los migrantes de manera humana y con dignidad.<\/p>\n<p class=\"paragraph\">\u201cLo que vemos nosotros a trav\u00e9s del desierto del Sahara, lo que vemos a trav\u00e9s del mar Mediterr\u00e1neo, lo que vemos tambi\u00e9n en parte de Asia, es que mientras se toman medidas m\u00e1s estrictas que restringen las posibilidades de migraci\u00f3n por v\u00edas, digamos, m\u00e1s oficiales, la migraci\u00f3n sigue\u201d, afirm\u00f3 Carbonnier. \u201cLos migrantes mismos toman muchos m\u00e1s riesgos porque tienen que encontrar v\u00edas alternativas\u201d.<\/p>\n<\/div>\n<p><script defer=\"\">!function(f,b,e,v,n,t,s) {if(f.fbq)return;n=f.fbq=function(){n.callMethod? n.callMethod.apply(n,arguments):n.queue.push(arguments)}; if(!f._fbq)f._fbq=n;n.push=n;n.loaded=!0;n.version='2.0'; n.queue=[];t=b.createElement(e);t.async=!0; t.src=v;s=b.getElementsByTagName(e)[0]; s.parentNode.insertBefore(t,s)}(window, document,'script', 'https:\/\/connect.facebook.net\/en_US\/fbevents.js'); fbq('init', '336383993555320'); fbq('track', 'PageView'); fbq('track', 'ViewContent');<\/script><br \/>\n<br \/><\/p>\n<p><em> &#8221; Fuentes www.infobae.com &#8221; <\/em><\/p>\n","protected":false},"excerpt":{"rendered":"<p>OMOA, Honduras (AP) \u2014 En un resort a la orilla del mar convertido en centro de recepci\u00f3n, m\u00e1s de 200 migrantes hondure\u00f1os descendieron de seis autobuses, cansados de viajar durante la noche cruzando territorio de Guatemala despu\u00e9s de ser deportados desde M\u00e9xico. Su traves\u00eda termin\u00f3 en suelo mexicano sin llegar a la frontera con Estados [&hellip;]<\/p>\n","protected":false},"author":4,"featured_media":114592,"comment_status":"open","ping_status":"closed","sticky":false,"template":"","format":"standard","meta":{"om_disable_all_campaigns":false,"jnews-multi-image_gallery":[],"jnews_single_post":[],"jnews_primary_category":[],"jnews_social_meta":[],"footnotes":""},"categories":[40],"tags":[],"class_list":["post-115365","post","type-post","status-publish","format-standard","has-post-thumbnail","hentry","category-industria"],"_links":{"self":[{"href":"https:\/\/dimensionturistica.com\/es\/wp-json\/wp\/v2\/posts\/115365","targetHints":{"allow":["GET"]}}],"collection":[{"href":"https:\/\/dimensionturistica.com\/es\/wp-json\/wp\/v2\/posts"}],"about":[{"href":"https:\/\/dimensionturistica.com\/es\/wp-json\/wp\/v2\/types\/post"}],"author":[{"embeddable":true,"href":"https:\/\/dimensionturistica.com\/es\/wp-json\/wp\/v2\/users\/4"}],"replies":[{"embeddable":true,"href":"https:\/\/dimensionturistica.com\/es\/wp-json\/wp\/v2\/comments?post=115365"}],"version-history":[{"count":0,"href":"https:\/\/dimensionturistica.com\/es\/wp-json\/wp\/v2\/posts\/115365\/revisions"}],"wp:featuredmedia":[{"embeddable":true,"href":"https:\/\/dimensionturistica.com\/es\/wp-json\/wp\/v2\/media\/114592"}],"wp:attachment":[{"href":"https:\/\/dimensionturistica.com\/es\/wp-json\/wp\/v2\/media?parent=115365"}],"wp:term":[{"taxonomy":"category","embeddable":true,"href":"https:\/\/dimensionturistica.com\/es\/wp-json\/wp\/v2\/categories?post=115365"},{"taxonomy":"post_tag","embeddable":true,"href":"https:\/\/dimensionturistica.com\/es\/wp-json\/wp\/v2\/tags?post=115365"}],"curies":[{"name":"wp","href":"https:\/\/api.w.org\/{rel}","templated":true}]}}