{"id":115338,"date":"2021-04-17T22:09:38","date_gmt":"2021-04-17T22:09:38","guid":{"rendered":"https:\/\/dimensionturistica.com\/es\/?p=115338"},"modified":"2021-04-17T22:09:38","modified_gmt":"2021-04-17T22:09:38","slug":"inicia-reactivacion-de-eventos-en-playa-canaco","status":"publish","type":"post","link":"https:\/\/dimensionturistica.com\/es\/inicia-reactivacion-de-eventos-en-playa-canaco\/","title":{"rendered":"Inicia reactivaci\u00f3n de eventos en playa: Canaco"},"content":{"rendered":"<p> <br \/>\n<\/p>\n<div id=\"texto-nota\">\n<p>                        <a rel=\"nofollow noopener\" target=\"_blank\" href=\"\"><\/p>\n<p>Ha comenzado la reactivaci\u00f3n de bodas, XV a\u00f1os y otros eventos en playa, se\u00f1al\u00f3 Roc\u00edo Macias Calvo, presidenta de la secci\u00f3n especializada de Agencias de Viajes de la C\u00e1mara Nacional de Comercio Servicios y Turismo.<\/p>\n<p>&#8220;Se est\u00e1n respetando los protocolos y restricciones que nos ha impuesto la Secretar\u00eda de Turismo y la Secretar\u00eda de Salud, as\u00ed como las reglas de cada hotel pero si se est\u00e1 reactivando ya este tipo de eventos&#8221;, se\u00f1al\u00f3.<\/p>\n<p>Se\u00f1al\u00f3 que para el mes de mayo podr\u00eda comenzar la reactivaci\u00f3n en forma de estos eventos pues la mayor\u00eda de estos viajes est\u00e1n agendados a partir de mayo y hasta el 2022.<\/p>\n<p>Agreg\u00f3 que la tarifa para este tipo de eventos se increment\u00f3 cerca de un 5% derivado de las especificaciones que se tienen que seguir como lo es la contrataci\u00f3n de m\u00e1s mobiliario, entre otras.<\/p>\n<\/div>\n<p><script>(function (d, s, id) {\n            var js, fjs = d.getElementsByTagName(s)[0];\n            if (d.getElementById(id)) return;\n            js = d.createElement(s);\n            js.id = id;\n            js.src = \"https:\/\/connect.facebook.net\/es_LA\/sdk.js#xfbml=1&version=v2.4\";\n            fjs.parentNode.insertBefore(js, fjs);\n        }(document, 'script', 'facebook-jssdk'));<\/script><script>\n        window.fbAsyncInit = function () {\n            FB.init({\n                appId: '1842784195949242',\n                xfbml: true,\n                version: 'v2.5'\n            });\n        };\n        (function (d, s, id) {\n            var js, fjs = d.getElementsByTagName(s)[0];\n            if (d.getElementById(id)) {\n                return;\n            }\n            js = d.createElement(s);\n            js.id = id;\n            js.src = \"https:\/\/connect.facebook.net\/en_US\/sdk.js\";\n            fjs.parentNode.insertBefore(js, fjs);\n        }(document, 'script', 'facebook-jssdk'));\n    <\/script><script src=\"https:\/\/connect.facebook.net\/es_LA\/all.js#appId=APP_ID&amp;xfbml=1\"\n                                    type=\"text\/javascript\">\n                            <\/script><br \/>\n<br \/><\/p>\n<p><em> &#8221; Fuentes elexpres.com &#8221; <\/em><\/p>\n","protected":false},"excerpt":{"rendered":"<p>Ha comenzado la reactivaci\u00f3n de bodas, XV a\u00f1os y otros eventos en playa, se\u00f1al\u00f3 Roc\u00edo Macias Calvo, presidenta de la secci\u00f3n especializada de Agencias de Viajes de la C\u00e1mara Nacional de Comercio Servicios y Turismo. &#8220;Se est\u00e1n respetando los protocolos y restricciones que nos ha impuesto la Secretar\u00eda de Turismo y la Secretar\u00eda de Salud, [&hellip;]<\/p>\n","protected":false},"author":4,"featured_media":115339,"comment_status":"open","ping_status":"closed","sticky":false,"template":"","format":"standard","meta":{"om_disable_all_campaigns":false,"jnews-multi-image_gallery":[],"jnews_single_post":[],"jnews_primary_category":[],"jnews_social_meta":[],"footnotes":""},"categories":[40],"tags":[],"class_list":["post-115338","post","type-post","status-publish","format-standard","has-post-thumbnail","hentry","category-industria"],"_links":{"self":[{"href":"https:\/\/dimensionturistica.com\/es\/wp-json\/wp\/v2\/posts\/115338","targetHints":{"allow":["GET"]}}],"collection":[{"href":"https:\/\/dimensionturistica.com\/es\/wp-json\/wp\/v2\/posts"}],"about":[{"href":"https:\/\/dimensionturistica.com\/es\/wp-json\/wp\/v2\/types\/post"}],"author":[{"embeddable":true,"href":"https:\/\/dimensionturistica.com\/es\/wp-json\/wp\/v2\/users\/4"}],"replies":[{"embeddable":true,"href":"https:\/\/dimensionturistica.com\/es\/wp-json\/wp\/v2\/comments?post=115338"}],"version-history":[{"count":0,"href":"https:\/\/dimensionturistica.com\/es\/wp-json\/wp\/v2\/posts\/115338\/revisions"}],"wp:featuredmedia":[{"embeddable":true,"href":"https:\/\/dimensionturistica.com\/es\/wp-json\/wp\/v2\/media\/115339"}],"wp:attachment":[{"href":"https:\/\/dimensionturistica.com\/es\/wp-json\/wp\/v2\/media?parent=115338"}],"wp:term":[{"taxonomy":"category","embeddable":true,"href":"https:\/\/dimensionturistica.com\/es\/wp-json\/wp\/v2\/categories?post=115338"},{"taxonomy":"post_tag","embeddable":true,"href":"https:\/\/dimensionturistica.com\/es\/wp-json\/wp\/v2\/tags?post=115338"}],"curies":[{"name":"wp","href":"https:\/\/api.w.org\/{rel}","templated":true}]}}