{"id":115329,"date":"2021-04-17T22:03:31","date_gmt":"2021-04-17T22:03:31","guid":{"rendered":"https:\/\/dimensionturistica.com\/es\/?p=115329"},"modified":"2021-04-17T22:03:31","modified_gmt":"2021-04-17T22:03:31","slug":"vitrina-turistica-de-anato-reprogramada-para-junio-spanish-version","status":"publish","type":"post","link":"https:\/\/dimensionturistica.com\/es\/vitrina-turistica-de-anato-reprogramada-para-junio-spanish-version\/","title":{"rendered":"Vitrina Tur\u00edstica de Anato reprogramada para junio &#8211; Spanish Version"},"content":{"rendered":"<p> <br \/>\n<\/p>\n<div itemprop=\"articleBody\">\n<!-- ARTICAL CONTENT --><\/p>\n<p>La Asociaci\u00f3n Colombiana de Agencias de Viajes y Turismo (Anato) anunci\u00f3 que la Vitrina Tur\u00edstica ser\u00eda aplazada y que se anunciar\u00eda una nueva fecha.<\/p>\n<p>La Vitrina Tur\u00edstica se ha consolidado como el evento m\u00e1s importante del turismo en Colombia y en Am\u00e9rica Latina, el espacio profesional donde se concretan negocios del orden nacional e internacional.<\/p>\n<p>Debido al reciente anuncio del presidente, Iv\u00e1n Duque M\u00e1rquez y las diferentes medidas tomadas por alcaldes y gobernadores en las diferentes regiones del pa\u00eds para minimizar el impacto de un tercer pico de la pandemia, la organizaci\u00f3n del evento ha decidido reprogramar las fechas para el mes de junio, desarroll\u00e1ndose del 16 al 18 de ese mes, en el recinto de Corferias, en la ciudad de Bogot\u00e1.<\/p>\n<p>Para esta modificaci\u00f3n, se llevaron a cabo varias reuniones donde se analiz\u00f3 la mejor alternativa, apost\u00e1ndole a este evento como el escenario de la reactivaci\u00f3n del turismo, uno de los sectores m\u00e1s golpeados.<\/p>\n<p>Adem\u00e1s de la versi\u00f3n presencial de la VITRINA, del 23 al 25 de junio se llevar\u00e1 a cabo la versi\u00f3n digital, como complemento a la estrategia del evento y de esta manera permitirles a los empresarios que no puedan asistir al recinto, tener la oportunidad de consolidar sus contactos comerciales y la creaci\u00f3n de una oferta m\u00e1s fortalecida para los viajeros.<\/p>\n<p>\u201cAgradecemos el respaldo a los empresarios nacionales e internacionales, que vienen trabajando en su oferta tur\u00edstica, en mostrar sus protocolos de bioseguridad, y las novedades del mercado; al Ministerio de Comercio, Industria y Turismo; Viceministerio de Turismo; Fondo Nacional de Turismo \u2013 Fontur, ProColombia, Federaci\u00f3n Nacional de Departamentos, as\u00ed como los representantes de todas las regiones del pa\u00eds, por mantener la confianza en la realizaci\u00f3n de este evento, los cuales reconocen la apuesta que le estamos haciendo al turismo\u201d, se\u00f1al\u00f3 Paula Cort\u00e9s Calle, presidente ejecutiva de ANATO.<\/p>\n<p>Fuente: Anato<\/p>\n<\/p><\/div>\n\n<p><em> &#8221; Fuentes newsinamerica.com &#8221; <\/em><\/p>\n","protected":false},"excerpt":{"rendered":"<p>La Asociaci\u00f3n Colombiana de Agencias de Viajes y Turismo (Anato) anunci\u00f3 que la Vitrina Tur\u00edstica ser\u00eda aplazada y que se anunciar\u00eda una nueva fecha. La Vitrina Tur\u00edstica se ha consolidado como el evento m\u00e1s importante del turismo en Colombia y en Am\u00e9rica Latina, el espacio profesional donde se concretan negocios del orden nacional e internacional. [&hellip;]<\/p>\n","protected":false},"author":4,"featured_media":115330,"comment_status":"open","ping_status":"closed","sticky":false,"template":"","format":"standard","meta":{"om_disable_all_campaigns":false,"jnews-multi-image_gallery":[],"jnews_single_post":[],"jnews_primary_category":[],"jnews_social_meta":[],"footnotes":""},"categories":[40],"tags":[],"class_list":["post-115329","post","type-post","status-publish","format-standard","has-post-thumbnail","hentry","category-industria"],"_links":{"self":[{"href":"https:\/\/dimensionturistica.com\/es\/wp-json\/wp\/v2\/posts\/115329","targetHints":{"allow":["GET"]}}],"collection":[{"href":"https:\/\/dimensionturistica.com\/es\/wp-json\/wp\/v2\/posts"}],"about":[{"href":"https:\/\/dimensionturistica.com\/es\/wp-json\/wp\/v2\/types\/post"}],"author":[{"embeddable":true,"href":"https:\/\/dimensionturistica.com\/es\/wp-json\/wp\/v2\/users\/4"}],"replies":[{"embeddable":true,"href":"https:\/\/dimensionturistica.com\/es\/wp-json\/wp\/v2\/comments?post=115329"}],"version-history":[{"count":0,"href":"https:\/\/dimensionturistica.com\/es\/wp-json\/wp\/v2\/posts\/115329\/revisions"}],"wp:featuredmedia":[{"embeddable":true,"href":"https:\/\/dimensionturistica.com\/es\/wp-json\/wp\/v2\/media\/115330"}],"wp:attachment":[{"href":"https:\/\/dimensionturistica.com\/es\/wp-json\/wp\/v2\/media?parent=115329"}],"wp:term":[{"taxonomy":"category","embeddable":true,"href":"https:\/\/dimensionturistica.com\/es\/wp-json\/wp\/v2\/categories?post=115329"},{"taxonomy":"post_tag","embeddable":true,"href":"https:\/\/dimensionturistica.com\/es\/wp-json\/wp\/v2\/tags?post=115329"}],"curies":[{"name":"wp","href":"https:\/\/api.w.org\/{rel}","templated":true}]}}