{"id":115293,"date":"2021-04-17T19:41:16","date_gmt":"2021-04-17T19:41:16","guid":{"rendered":"https:\/\/dimensionturistica.com\/es\/?p=115293"},"modified":"2021-04-17T19:41:17","modified_gmt":"2021-04-17T19:41:17","slug":"sin-castros-y-sin-esperanza-de-cambios-en-miami-internacional","status":"publish","type":"post","link":"https:\/\/dimensionturistica.com\/es\/sin-castros-y-sin-esperanza-de-cambios-en-miami-internacional\/","title":{"rendered":"Sin Castros y sin esperanza de cambios en Miami | Internacional"},"content":{"rendered":"<p> <br \/>\n<\/p>\n<div id=\"ctn_article_body\">\n<p class=\"\">Esta vez no ha habido m\u00fasica ni abrazos ni cacerolazos ni gritos de libertad. Si en 2016 la muerte de Fidel Castro se <a rel=\"nofollow noopener\" target=\"_blank\" href=\"https:\/\/elpais.com\/internacional\/2016\/11\/26\/actualidad\/1480155380_305340.html\">celebr\u00f3 como un carnaval<\/a> en la Peque\u00f1a Habana de Miami, el anuncio formal de <a rel=\"nofollow noopener\" target=\"_blank\" href=\"https:\/\/elpais.com\/internacional\/2021-04-16\/raul-castro-confirma-su-renuncia-a-la-presidencia-del-partido-comunista-de-cuba-para-dar-el-ejemplo.html\">la salida de su hermano menor Ra\u00fal<\/a> del poder se vive en silencio, con menos fanfarria y m\u00e1s escepticismo en la capital del exilio cubano. \u201cMientras sigan los hist\u00f3ricos con vida, ellos van a seguir mandando en Cuba. A los que ponen en el poder son como unas marionetas que las mueven\u201d, cube Humberto L\u00f3pez, de 82 a\u00f1os, uno de los directores de la Brigada 2506, la organizaci\u00f3n de veteranos de la fallida <a rel=\"nofollow noopener\" target=\"_blank\" href=\"https:\/\/elpais.com\/elpais\/2016\/11\/26\/album\/1480156399_253304.html\">invasi\u00f3n de Bah\u00eda de Cochinos<\/a>, un hecho hist\u00f3rico del que este s\u00e1bado se cumplen 60 a\u00f1os.<\/p>\n<p class=\"\">En abril de 1961, con 22 a\u00f1os, L\u00f3pez form\u00f3 parte del mayor intento de derrocar por las armas a <a rel=\"nofollow noopener\" target=\"_blank\" href=\"https:\/\/elpais.com\/noticias\/fidel-castro\/\">Fidel Castro<\/a>, en el que participaron un millar y medio de exiliados cubanos. Aunque el desembarco se sald\u00f3 con un fracaso, los sobrevivientes del grupo, que fueron capturados durante casi dos a\u00f1os en c\u00e1rceles cubanas y despu\u00e9s liberados, celebran estos d\u00edas el aniversario de la invasi\u00f3n con un ojo pendiente de lo que pasa en el <a rel=\"nofollow noopener\" target=\"_blank\" href=\"https:\/\/elpais.com\/internacional\/2021-04-16\/raul-castro-una-revolucion-diferente-a-la-de-fidel.html\">Congreso del Partido Comunista que se celebra en La Habana.<\/a> \u201cYo no creo que va a haber muchos cambios. Va a seguir esta misma nomenclatura que ha mandado por 60 a\u00f1os hasta que el ciclo de la vida se los lleve\u201d, apunta L\u00f3pez en la sede del museo de la Brigada 2506, delante de una pared plagada de fotos de los ca\u00eddos: los \u201cm\u00e1rtires que murieron peleando por la libertad de Cuba\u201d, en el centro; y los que fallecieron despu\u00e9s \u2014en otras guerras como la de Vietnam o por la edad\u2014 a los lados.<\/p>\n<p class=\"\">Durante mucho tiempo, los exiliados cubanos so\u00f1aron que la muerte de Fidel Castro marcar\u00eda el fin del r\u00e9gimen por el que tuvieron que dejar la isla. Pero la <a rel=\"nofollow noopener\" target=\"_blank\" href=\"https:\/\/elpais.com\/elpais\/2016\/11\/26\/album\/1480156097_641094.html\">larga enfermedad <\/a>del l\u00edder de la revoluci\u00f3n cubana permiti\u00f3 una transici\u00f3n de poder paulatina hacia su hermano Ra\u00fal. Quince a\u00f1os despu\u00e9s de que lo pusieran al frente del Gobierno \u2014que dej\u00f3 en 2018 en manos de <a rel=\"nofollow noopener\" target=\"_blank\" href=\"https:\/\/elpais.com\/noticias\/miguel-diaz-canel-bermudez\/\">Miguel D\u00edaz-Canel<\/a>\u2014 y a punto de pasar el relevo del liderazgo del partido \u00fanico cubano, se est\u00e1 demostrando que es posible pensar en un castrismo m\u00e1s all\u00e1 de los Castro. \u201cEl sistema y el Gobierno cubano es m\u00e1s que un apellido. Nos guste o no, hay un engranaje que va m\u00e1s all\u00e1 de la personalidad de los l\u00edderes, lo cual no quiere decir que para la nueva generaci\u00f3n de l\u00edderes no sea un desaf\u00edo\u201d, afirma Michael Bustamante, profesor de historia latinoamericana de la Universidad Internacional de Florida (FIU, por sus siglas en ingl\u00e9s).<\/p>\n<p class=\"\">Autor del libro <a rel=\"nofollow noopener\" target=\"_blank\" href=\"https:\/\/uncpress.org\/book\/9781469662039\/cuban-memory-wars\/\"><i>Cuban Memory Wars<\/i><\/a> (<i>Las guerras de la memoria de los cubanos<\/i>) que explora c\u00f3mo los <a rel=\"nofollow noopener\" target=\"_blank\" href=\"https:\/\/elpais.com\/internacional\/elecciones-usa\/2020-10-31\/en-el-epicentro-del-obamacare-no-quieren-a-un-presidente-socialista.html\">traumas del exilio moldean<\/a> la percepci\u00f3n de la historia a ambos lados del Estrecho de Florida, Bustamante sostiene que, independientemente de los cambios que se anuncien en el Congreso del Partido Comunista, no hay mucha esperanza entre los cubanos en Estados Unidos. La isla vive su peor disaster econ\u00f3mica en 30 a\u00f1os, golpeada por los efectos atroces de la pandemia en el turismo y el endurecimiento de las sanciones de <a rel=\"nofollow noopener\" target=\"_blank\" href=\"https:\/\/elpais.com\/noticias\/donald-trump\/\">Donald Trump<\/a> (que <a rel=\"nofollow noopener\" target=\"_blank\" href=\"https:\/\/elpais.com\/opinion\/2021-04-16\/biden-y-el-marxismo-cubano.html\">Joe Biden ha mantenido vigentes hasta ahora).<\/a><\/p>\n<p class=\"\">\u201cYo creo que la salida del segundo Castro del poder va a permitir que los cubanos se imaginen una Cuba sin el dogma de lo que represent\u00f3 ese apellido\u201d, cube con algo m\u00e1s de optimismo Guennady Rodr\u00edguez, un abogado que lleg\u00f3 a Miami en 2013. Tras salir de Cuba con una beca de estudios \u2014algo que pudo hacer gracias a una de las medidas de apertura aprobadas por Ra\u00fal Castro para eliminar las visas de salida a quienes quisieran viajar\u2014, el a\u00f1o pasado este cubano de 39 a\u00f1os cre\u00f3 <a rel=\"nofollow noopener\" target=\"_blank\" href=\"https:\/\/23yflagler.com\/\"><i>23 y Flagler<\/i><\/a>, una plataforma independiente para ofrecer contenido de actualidad con una visi\u00f3n m\u00e1s progresista que la del n\u00facleo duro del exilio.<\/p>\n<p class=\"\">\u201cLa mayor\u00eda de los que trabajamos ah\u00ed creemos en el <i>engagement<\/i> (cooperaci\u00f3n) entre los dos pa\u00edses y no en una pol\u00edtica de aislamiento que no ha dado resultados\u201d, defiende Rodr\u00edguez, quien conf\u00eda en que Biden cumpla con su promesa de un mayor acercamiento a Cuba como una v\u00eda de impulsar cambios en la isla hacia una mayor pluralidad y democratizaci\u00f3n de la sociedad. \u201cYo estoy bastante decepcionado con la lentitud con la que Biden ha actuado. No hay forma de justificar el prohibir a una persona mandar remesas a sus seres queridos que est\u00e1n necesitados\u201d, cube por su parte Bustamante, el profesor de la FIU, en referencia a la decisi\u00f3n de la nueva Administraci\u00f3n de mantener algunas medidas tomadas por Trump que dificultan a los cubanos <a rel=\"nofollow noopener\" target=\"_blank\" href=\"https:\/\/elpais.com\/internacional\/elecciones-usa\/2020-11-20\/las-remesas-en-el-centro-de-las-relaciones-entre-cuba-y-estados-unidos.html\">el env\u00edo de dinero a sus familias. <\/a><\/p>\n<h2 class=\"font_secondary color_gray_ultra_dark\">\u201cEl tiempo nos dio la raz\u00f3n\u201d<\/h2>\n<p class=\"\">Sin embargo, el acad\u00e9mico reconoce que en los \u00faltimos a\u00f1os, con la presidencia de Trump, se han endurecido las actitudes de los cubanos en el exilio hacia algunas cuestiones pr\u00e1cticas, como el env\u00edo de remesas o los viajes de los cubanoamericanos a la isla, que el expresidente Barack Obama hab\u00eda flexibilizado en el hist\u00f3rico proceso de deshielo con La Habana. Seg\u00fan la<a rel=\"nofollow noopener\" target=\"_blank\" href=\"https:\/\/cri.fiu.edu\/research\/cuba-poll\/2020-fiu-cuba-poll.pdf\"> \u00faltima encuesta de opini\u00f3n p\u00fablica<\/a> hecha por la FIU, a finales de 2020 un 54% de los cubanos y cubanoamericanos en Miami apoyaban el embargo a Cuba frente al 31,6% que estaban <a rel=\"nofollow noopener\" target=\"_blank\" href=\"https:\/\/cri.fiu.edu\/research\/cuba-poll\/2016-cuba-poll.pdf\">a favor de esa medida en 2016<\/a>.<\/p>\n<figure class=\"f | margin_top\"><img decoding=\"async\" alt=\"Los veteranos de Bah&#xED;a de Cochinos Humberto L&#xF3;pez y Arturo S&#xE1;nchez Bella posan delante de las fotos de los ca&#xED;dos en el museo de la Brigada 2506 en Miami el viernes, 16 de abril de 2021.\" class=\"lazyload block width_full\" width=\"4032\" height=\"3024\" loading=\"lazy\" src=\"https:\/\/imagenes.elpais.com\/resizer\/Ok5CHoq7UJ9gjpS4hsZNm-t-arw=\/414x0\/cloudfront-eu-central-1.images.arcpublishing.com\/prisa\/EVNHNORFIZEFLEV7BWF7YQ4AKU.jpg\" srcset=\"https:\/\/imagenes.elpais.com\/resizer\/Ok5CHoq7UJ9gjpS4hsZNm-t-arw=\/414x0\/cloudfront-eu-central-1.images.arcpublishing.com\/prisa\/EVNHNORFIZEFLEV7BWF7YQ4AKU.jpg 414w,https:\/\/imagenes.elpais.com\/resizer\/1bOpd1C3QaJAy9gjDrWxjE_X3-o=\/828x0\/cloudfront-eu-central-1.images.arcpublishing.com\/prisa\/EVNHNORFIZEFLEV7BWF7YQ4AKU.jpg 640w,https:\/\/imagenes.elpais.com\/resizer\/CFZCnXSRrwLwWCJLIGiMik4wpM4=\/980x0\/cloudfront-eu-central-1.images.arcpublishing.com\/prisa\/EVNHNORFIZEFLEV7BWF7YQ4AKU.jpg 1000w,https:\/\/imagenes.elpais.com\/resizer\/T6Z7CO3kdpxsZRSXl0-MU9-gz6E=\/1960x0\/cloudfront-eu-central-1.images.arcpublishing.com\/prisa\/EVNHNORFIZEFLEV7BWF7YQ4AKU.jpg 1960w\"\/><figcaption class=\"f_c | border_bottom border_1 border_gray_ultra_light_warm text_align_right padding_vertical color_gray_medium\"><span>Los veteranos de Bah\u00eda de Cochinos Humberto L\u00f3pez y Arturo S\u00e1nchez Bella posan delante de las fotos de los ca\u00eddos en el museo de la Brigada 2506 en Miami el viernes, 16 de abril de 2021.<\/span><span class=\"f_a | color_black margin_left uppercase light\"><span class=\"author\">Lorena  Arroyo Valles<\/span><\/span><\/figcaption><\/figure>\n<p class=\"\">\u201cLos hechos han demostrado que la decisi\u00f3n de Obama fue un fracaso y, basado en eso, esta administraci\u00f3n ha sido muy cautelosa en tener alg\u00fan tipo de relaci\u00f3n con Cuba\u201d, opina Humberto L\u00f3pez, el veterano de Bah\u00eda Cochinos. \u201cTal vez llegue a una cosa m\u00e1s suave: vuelos a Cuba, algunos cruceros, pero esta Administraci\u00f3n no va a llegar a lo que hizo Obama\u201d, opina.<\/p>\n<p class=\"\">En lo que casi todos en el exilio parecen estar de acuerdo es que hay dos grietas por las que se puede atisbar un hilo de esperanza de que las cosas cambien en Cuba: por un lado, las <a rel=\"nofollow noopener\" target=\"_blank\" href=\"https:\/\/elpais.com\/internacional\/2020-12-07\/decenas-de-academicos-exigen-un-dialogo-nacional-en-cuba-y-el-cese-del-acoso-a-las-voces-disidentes.html\">voces cr\u00edticas<\/a> surgidas en la isla en los \u00faltimos meses que piden una sociedad m\u00e1s abierta y, por otro, el acceso a web que ofrece una ventana a los cubanos de lo que pasa fuera de la isla.<\/p>\n<p class=\"\">\u201cEl problema que tienen, que es m\u00e1s serio que la invasi\u00f3n, es la internet\u201d, opina Rafael Montalvo, otro de los veteranos de Bah\u00eda Cochinos. \u201cYa hoy en d\u00eda no pueden apresarle la mente a la gente. La internet se convierte en un veh\u00edculo abierto a toda la poblaci\u00f3n. Todo el mundo est\u00e1 puesto y quieren un cambio\u201d, afirma sorprendido por la proliferaci\u00f3n de sitios hechos en la isla con comentarios cr\u00edticos hacia el r\u00e9gimen.<\/p>\n<p class=\"\">Sentado con otros tres excombatientes en la sede el museo de la Brigada 2506 mientras comparten unas hamburguesas de McDonald\u2019s, Montalvo sostiene que no cree que hace 60 a\u00f1os perdieran la batalla. Primero, porque los combatientes lograron regresar a Estados Unidos tras ser liberados en Cuba. Y segundo, cube, porque el desarrollo pol\u00edtico en la isla les reafirma que la lucha que hicieron entonces ten\u00eda sentido.<\/p>\n<p class=\"\">\u201cEl tiempo nos ha dado la raz\u00f3n. El comunismo era un desastre. Nosotros volvimos, hicimos nuestra vida, tuvimos \u00e9xito, pero nadie se olvida de Cuba ni del prop\u00f3sito que sigue siendo v\u00e1lido hoy en d\u00eda, m\u00e1s vigente que nunca. Y todo lo que dec\u00eda Castro: a la brigada se nos pint\u00f3 de mercenarios, agentes de la CIA, gusanos, asesinos\u2026 hoy en d\u00eda es obvio que no \u00e9ramos eso. \u00c9ramos idealistas\u201d, se defiende.<\/p>\n<p class=\"\">Seis d\u00e9cadas despu\u00e9s de aquel episodio, Montalvo es consciente de que el camino hacia el fin del castrismo en Cuba por el que lucharon est\u00e1 siendo largo, pero cube que no pierde la esperanza de un cambio en el futuro: \u201c\u00bfCu\u00e1nto les tom\u00f3 a ustedes [los espa\u00f1oles] liberarse de los moros? \u00bfCu\u00e1nto nos tom\u00f3 a nosotros zafarnos de los espa\u00f1oles? Nosotros llevamos 60 a\u00f1os nada m\u00e1s\u201d.<\/p>\n<\/div>\n\n<p><em> &#8221; Fuentes elpais.com &#8221; <\/em><\/p>\n","protected":false},"excerpt":{"rendered":"<p>Esta vez no ha habido m\u00fasica ni abrazos ni cacerolazos ni gritos de libertad. Si en 2016 la muerte de Fidel Castro se celebr\u00f3 como un carnaval en la Peque\u00f1a Habana de Miami, el anuncio formal de la salida de su hermano menor Ra\u00fal del poder se vive en silencio, con menos fanfarria y m\u00e1s [&hellip;]<\/p>\n","protected":false},"author":4,"featured_media":115294,"comment_status":"open","ping_status":"closed","sticky":false,"template":"","format":"standard","meta":{"om_disable_all_campaigns":false,"jnews-multi-image_gallery":[],"jnews_single_post":[],"jnews_primary_category":[],"jnews_social_meta":[],"footnotes":""},"categories":[40],"tags":[],"class_list":["post-115293","post","type-post","status-publish","format-standard","has-post-thumbnail","hentry","category-industria"],"_links":{"self":[{"href":"https:\/\/dimensionturistica.com\/es\/wp-json\/wp\/v2\/posts\/115293","targetHints":{"allow":["GET"]}}],"collection":[{"href":"https:\/\/dimensionturistica.com\/es\/wp-json\/wp\/v2\/posts"}],"about":[{"href":"https:\/\/dimensionturistica.com\/es\/wp-json\/wp\/v2\/types\/post"}],"author":[{"embeddable":true,"href":"https:\/\/dimensionturistica.com\/es\/wp-json\/wp\/v2\/users\/4"}],"replies":[{"embeddable":true,"href":"https:\/\/dimensionturistica.com\/es\/wp-json\/wp\/v2\/comments?post=115293"}],"version-history":[{"count":0,"href":"https:\/\/dimensionturistica.com\/es\/wp-json\/wp\/v2\/posts\/115293\/revisions"}],"wp:featuredmedia":[{"embeddable":true,"href":"https:\/\/dimensionturistica.com\/es\/wp-json\/wp\/v2\/media\/115294"}],"wp:attachment":[{"href":"https:\/\/dimensionturistica.com\/es\/wp-json\/wp\/v2\/media?parent=115293"}],"wp:term":[{"taxonomy":"category","embeddable":true,"href":"https:\/\/dimensionturistica.com\/es\/wp-json\/wp\/v2\/categories?post=115293"},{"taxonomy":"post_tag","embeddable":true,"href":"https:\/\/dimensionturistica.com\/es\/wp-json\/wp\/v2\/tags?post=115293"}],"curies":[{"name":"wp","href":"https:\/\/api.w.org\/{rel}","templated":true}]}}