{"id":115278,"date":"2021-04-17T19:07:59","date_gmt":"2021-04-17T19:07:59","guid":{"rendered":"https:\/\/dimensionturistica.com\/es\/?p=115278"},"modified":"2021-04-17T19:08:00","modified_gmt":"2021-04-17T19:08:00","slug":"los-retos-del-sector-turistico-pospandemia","status":"publish","type":"post","link":"https:\/\/dimensionturistica.com\/es\/los-retos-del-sector-turistico-pospandemia\/","title":{"rendered":"Los retos del sector tur\u00edstico pospandemia"},"content":{"rendered":"<p> <br \/>\n<\/p>\n<div>\n<div class=\"td-post-featured-image\"><a rel=\"nofollow noopener\" target=\"_blank\" href=\"https:\/\/tecnohotelnews.com\/wp-content\/uploads\/2021\/04\/forum-turistic-2021.jpg\" data-caption=\"\"><img decoding=\"async\" width=\"696\" height=\"464\" class=\"entry-thumb td-modal-image\" src=\"https:\/\/tecnohotelnews.com\/wp-content\/uploads\/2021\/04\/forum-turistic-2021-696x464.jpg\" srcset=\"https:\/\/tecnohotelnews.com\/wp-content\/uploads\/2021\/04\/forum-turistic-2021-696x464.jpg 696w, https:\/\/tecnohotelnews.com\/wp-content\/uploads\/2021\/04\/forum-turistic-2021-300x200.jpg 300w, https:\/\/tecnohotelnews.com\/wp-content\/uploads\/2021\/04\/forum-turistic-2021-1024x683.jpg 1024w, https:\/\/tecnohotelnews.com\/wp-content\/uploads\/2021\/04\/forum-turistic-2021-768x512.jpg 768w, https:\/\/tecnohotelnews.com\/wp-content\/uploads\/2021\/04\/forum-turistic-2021-1536x1024.jpg 1536w, https:\/\/tecnohotelnews.com\/wp-content\/uploads\/2021\/04\/forum-turistic-2021-346x230.jpg 346w, https:\/\/tecnohotelnews.com\/wp-content\/uploads\/2021\/04\/forum-turistic-2021-1068x712.jpg 1068w, https:\/\/tecnohotelnews.com\/wp-content\/uploads\/2021\/04\/forum-turistic-2021.jpg 1920w\" sizes=\"(max-width: 696px) 100vw, 696px\" alt=\"forum turistic 2020\" title=\"forum-turistic-2020\"\/><\/a><\/div>\n<p>El <strong>22 de junio<\/strong> tendr\u00e1 lugar en Barcelona en formato h\u00edbrido la novena edici\u00f3n del <a rel=\"nofollow noopener\" target=\"_blank\" href=\"https:\/\/tecnohotelnews.com\/2020\/09\/28\/forum-turistic-tecnologia-turismo\/\"><strong>Forum TurisTIC<\/strong><\/a>, el congreso sobre la aplicaci\u00f3n de las TIC en el turismo organizado por el centro tecnol\u00f3gico <strong>Eurecat<\/strong>. Los expertos se reunir\u00e1n en este encuentro para <strong>abordar los principales retos del sector<\/strong> en un escenario pospandemia.<\/p>\n<p>La finalidad de esta nueva entrega del Discussion board TurisTIC es la de poner sobre la mesa los diferentes problemas a los que se enfrenta la industria en 2021, as\u00ed como las soluciones pertinentes a las <strong>nuevas necesidades que han surgido a ra\u00edz de la pandemia<\/strong>.<\/p>\n<p>Para lograr esta tarea, el Discussion board TurisTIC reunir\u00e1 a empresas del sector tur\u00edstico, compa\u00f1\u00edas de innovaci\u00f3n y desarrollo tecnol\u00f3gico, instituciones p\u00fablicas implicadas y asociaciones y gremios especializados en todos estos \u00e1mbitos.<\/p>\n<h2>Las tem\u00e1ticas del Discussion board TurisTIC 2021<\/h2>\n<p>Una de las claves de esta edici\u00f3n ser\u00e1 la <strong>gesti\u00f3n de los destinos mediante la inteligencia synthetic<\/strong>, o c\u00f3mo usar este mecanismo para ayudar a gestionar la movilidad, la gesti\u00f3n de flujos, la sostenibilidad y el advertising tur\u00edstico.<\/p>\n<p>Por otro lado, se profundizar\u00e1 en un nuevo nicho de mercado para el advertising tur\u00edstico y en c\u00f3mo atraer a estos perfiles profesionales, conocidos como <strong>\u201cn\u00f3madas digitales\u201d<\/strong>. Esta figura ha surgido al calor de la pandemia, animada por la implementaci\u00f3n del teletrabajo y la descentralizaci\u00f3n de grandes y peque\u00f1as empresas.<\/p>\n<p>Otros de los temas que no faltar\u00e1n ser\u00e1n los fondos de recuperaci\u00f3n Subsequent Era EU para la transformaci\u00f3n digital o la <strong>transici\u00f3n ecol\u00f3gica de la actividad tur\u00edstica<\/strong>, entre otros.<\/p>\n<h2>Abierta la convocatoria \u2018Call for Projects\u2019<\/h2>\n<p>El evento ha abierto el plazo para presentar candidaturas de <strong>aplicaciones tecnol\u00f3gicas que contribuyan a gestionar los destinos<\/strong> y el advertising tur\u00edstico, con especial incidencia en los desaf\u00edos que se plantean en el contexto del turismo una vez que la pandemia acabe.<\/p>\n<p>La convocatoria, denominada <a rel=\"nofollow noopener\" target=\"_blank\" href=\"https:\/\/www.forumturistic.com\/call-for-projects-2021\/\"><strong>\u2018Call for Projects\u2019<\/strong><\/a>, estar\u00e1 abierta hasta el 18 de abril. Los proyectos seleccionados podr\u00e1n <strong>contar su experiencia innovadora<\/strong> en el marco del congreso. Este cuenta con las entidades promotoras de la Generalitat de Catalunya, el Ayuntamiento de Barcelona y la Diputaci\u00f3n de Barcelona.<\/p>\n<\/p><\/div>\n\n<p><em> &#8221; Fuentes tecnohotelnews.com &#8221; <\/em><\/p>\n","protected":false},"excerpt":{"rendered":"<p>El 22 de junio tendr\u00e1 lugar en Barcelona en formato h\u00edbrido la novena edici\u00f3n del Forum TurisTIC, el congreso sobre la aplicaci\u00f3n de las TIC en el turismo organizado por el centro tecnol\u00f3gico Eurecat. Los expertos se reunir\u00e1n en este encuentro para abordar los principales retos del sector en un escenario pospandemia. La finalidad de [&hellip;]<\/p>\n","protected":false},"author":4,"featured_media":115279,"comment_status":"open","ping_status":"closed","sticky":false,"template":"","format":"standard","meta":{"om_disable_all_campaigns":false,"jnews-multi-image_gallery":[],"jnews_single_post":[],"jnews_primary_category":[],"jnews_social_meta":[],"footnotes":""},"categories":[40],"tags":[],"class_list":["post-115278","post","type-post","status-publish","format-standard","has-post-thumbnail","hentry","category-industria"],"_links":{"self":[{"href":"https:\/\/dimensionturistica.com\/es\/wp-json\/wp\/v2\/posts\/115278","targetHints":{"allow":["GET"]}}],"collection":[{"href":"https:\/\/dimensionturistica.com\/es\/wp-json\/wp\/v2\/posts"}],"about":[{"href":"https:\/\/dimensionturistica.com\/es\/wp-json\/wp\/v2\/types\/post"}],"author":[{"embeddable":true,"href":"https:\/\/dimensionturistica.com\/es\/wp-json\/wp\/v2\/users\/4"}],"replies":[{"embeddable":true,"href":"https:\/\/dimensionturistica.com\/es\/wp-json\/wp\/v2\/comments?post=115278"}],"version-history":[{"count":0,"href":"https:\/\/dimensionturistica.com\/es\/wp-json\/wp\/v2\/posts\/115278\/revisions"}],"wp:featuredmedia":[{"embeddable":true,"href":"https:\/\/dimensionturistica.com\/es\/wp-json\/wp\/v2\/media\/115279"}],"wp:attachment":[{"href":"https:\/\/dimensionturistica.com\/es\/wp-json\/wp\/v2\/media?parent=115278"}],"wp:term":[{"taxonomy":"category","embeddable":true,"href":"https:\/\/dimensionturistica.com\/es\/wp-json\/wp\/v2\/categories?post=115278"},{"taxonomy":"post_tag","embeddable":true,"href":"https:\/\/dimensionturistica.com\/es\/wp-json\/wp\/v2\/tags?post=115278"}],"curies":[{"name":"wp","href":"https:\/\/api.w.org\/{rel}","templated":true}]}}