{"id":115246,"date":"2021-04-17T17:12:37","date_gmt":"2021-04-17T17:12:37","guid":{"rendered":"https:\/\/dimensionturistica.com\/es\/?p=115246"},"modified":"2021-04-17T17:12:37","modified_gmt":"2021-04-17T17:12:37","slug":"r-checa-el-ministro-del-interior-checo-cancela-un-viaje-a-moscu-para-tratar-la-vacuna-del-coronavirus","status":"publish","type":"post","link":"https:\/\/dimensionturistica.com\/es\/r-checa-el-ministro-del-interior-checo-cancela-un-viaje-a-moscu-para-tratar-la-vacuna-del-coronavirus\/","title":{"rendered":"R.Checa.- El ministro del Interior checo cancela un viaje a Mosc\u00fa para tratar la vacuna del coronavirus"},"content":{"rendered":"<p> <br \/>\n<\/p>\n<div>\n<p class=\"paragraph\">PRAGA, 17 (DPA\/EP)<\/p>\n<p>El ministro del Inside de Rep\u00fablica Checa, Jan Hamacek, ha cancelado finalmente un pol\u00e9mico viaje a Mosc\u00fa que ten\u00eda previsto hacer para tratar la posible adquisici\u00f3n de la vacuna rusa Sputnik V tras las cr\u00edticas desde el propio Gobierno.<\/p>\n<p>Hamacek iba a partir hacia Rusia el lunes, pero este s\u00e1bado ha publicado en Twitter que period necesario que se quedara en el pa\u00eds para participar en un Consejo de Ministros urgente. Tanto la oposici\u00f3n como el oficialista partido Alianza de Ciudadanos Descontentos (ANO por sus siglas en checo) hab\u00edan criticado el viaje.<\/p>\n<p>El primer ministro checo, Andrej Babis, ha asegurado que las vacunas no estaban en la agenda de Hamacek e incluso lleg\u00f3 a amenazar con no autorizar el uso de un avi\u00f3n oficial para el viaje. La postura oficial de Babis es que est\u00e1n esperando a que la UE apruebe el uso de la vacuna rusa.<\/p>\n<p>A seis meses de las elecciones, el Gobierno en minor\u00eda de Babis esta cada vez bajo mayor presi\u00f3n ante el exiguo avance de la campa\u00f1a de vacunaci\u00f3n. El portal Seznam Zpravy ha asegurado que el Gobierno ha encargado tres de los 6,9 millones de vacunas posibles de AstraZeneca y de la de Johnson &amp; Johnson ha pedido dos de los 4,8 millones de dosis posibles.<\/p>\n<\/div>\n<p><script defer=\"\">!function(f,b,e,v,n,t,s) {if(f.fbq)return;n=f.fbq=function(){n.callMethod? n.callMethod.apply(n,arguments):n.queue.push(arguments)}; if(!f._fbq)f._fbq=n;n.push=n;n.loaded=!0;n.version='2.0'; n.queue=[];t=b.createElement(e);t.async=!0; t.src=v;s=b.getElementsByTagName(e)[0]; s.parentNode.insertBefore(t,s)}(window, document,'script', 'https:\/\/connect.facebook.net\/en_US\/fbevents.js'); fbq('init', '336383993555320'); fbq('track', 'PageView'); fbq('track', 'ViewContent');<\/script><br \/>\n<br \/><\/p>\n<p><em> &#8221; Fuentes www.infobae.com &#8221; <\/em><\/p>\n","protected":false},"excerpt":{"rendered":"<p>PRAGA, 17 (DPA\/EP) El ministro del Inside de Rep\u00fablica Checa, Jan Hamacek, ha cancelado finalmente un pol\u00e9mico viaje a Mosc\u00fa que ten\u00eda previsto hacer para tratar la posible adquisici\u00f3n de la vacuna rusa Sputnik V tras las cr\u00edticas desde el propio Gobierno. Hamacek iba a partir hacia Rusia el lunes, pero este s\u00e1bado ha publicado [&hellip;]<\/p>\n","protected":false},"author":4,"featured_media":114592,"comment_status":"open","ping_status":"closed","sticky":false,"template":"","format":"standard","meta":{"om_disable_all_campaigns":false,"jnews-multi-image_gallery":[],"jnews_single_post":[],"jnews_primary_category":[],"jnews_social_meta":[],"footnotes":""},"categories":[40],"tags":[],"class_list":["post-115246","post","type-post","status-publish","format-standard","has-post-thumbnail","hentry","category-industria"],"_links":{"self":[{"href":"https:\/\/dimensionturistica.com\/es\/wp-json\/wp\/v2\/posts\/115246","targetHints":{"allow":["GET"]}}],"collection":[{"href":"https:\/\/dimensionturistica.com\/es\/wp-json\/wp\/v2\/posts"}],"about":[{"href":"https:\/\/dimensionturistica.com\/es\/wp-json\/wp\/v2\/types\/post"}],"author":[{"embeddable":true,"href":"https:\/\/dimensionturistica.com\/es\/wp-json\/wp\/v2\/users\/4"}],"replies":[{"embeddable":true,"href":"https:\/\/dimensionturistica.com\/es\/wp-json\/wp\/v2\/comments?post=115246"}],"version-history":[{"count":0,"href":"https:\/\/dimensionturistica.com\/es\/wp-json\/wp\/v2\/posts\/115246\/revisions"}],"wp:featuredmedia":[{"embeddable":true,"href":"https:\/\/dimensionturistica.com\/es\/wp-json\/wp\/v2\/media\/114592"}],"wp:attachment":[{"href":"https:\/\/dimensionturistica.com\/es\/wp-json\/wp\/v2\/media?parent=115246"}],"wp:term":[{"taxonomy":"category","embeddable":true,"href":"https:\/\/dimensionturistica.com\/es\/wp-json\/wp\/v2\/categories?post=115246"},{"taxonomy":"post_tag","embeddable":true,"href":"https:\/\/dimensionturistica.com\/es\/wp-json\/wp\/v2\/tags?post=115246"}],"curies":[{"name":"wp","href":"https:\/\/api.w.org\/{rel}","templated":true}]}}