{"id":115240,"date":"2021-04-17T17:06:31","date_gmt":"2021-04-17T17:06:31","guid":{"rendered":"https:\/\/dimensionturistica.com\/es\/?p=115240"},"modified":"2021-04-17T17:06:31","modified_gmt":"2021-04-17T17:06:31","slug":"el-presidente-dominicano-emprende-su-primer-viaje-oficial-a-espana","status":"publish","type":"post","link":"https:\/\/dimensionturistica.com\/es\/el-presidente-dominicano-emprende-su-primer-viaje-oficial-a-espana\/","title":{"rendered":"El presidente dominicano emprende su primer viaje oficial a Espa\u00f1a"},"content":{"rendered":"<p> <br \/>\n<\/p>\n<div>\n<div class=\"visual__image  image_container\"><img decoding=\"async\" alt=\"En la imagen, el presidente Luis Abinader. EFE\/ Orlando Barria\/Archivo&#13;&#10;\" height=\"3054\" width=\"4484\" src=\"https:\/\/www.infobae.com\/new-resizer\/Ysd21364DXoRZ6t3-kpW2WDRJ7Y=\/420x280\/filters:format(jpg):quality(85)\/cloudfront-us-east-1.images.arcpublishing.com\/infobae\/3P7PN72W3VHUVD7O42WHU2IJUM.jpg\" srcset=\"https:\/\/www.infobae.com\/new-resizer\/Ysd21364DXoRZ6t3-kpW2WDRJ7Y=\/420x280\/filters:format(jpg):quality(85)\/cloudfront-us-east-1.images.arcpublishing.com\/infobae\/3P7PN72W3VHUVD7O42WHU2IJUM.jpg 420w,https:\/\/www.infobae.com\/new-resizer\/skG1d75nI2T2GkRkrNw8Uw5LZxM=\/768x512\/filters:format(jpg):quality(85)\/cloudfront-us-east-1.images.arcpublishing.com\/infobae\/3P7PN72W3VHUVD7O42WHU2IJUM.jpg 768w,https:\/\/www.infobae.com\/new-resizer\/mjzxfgnf3nI7dw-2z4_WbzXoEKY=\/992x661\/filters:format(jpg):quality(85)\/cloudfront-us-east-1.images.arcpublishing.com\/infobae\/3P7PN72W3VHUVD7O42WHU2IJUM.jpg 992w,https:\/\/www.infobae.com\/new-resizer\/x0MLP9-4twogBuHCqMw-HpVGMV8=\/1200x800\/filters:format(jpg):quality(85)\/cloudfront-us-east-1.images.arcpublishing.com\/infobae\/3P7PN72W3VHUVD7O42WHU2IJUM.jpg 1200w\" sizes=\"auto, (min-width: 800px) 50vw, 90vw\" loading=\"lazy\"\/><figcaption>En la imagen, el presidente Luis Abinader. EFE\/ Orlando Barria\/Archivo&#13;<br \/>\n<\/figcaption><\/div>\n<p class=\"paragraph\">Santo Domingo, 17 abr (EFE).- El mandatario de la Rep\u00fablica Dominicana, Luis Abinader, viaja este s\u00e1bado a Espa\u00f1a, donde el pr\u00f3ximo lunes 19 de abril se entrevistar\u00e1 en Madrid con el rey Felipe VI y con el presidente del Gobierno espa\u00f1ol, Pedro S\u00e1nchez, en su primera visita oficial a la naci\u00f3n europea.<br \/>Durante su visita a Espa\u00f1a, que realiza antes de su viaje a Andorra para participar en la Cumbre Iberoamericana, Abinader tambi\u00e9n mantendr\u00e1 encuentros de perfil econ\u00f3mico con empresarios de Espa\u00f1a, tercer mayor inversor extranjero en la Rep\u00fablica Dominicana, con cerca de 2.000 millones de euros (unos 2.300 millones de d\u00f3lares) de inversi\u00f3n acumulada.<br \/>El domingo se reunir\u00e1 con el secretario basic de la Organizaci\u00f3n Mundial de Turismo (OMT), Zurab Pololikashvili, con cuya instituci\u00f3n Rep\u00fablica Dominicana mantiene estrechos lazos dado que el turismo es la principal actividad econ\u00f3mica del pa\u00eds.<br \/>Ese mismo d\u00eda, de acuerdo con un comunicado de la Presidencia dominicana, Abinader se reunir\u00e1, por separado, con los expresidentes del Gobierno de Espa\u00f1a Felipe Gonz\u00e1lez y Jos\u00e9 Mar\u00eda Aznar.<br \/>La agenda continuar\u00e1 el lunes, cuando el presidente dominicano asistir\u00e1 al primer encuentro empresarial organizado por la C\u00e1mara de Comercio de la Rep\u00fablica Dominicana en Espa\u00f1a y el Consejo Empresarial Alianza por Iberoam\u00e9rica (Ceapi), en la Casa de Am\u00e9rica. A continuaci\u00f3n, el mandatario dominicano ser\u00e1 recibido por Pedro S\u00e1nchez y posteriormente sostendr\u00e1 una audiencia con el rey Felipe VI.<br \/>Con motivo de esta visita oficial, los ministerios de Exteriores de los dos pa\u00edses firmar\u00e1n un memorando de entendimiento de consultas bilaterales, con el fin de &#8220;institucionalizar y sistematizar los contactos pol\u00edticos bilaterales y el seguimiento de los asuntos de inter\u00e9s com\u00fan&#8221;, seg\u00fan inform\u00f3 el Ministerio de Exteriores de Espa\u00f1a.<br \/>Abinader, quien asumi\u00f3 el poder en agosto pasado, estar\u00e1 acompa\u00f1ado en su viaje por el ministro de Relaciones Exteriores, Roberto \u00c1lvarez; la directora de la agencia de promoci\u00f3n de las exportaciones ProDominicana, Biviana Riveiro; el asistente private del mandatario, Eylin Beltr\u00e1n; y el director de Informaci\u00f3n y Prensa de la Presidencia, Daniel Garc\u00eda Archibald.<br \/>El gobernante se desplazar\u00e1 el martes a Andorra para participar en la Cumbre Iberoamericana, que se celebra un d\u00eda despu\u00e9s y tendr\u00e1 un formato semipresencial y en el que Rep\u00fablica Dominicana asumir\u00e1 la Secretar\u00eda professional t\u00e9mpore.<br \/>Este ser\u00e1 el segundo viaje oficial que realiza el presidente Abinader desde que asumi\u00f3 el poder, despu\u00e9s de haber acudido el pasado enero a la toma de posesi\u00f3n del gobernador de Puerto Rico, Pedro Pierluisi.<\/p>\n<\/div>\n<p><script defer=\"\">!function(f,b,e,v,n,t,s) {if(f.fbq)return;n=f.fbq=function(){n.callMethod? n.callMethod.apply(n,arguments):n.queue.push(arguments)}; if(!f._fbq)f._fbq=n;n.push=n;n.loaded=!0;n.version='2.0'; n.queue=[];t=b.createElement(e);t.async=!0; t.src=v;s=b.getElementsByTagName(e)[0]; s.parentNode.insertBefore(t,s)}(window, document,'script', 'https:\/\/connect.facebook.net\/en_US\/fbevents.js'); fbq('init', '336383993555320'); fbq('track', 'PageView'); fbq('track', 'ViewContent');<\/script><br \/>\n<br \/><\/p>\n<p><em> &#8221; Fuentes www.infobae.com &#8221; <\/em><\/p>\n","protected":false},"excerpt":{"rendered":"<p>En la imagen, el presidente Luis Abinader. EFE\/ Orlando Barria\/Archivo&#13; Santo Domingo, 17 abr (EFE).- El mandatario de la Rep\u00fablica Dominicana, Luis Abinader, viaja este s\u00e1bado a Espa\u00f1a, donde el pr\u00f3ximo lunes 19 de abril se entrevistar\u00e1 en Madrid con el rey Felipe VI y con el presidente del Gobierno espa\u00f1ol, Pedro S\u00e1nchez, en su [&hellip;]<\/p>\n","protected":false},"author":4,"featured_media":115241,"comment_status":"open","ping_status":"closed","sticky":false,"template":"","format":"standard","meta":{"om_disable_all_campaigns":false,"jnews-multi-image_gallery":[],"jnews_single_post":[],"jnews_primary_category":[],"jnews_social_meta":[],"footnotes":""},"categories":[40],"tags":[],"class_list":["post-115240","post","type-post","status-publish","format-standard","has-post-thumbnail","hentry","category-industria"],"_links":{"self":[{"href":"https:\/\/dimensionturistica.com\/es\/wp-json\/wp\/v2\/posts\/115240","targetHints":{"allow":["GET"]}}],"collection":[{"href":"https:\/\/dimensionturistica.com\/es\/wp-json\/wp\/v2\/posts"}],"about":[{"href":"https:\/\/dimensionturistica.com\/es\/wp-json\/wp\/v2\/types\/post"}],"author":[{"embeddable":true,"href":"https:\/\/dimensionturistica.com\/es\/wp-json\/wp\/v2\/users\/4"}],"replies":[{"embeddable":true,"href":"https:\/\/dimensionturistica.com\/es\/wp-json\/wp\/v2\/comments?post=115240"}],"version-history":[{"count":0,"href":"https:\/\/dimensionturistica.com\/es\/wp-json\/wp\/v2\/posts\/115240\/revisions"}],"wp:featuredmedia":[{"embeddable":true,"href":"https:\/\/dimensionturistica.com\/es\/wp-json\/wp\/v2\/media\/115241"}],"wp:attachment":[{"href":"https:\/\/dimensionturistica.com\/es\/wp-json\/wp\/v2\/media?parent=115240"}],"wp:term":[{"taxonomy":"category","embeddable":true,"href":"https:\/\/dimensionturistica.com\/es\/wp-json\/wp\/v2\/categories?post=115240"},{"taxonomy":"post_tag","embeddable":true,"href":"https:\/\/dimensionturistica.com\/es\/wp-json\/wp\/v2\/tags?post=115240"}],"curies":[{"name":"wp","href":"https:\/\/api.w.org\/{rel}","templated":true}]}}