{"id":115196,"date":"2021-04-17T14:04:39","date_gmt":"2021-04-17T14:04:39","guid":{"rendered":"https:\/\/dimensionturistica.com\/es\/?p=115196"},"modified":"2021-04-17T14:04:39","modified_gmt":"2021-04-17T14:04:39","slug":"la-reina-isabel-ii-entierra-a-su-esposo-el-principe-felipe","status":"publish","type":"post","link":"https:\/\/dimensionturistica.com\/es\/la-reina-isabel-ii-entierra-a-su-esposo-el-principe-felipe\/","title":{"rendered":"La reina Isabel II entierra a su esposo el pr\u00edncipe Felipe"},"content":{"rendered":"<p> <br \/>\n<\/p>\n<div id=\"\">\n<div class=\"si-grid\">\n<div class=\"si-detail__embedded-image\">\n<figure class=\"si-picture\">\n<picture><source srcset=\"https:\/\/www.swissinfo.ch\/resource\/image\/46542378\/landscape_ratio3x2\/880\/587\/1630c1daaf2ea4b32f473487a9f57547\/0AE5B482D0619EA69ABB4EAD02D7A0A3\/image_doc-98646e.jpg\" media=\"(min-width: 900px)\"><source srcset=\"https:\/\/www.swissinfo.ch\/resource\/image\/46542378\/landscape_ratio3x2\/580\/387\/1630c1daaf2ea4b32f473487a9f57547\/402930F665C92885E8ABB8DB93A2BA31\/image_doc-98646e.jpg\" media=\"(min-width: 321px)\"><img decoding=\"async\" src=\"https:\/\/www.swissinfo.ch\/resource\/image\/46542378\/landscape_ratio3x2\/280\/187\/1630c1daaf2ea4b32f473487a9f57547\/B0EB7630A1F2B1825E380B227AD5A147\/image_doc-98646e.jpg\" alt=\"\" title=\"La capilla de San Jorge, en el castillo de Windsor, al oeste de Londres, el 17 de abril de 2021 (afp_tickers)\" class=\"\" aria-hidden=\"true\" width=\"880\" height=\"587\" loading=\"lazy\"\/><br \/>\n<\/source><\/source><\/picture><figcaption class=\"si-picture__caption\">\nLa capilla de San Jorge, en el castillo de Windsor, al oeste de Londres, el 17 de abril de 2021 <span class=\"si-picture__copyright\">afp_tickers<\/span><br \/>\n<\/figcaption><\/figure>\n<\/div>\n<\/div>\n<p><span class=\"show-for-sr\">Este contenido fue publicado el 16 abril 2021 &#8211; 22:38<\/span><br \/>\n<time class=\"si-detail__date\" datetime=\"2021-04-16T22:38:51+02:00\"><br \/>\n<span aria-hidden=\"true\">16 abril 2021 &#8211; 22:38<\/span><br \/>\n<\/time><\/p>\n<address class=\"si-detail__author\" data-uk-scrollspy=\"hidden: false; repeat: true; offset-top: -50\">\n<\/address>\n<p> <span class=\"si-detail__ticker-source\">(AFP)<\/span><\/p>\n<p>La reina Isabel II da el \u00faltimo adi\u00f3s este s\u00e1bado al hombre con quien estuvo casada 73 a\u00f1os, su &#8220;fuerza y apoyo&#8221;, el pr\u00edncipe Felipe, en un sobrio funeral de estilo militar con mascarillas y pocos invitados debido a la pandemia.<\/p>\n<p>La ceremonia religiosa comenzar\u00e1 a las 15H00 (14H00 GMT) en San Jorge, la capilla g\u00f3tica del siglo XV situada en el casi milenario castillo de Windsor, unos 50 km al oeste de Londres.<\/p>\n<p>Debido al coronavirus se pidi\u00f3 a los brit\u00e1nicos que no se desplazasen hasta esta peque\u00f1a localidad. A\u00fan as\u00ed algunos decidieron hacer el viajes mientras la mayor\u00eda del pa\u00eds segu\u00eda el acto por televisi\u00f3n.<\/p>\n<p>&#8220;Se supone que la gente no debe venir, pero este es un gran evento, \u00fanico en una generaci\u00f3n, el duque era especial as\u00ed que esperamos a mucha gente&#8221;, dijo a la AFP Mark, de 57 a\u00f1os, uno de las decenas de agentes de seguridad desplegados en las calles de Windsor. <\/p>\n<p>Cubierto con su espada, su gorra naval y su estandarte private, el f\u00e9retro del duque fue trasladado de ma\u00f1ana por portadores del Primer Batall\u00f3n de Granaderos -de los que Felipe fue coronel durante 42 a\u00f1os- desde la capilla privada de la familia actual a otro sal\u00f3n del castillo.<\/p>\n<p>Prepar\u00e1ndose para la procesi\u00f3n, los guardias reales con sus altos gorros negros de pelo de oso y decenas de representantes de otros cuerpos militares se posicionaron, perfectamente alineados, sobre el impecable c\u00e9sped del patio central del castillo mientras sonaban las fanfarrias militares.<\/p>\n<p>Bajo un brillante sol, el ata\u00fad lleg\u00f3 a bordo del carruaje private del duque, tirado por sus dos ponies y llevando la gorra y los guantes del difunto.<\/p>\n<p>En las escalinatas que conducen a la capilla ya se encontraban posicionados los representantes de la caballer\u00eda, vestidos de gala, con sus torsos met\u00e1licos y cascos con largos penachos.<\/p>\n<p>&#8211; Cortejo y minuto de silencio &#8211;<\/p>\n<p>Al comienzo del oficio, el pa\u00eds guardar\u00e1 un minuto de silencio, como Kaya Mar, pintor de 65 a\u00f1os que lleg\u00f3 en el primer tren desde Londres con un gran retrato de Felipe bajo el brazo.<\/p>\n<p>&#8220;Era muy importante para m\u00ed estar hoy aqu\u00ed&#8221;, asegur\u00f3, considerando que &#8220;era un buen hombre&#8221; y &#8220;el pa\u00eds lo echar\u00e1 de menos&#8221;.<\/p>\n<p>La ceremonia debe comenzar con un breve cortejo f\u00fanebre por los jardines del castillo en que participar\u00e1n los cuatro hijos y varios de los nietos de la pareja actual.<\/p>\n<p>Ser\u00e1 la primera aparici\u00f3n p\u00fablica del pr\u00edncipe Enrique, de 36 a\u00f1os, con la realeza desde que \u00e9l y su esposa Meghan, que no viaj\u00f3 al Reino Unido por estar embarazada, abandonaron sus funciones reales y se fueron a vivir a California.<\/p>\n<p>Enrique no caminar\u00e1 junto a Guillermo, de 38 a\u00f1os, con quien las relaciones son tensas. Entre ellos se situar\u00e1 su primo Peter Phillips, alimentando las especulaciones sobre una persistente disputa entre los dos hermanos.<\/p>\n<p>El pr\u00edncipe consorte, que falleci\u00f3 en Windson el 9 de abril, dos meses antes de cumplir 100 a\u00f1os, fue una presencia constante junto a Isabel II desde que, con solo 25 a\u00f1os, fue coronada en 1952, cuando el Reino Unido se reconstru\u00eda tras la Segunda Guerra Mundial y su imperio empezaba a desmoronarse. <\/p>\n<p>La monarca public\u00f3 el s\u00e1bado una conmovedora fotograf\u00eda private en la que se los ve relajados y sonrientes en 2003 en el Parque Nacional de Cairngorms, en Escocia. <\/p>\n<p>Y en las redes sociales de la familia actual se difundieron im\u00e1genes de momentos clave del matrimonio. <\/p>\n<p>&#8211; Sin pompa y con mascarillas &#8211;<\/p>\n<p>Las exequias de la realeza brit\u00e1nica suelen ser de gran envergadura, perfeccionadas durante a\u00f1os y concurridas por monarcas y mandatarios de todo el mundo. <\/p>\n<p>Pero las restricciones impuestas por el coronavirus obligaron a modificar los planes para el entierro de Felipe, que se limitar\u00e1 a 30 invitados \u00edntimos con mascarillas y distancias de seguridad, y respetar\u00e1 el marcado estilo militar deseado por el duque, que period oficial de la Marina.<\/p>\n<p>La reina, que el 21 de abril cumple 95 a\u00f1os, llegar\u00e1 a bordo de un Bentley oficial junto a una dama de compa\u00f1\u00eda.<\/p>\n<p>Pero se sentar\u00e1 sola para despedir a quien ella llamaba &#8220;su fuerza y su apoyo&#8221;, el hombre con quien se cas\u00f3 siendo a\u00fan princesa en 1947 y cuya muerte la deja sola en el ocaso de su reinado.<\/p>\n<p>Numerosos expertos reales aseguran que period Felipe quien manejaba con mano de hierro una familia marcada por las disaster, ayudando a la reina a capear los esc\u00e1ndalos.<\/p>\n<p>Todas las miradas estar\u00e1n puestas en Enrique y Guillermo, en busca de alguna se\u00f1al de reconciliaci\u00f3n entre el dolor por la p\u00e9rdida de su abuelo.<\/p>\n<p>Period un &#8220;hombre de servicio, honor y gran sentido del humor&#8221;, dijo de \u00e9l Enrique tras llegar de Los Angeles para el entierro.<\/p>\n<p>&#8220;Echar\u00e9 de menos a mi abuelo, pero s\u00e9 que hubiese querido que sigui\u00e9ramos adelante con nuestro trabajo&#8221;, afirm\u00f3 Guillermo esta semana.<\/p>\n<p>Tras el funeral, presidido por el arzobispo de Canterbury, Justin Welby, l\u00edder espiritual de los anglicanos, el duque ser\u00e1 enterrado en privado en la b\u00f3veda actual de la capilla San Jorge. <\/p>\n<\/p><\/div>\n\n<p><em> &#8221; Fuentes www.swissinfo.ch &#8221; <\/em><\/p>\n","protected":false},"excerpt":{"rendered":"<p>La capilla de San Jorge, en el castillo de Windsor, al oeste de Londres, el 17 de abril de 2021 afp_tickers Este contenido fue publicado el 16 abril 2021 &#8211; 22:38 16 abril 2021 &#8211; 22:38 (AFP) La reina Isabel II da el \u00faltimo adi\u00f3s este s\u00e1bado al hombre con quien estuvo casada 73 a\u00f1os, [&hellip;]<\/p>\n","protected":false},"author":4,"featured_media":115197,"comment_status":"open","ping_status":"closed","sticky":false,"template":"","format":"standard","meta":{"om_disable_all_campaigns":false,"jnews-multi-image_gallery":[],"jnews_single_post":[],"jnews_primary_category":[],"jnews_social_meta":[],"footnotes":""},"categories":[40],"tags":[],"class_list":["post-115196","post","type-post","status-publish","format-standard","has-post-thumbnail","hentry","category-industria"],"_links":{"self":[{"href":"https:\/\/dimensionturistica.com\/es\/wp-json\/wp\/v2\/posts\/115196","targetHints":{"allow":["GET"]}}],"collection":[{"href":"https:\/\/dimensionturistica.com\/es\/wp-json\/wp\/v2\/posts"}],"about":[{"href":"https:\/\/dimensionturistica.com\/es\/wp-json\/wp\/v2\/types\/post"}],"author":[{"embeddable":true,"href":"https:\/\/dimensionturistica.com\/es\/wp-json\/wp\/v2\/users\/4"}],"replies":[{"embeddable":true,"href":"https:\/\/dimensionturistica.com\/es\/wp-json\/wp\/v2\/comments?post=115196"}],"version-history":[{"count":0,"href":"https:\/\/dimensionturistica.com\/es\/wp-json\/wp\/v2\/posts\/115196\/revisions"}],"wp:featuredmedia":[{"embeddable":true,"href":"https:\/\/dimensionturistica.com\/es\/wp-json\/wp\/v2\/media\/115197"}],"wp:attachment":[{"href":"https:\/\/dimensionturistica.com\/es\/wp-json\/wp\/v2\/media?parent=115196"}],"wp:term":[{"taxonomy":"category","embeddable":true,"href":"https:\/\/dimensionturistica.com\/es\/wp-json\/wp\/v2\/categories?post=115196"},{"taxonomy":"post_tag","embeddable":true,"href":"https:\/\/dimensionturistica.com\/es\/wp-json\/wp\/v2\/tags?post=115196"}],"curies":[{"name":"wp","href":"https:\/\/api.w.org\/{rel}","templated":true}]}}