{"id":115180,"date":"2021-04-17T13:37:12","date_gmt":"2021-04-17T13:37:12","guid":{"rendered":"https:\/\/dimensionturistica.com\/es\/?p=115180"},"modified":"2021-04-17T13:37:12","modified_gmt":"2021-04-17T13:37:12","slug":"rd-anfitriona-de-conferencia-anual-travel-planners-international-touroperador-american-airlines-vacations","status":"publish","type":"post","link":"https:\/\/dimensionturistica.com\/es\/rd-anfitriona-de-conferencia-anual-travel-planners-international-touroperador-american-airlines-vacations\/","title":{"rendered":"RD anfitriona de Conferencia Anual Travel Planners International, Touroperador American Airlines Vacations"},"content":{"rendered":"<p> <br \/>\n<\/p>\n<div>\n<p style=\"font-weight: 400;\"><strong>PUNTA CANA, La Altagracia. \u2013<\/strong>\u00a0Rep\u00fablica Dominicana es sede, por primera vez, de la Conferencia Anual de Journey Planners Worldwide \/ Turoperador American Airways Holidays, la cual se lleva a cabo del 14 al 18 de abril 2021, en la regi\u00f3n Este del pa\u00eds.<\/p>\n<p style=\"font-weight: 400;\">En el evento donde participan alrededor de 80 propietarios de agencias de viajes y asesores, l\u00edderes de ventas de vacaciones en diferentes ciudades de los Estados Unidos, tiene como objetivo principal conocer mejor el destino quisqueyano para su promoci\u00f3n.<\/p>\n<p><img decoding=\"async\" class=\"pb-seo-lazy size-medium wp-image-7471 aligncenter\" src=\"https:\/\/touratabex.com\/wp-content\/uploads\/2021\/04\/IMG-20210415-WA0019-300x200.jpg\" alt=\"IMG 20210415 WA0019 300x200 - RD anfitriona de Conferencia Anual Travel Planners International, Touroperador American Airlines Vacations\" width=\"300\" height=\"200\" title=\"RD anfitriona de Conferencia Anual Travel Planners International, Touroperador American Airlines Vacations\"\/><\/p>\n<p><noscript><img decoding=\"async\" class=\"pb-seo-lazy size-medium wp-image-7471 aligncenter\" src=\"https:\/\/touratabex.com\/wp-content\/uploads\/2021\/04\/IMG-20210415-WA0019-300x200.jpg\" alt=\"IMG 20210415 WA0019 300x200 - RD anfitriona de Conferencia Anual Travel Planners International, Touroperador American Airlines Vacations\" width=\"300\" height=\"200\" title=\"RD anfitriona de Conferencia Anual Travel Planners International, Touroperador American Airlines Vacations\"\/><noscript><img decoding=\"async\" class=\"size-medium wp-image-7471 aligncenter\" src=\"https:\/\/touratabex.com\/wp-content\/uploads\/2021\/04\/IMG-20210415-WA0019-300x200.jpg\" alt=\"IMG 20210415 WA0019 300x200 - RD anfitriona de Conferencia Anual Travel Planners International, Touroperador American Airlines Vacations\" width=\"300\" height=\"200\" title=\"RD anfitriona de Conferencia Anual Travel Planners International, Touroperador American Airlines Vacations\"\/><\/noscript><\/noscript><\/p>\n<p style=\"font-weight: 400;\">El mismo se realiza en The Grand Reserve At Paradius Palma Actual, Lodge Meli\u00e1 Punta Cana, donde desarrollan una amplia agenda de trabajo de cara a la promoci\u00f3n de Rep\u00fablica Dominicana, con la colaboraci\u00f3n de la Oficina de Promoci\u00f3n Tur\u00edstica (OPT) en New York.<\/p>\n<p style=\"font-weight: 400;\">El Ministerio de Turismo realiz\u00f3 la presentaci\u00f3n del pa\u00eds con el prop\u00f3sito de que los agentes de viajes participantes en el evento, conozcan mejor los atractivos tur\u00edsticos, culturales, religiosos, ocios, compra, as\u00ed como, la seguridad e implementaci\u00f3n y desarrollo de protocolos dispuesto por las autoridades en el manejo ante el Covid-19, que afecta el mundo en estos momentos.<\/p>\n<p><picture class=\"pb-seo-lazy size-medium wp-image-85141 aligncenter\" title=\"RD anfitriona de Conferencia Anual Travel Planners International, Touroperador American Airlines Vacations\"><source type=\"image\/webp\" srcset=\"https:\/\/megadiario.b-cdn.net\/wp-content\/uploads\/2021\/04\/IMG-20210415-WA0009-300x200.jpg.webp 300w, https:\/\/megadiario.b-cdn.net\/wp-content\/uploads\/2021\/04\/IMG-20210415-WA0009-768x512.jpg.webp 768w, https:\/\/megadiario.b-cdn.net\/wp-content\/uploads\/2021\/04\/IMG-20210415-WA0009-696x464.jpg.webp 696w, https:\/\/megadiario.b-cdn.net\/wp-content\/uploads\/2021\/04\/IMG-20210415-WA0009-631x420.jpg.webp 631w, https:\/\/megadiario.b-cdn.net\/wp-content\/uploads\/2021\/04\/IMG-20210415-WA0009.jpg.webp 1024w\" sizes=\"(max-width: 300px) 100vw, 300px\"\/><img decoding=\"async\" src=\"https:\/\/megadiario.b-cdn.net\/wp-content\/uploads\/2021\/04\/IMG-20210415-WA0009-300x200.jpg\" alt=\"IMG 20210415 WA0009 300x200 - RD anfitriona de Conferencia Anual Travel Planners International, Touroperador American Airlines Vacations\" width=\"300\" height=\"200\" srcset=\"https:\/\/megadiario.b-cdn.net\/wp-content\/uploads\/2021\/04\/IMG-20210415-WA0009-300x200.jpg 300w, https:\/\/megadiario.b-cdn.net\/wp-content\/uploads\/2021\/04\/IMG-20210415-WA0009-768x512.jpg 768w, https:\/\/megadiario.b-cdn.net\/wp-content\/uploads\/2021\/04\/IMG-20210415-WA0009-696x464.jpg 696w, https:\/\/megadiario.b-cdn.net\/wp-content\/uploads\/2021\/04\/IMG-20210415-WA0009-631x420.jpg 631w, https:\/\/megadiario.b-cdn.net\/wp-content\/uploads\/2021\/04\/IMG-20210415-WA0009.jpg 1024w\" sizes=\"(max-width: 300px) 100vw, 300px\"\/>\n<\/picture><\/p>\n<p><noscript><picture class=\"pb-seo-lazy size-medium wp-image-85141 aligncenter\" title=\"RD anfitriona de Conferencia Anual Travel Planners International, Touroperador American Airlines Vacations\"><source type=\"image\/webp\" srcset=\"https:\/\/megadiario.b-cdn.net\/wp-content\/uploads\/2021\/04\/IMG-20210415-WA0009-300x200.jpg.webp 300w, https:\/\/megadiario.b-cdn.net\/wp-content\/uploads\/2021\/04\/IMG-20210415-WA0009-768x512.jpg.webp 768w, https:\/\/megadiario.b-cdn.net\/wp-content\/uploads\/2021\/04\/IMG-20210415-WA0009-696x464.jpg.webp 696w, https:\/\/megadiario.b-cdn.net\/wp-content\/uploads\/2021\/04\/IMG-20210415-WA0009-631x420.jpg.webp 631w, https:\/\/megadiario.b-cdn.net\/wp-content\/uploads\/2021\/04\/IMG-20210415-WA0009.jpg.webp 1024w\" sizes=\"(max-width: 300px) 100vw, 300px\"\/><img decoding=\"async\" src=\"https:\/\/megadiario.b-cdn.net\/wp-content\/uploads\/2021\/04\/IMG-20210415-WA0009-300x200.jpg\" alt=\"IMG 20210415 WA0009 300x200 - RD anfitriona de Conferencia Anual Travel Planners International, Touroperador American Airlines Vacations\" width=\"300\" height=\"200\" srcset=\"https:\/\/megadiario.b-cdn.net\/wp-content\/uploads\/2021\/04\/IMG-20210415-WA0009-300x200.jpg 300w, https:\/\/megadiario.b-cdn.net\/wp-content\/uploads\/2021\/04\/IMG-20210415-WA0009-768x512.jpg 768w, https:\/\/megadiario.b-cdn.net\/wp-content\/uploads\/2021\/04\/IMG-20210415-WA0009-696x464.jpg 696w, https:\/\/megadiario.b-cdn.net\/wp-content\/uploads\/2021\/04\/IMG-20210415-WA0009-631x420.jpg 631w, https:\/\/megadiario.b-cdn.net\/wp-content\/uploads\/2021\/04\/IMG-20210415-WA0009.jpg 1024w\" sizes=\"(max-width: 300px) 100vw, 300px\"\/>\n<\/picture>\n<noscript><picture class=\"size-medium wp-image-85141 aligncenter\" title=\"RD anfitriona de Conferencia Anual Travel Planners International, Touroperador American Airlines Vacations\"><source type=\"image\/webp\" srcset=\"https:\/\/megadiario.b-cdn.net\/wp-content\/uploads\/2021\/04\/IMG-20210415-WA0009-300x200.jpg.webp 300w, https:\/\/megadiario.b-cdn.net\/wp-content\/uploads\/2021\/04\/IMG-20210415-WA0009-768x512.jpg.webp 768w, https:\/\/megadiario.b-cdn.net\/wp-content\/uploads\/2021\/04\/IMG-20210415-WA0009-696x464.jpg.webp 696w, https:\/\/megadiario.b-cdn.net\/wp-content\/uploads\/2021\/04\/IMG-20210415-WA0009-631x420.jpg.webp 631w, https:\/\/megadiario.b-cdn.net\/wp-content\/uploads\/2021\/04\/IMG-20210415-WA0009.jpg.webp 1024w\" sizes=\"(max-width: 300px) 100vw, 300px\"\/><img decoding=\"async\" src=\"https:\/\/megadiario.b-cdn.net\/wp-content\/uploads\/2021\/04\/IMG-20210415-WA0009-300x200.jpg\" alt=\"IMG 20210415 WA0009 300x200 - RD anfitriona de Conferencia Anual Travel Planners International, Touroperador American Airlines Vacations\" width=\"300\" height=\"200\" srcset=\"https:\/\/megadiario.b-cdn.net\/wp-content\/uploads\/2021\/04\/IMG-20210415-WA0009-300x200.jpg 300w, https:\/\/megadiario.b-cdn.net\/wp-content\/uploads\/2021\/04\/IMG-20210415-WA0009-768x512.jpg 768w, https:\/\/megadiario.b-cdn.net\/wp-content\/uploads\/2021\/04\/IMG-20210415-WA0009-696x464.jpg 696w, https:\/\/megadiario.b-cdn.net\/wp-content\/uploads\/2021\/04\/IMG-20210415-WA0009-631x420.jpg 631w, https:\/\/megadiario.b-cdn.net\/wp-content\/uploads\/2021\/04\/IMG-20210415-WA0009.jpg 1024w\" sizes=\"(max-width: 300px) 100vw, 300px\"\/>\n<\/picture>\n<\/noscript><\/noscript><\/p>\n<p>\u00a0<\/p>\n<p style=\"font-weight: 400;\">Amelia Rodr\u00edguez, representante de Journey Planners Worldwide, expres\u00f3 que es la primera vez que realiza este evento en Rep\u00fablica Dominicana, y que fue escogida, no s\u00f3lo por su belleza, sino por los protocolos de salubridad y para que sus clientes vean que se puede viajar.<\/p>\n<p style=\"font-weight: 400;\">\u201cA ra\u00edz de la pandemia, luego de una visita que hiciera en diciembre pasado, nuestra vicepresidenta de ventas a la cumbre de American Airlines Vacations en Rep\u00fablica Dominicana, pensamos en un lugar perfecto para realizar este evento y es por ello, que, escogimos este pa\u00eds\u201d, manifest\u00f3 Rodr\u00edguez.<\/p>\n<p><img decoding=\"async\" class=\"pb-seo-lazy size-medium wp-image-7472 aligncenter\" src=\"https:\/\/touratabex.com\/wp-content\/uploads\/2021\/04\/IMG-20210415-WA0021-300x200.jpg\" alt=\"IMG 20210415 WA0021 300x200 - RD anfitriona de Conferencia Anual Travel Planners International, Touroperador American Airlines Vacations\" width=\"300\" height=\"200\" title=\"RD anfitriona de Conferencia Anual Travel Planners International, Touroperador American Airlines Vacations\"\/><\/p>\n<p><noscript><img decoding=\"async\" class=\"pb-seo-lazy size-medium wp-image-7472 aligncenter\" src=\"https:\/\/touratabex.com\/wp-content\/uploads\/2021\/04\/IMG-20210415-WA0021-300x200.jpg\" alt=\"IMG 20210415 WA0021 300x200 - RD anfitriona de Conferencia Anual Travel Planners International, Touroperador American Airlines Vacations\" width=\"300\" height=\"200\" title=\"RD anfitriona de Conferencia Anual Travel Planners International, Touroperador American Airlines Vacations\"\/><noscript><img decoding=\"async\" class=\"size-medium wp-image-7472 aligncenter\" src=\"https:\/\/touratabex.com\/wp-content\/uploads\/2021\/04\/IMG-20210415-WA0021-300x200.jpg\" alt=\"IMG 20210415 WA0021 300x200 - RD anfitriona de Conferencia Anual Travel Planners International, Touroperador American Airlines Vacations\" width=\"300\" height=\"200\" title=\"RD anfitriona de Conferencia Anual Travel Planners International, Touroperador American Airlines Vacations\"\/><\/noscript><\/noscript><\/p>\n<p style=\"font-weight: 400;\">Indic\u00f3, adem\u00e1s, que el evento busca que sus agentes vean la belleza del pa\u00eds, sus grandes atractivos, la calidez y simpat\u00eda de la gente y la gran diversidad de ofertas tur\u00edsticas y as\u00ed, puedan vender m\u00e1s a Rep\u00fablica Dominicana. Journey Planners Worldwide es una agencia en Orlando Florida y cuenta con m\u00e1s de 4 mil agentes en todo los Estados Unidos, tiene 10 a\u00f1os realizando este evento donde se reconocen a los agentes m\u00e1s valiosos, quienes producen m\u00e1s de 500 mil d\u00f3lares al a\u00f1o.<\/p>\n<p><img decoding=\"async\" class=\"pb-seo-lazy size-medium wp-image-7465 aligncenter\" src=\"https:\/\/touratabex.com\/wp-content\/uploads\/2021\/04\/El-IDAC-se-suma-al-\u2018Pacto-Verde-que-promueve-Aerodom-300x224.jpg\" alt=\"El IDAC se suma al \u2018Pacto Verde\u2019 que promueve Aerodom en el sector a\u00e9reo\" width=\"300\" height=\"224\" title=\"El IDAC se suma al \u2018Pacto Verde\u2019 que promueve Aerodom en el sector a\u00e9reo\"\/><\/p>\n<p><noscript><img decoding=\"async\" class=\"pb-seo-lazy size-medium wp-image-7465 aligncenter\" src=\"https:\/\/touratabex.com\/wp-content\/uploads\/2021\/04\/El-IDAC-se-suma-al-%E2%80%98Pacto-Verde-que-promueve-Aerodom-300x224.jpg\" alt=\"El IDAC se suma al \u2018Pacto Verde\u2019 que promueve Aerodom en el sector a\u00e9reo\" width=\"300\" height=\"224\" title=\"El IDAC se suma al \u2018Pacto Verde\u2019 que promueve Aerodom en el sector a\u00e9reo\"\/><noscript><img decoding=\"async\" class=\"size-medium wp-image-7465 aligncenter\" src=\"https:\/\/touratabex.com\/wp-content\/uploads\/2021\/04\/El-IDAC-se-suma-al-%E2%80%98Pacto-Verde-que-promueve-Aerodom-300x224.jpg\" alt=\"El IDAC se suma al \u2018Pacto Verde\u2019 que promueve Aerodom en el sector a\u00e9reo\" width=\"300\" height=\"224\" title=\"El IDAC se suma al \u2018Pacto Verde\u2019 que promueve Aerodom en el sector a\u00e9reo\"\/><\/noscript><\/noscript><\/p>\n<p style=\"font-weight: 400;\">Entre las actividades a desarrollar por los agentes de viajes est\u00e1 la integraci\u00f3n a la comunidad con el programa auspiciado por el lodge Meli\u00e1, \u201cViajeros con causa\u201d, donde los hu\u00e9spedes realizan aportes a la colectividad native y apadrinada con la donaci\u00f3n de objetos de alta necesidad (art\u00edculos de higiene private, deportivos, recreativos y vestimenta), y as\u00ed conectar la parte de los viajes con el aporte que pueda hacer el turismo al desarrollo de los mun\u00edcipes. En esta ocasi\u00f3n ser\u00e1 dirigida a ni\u00f1os entre 4 a 16 a\u00f1os de la \u201d Fundaci\u00f3n para un mundo mejor de la ni\u00f1ez desamparada\u201d, en la comunidad de Hig\u00fcey.<\/p>\n<p style=\"font-weight: 400;\">Los participantes en la conferencia Journey Planners Worldwide llegaron al pa\u00eds por el Aeropuerto Internacional de Punta Cana, donde fueron recibidos a ritmo de merengue por el Ballet Folcl\u00f3rico del MITUR, que dirige el profesor Oscar Batista.<\/p>\n<\/div>\n\n<p><em> &#8221; Fuentes megadiario.com.do &#8221; <\/em><\/p>\n","protected":false},"excerpt":{"rendered":"<p>PUNTA CANA, La Altagracia. \u2013\u00a0Rep\u00fablica Dominicana es sede, por primera vez, de la Conferencia Anual de Journey Planners Worldwide \/ Turoperador American Airways Holidays, la cual se lleva a cabo del 14 al 18 de abril 2021, en la regi\u00f3n Este del pa\u00eds. En el evento donde participan alrededor de 80 propietarios de agencias de [&hellip;]<\/p>\n","protected":false},"author":4,"featured_media":115181,"comment_status":"open","ping_status":"closed","sticky":false,"template":"","format":"standard","meta":{"om_disable_all_campaigns":false,"jnews-multi-image_gallery":[],"jnews_single_post":[],"jnews_primary_category":[],"jnews_social_meta":[],"footnotes":""},"categories":[40],"tags":[],"class_list":["post-115180","post","type-post","status-publish","format-standard","has-post-thumbnail","hentry","category-industria"],"_links":{"self":[{"href":"https:\/\/dimensionturistica.com\/es\/wp-json\/wp\/v2\/posts\/115180","targetHints":{"allow":["GET"]}}],"collection":[{"href":"https:\/\/dimensionturistica.com\/es\/wp-json\/wp\/v2\/posts"}],"about":[{"href":"https:\/\/dimensionturistica.com\/es\/wp-json\/wp\/v2\/types\/post"}],"author":[{"embeddable":true,"href":"https:\/\/dimensionturistica.com\/es\/wp-json\/wp\/v2\/users\/4"}],"replies":[{"embeddable":true,"href":"https:\/\/dimensionturistica.com\/es\/wp-json\/wp\/v2\/comments?post=115180"}],"version-history":[{"count":0,"href":"https:\/\/dimensionturistica.com\/es\/wp-json\/wp\/v2\/posts\/115180\/revisions"}],"wp:featuredmedia":[{"embeddable":true,"href":"https:\/\/dimensionturistica.com\/es\/wp-json\/wp\/v2\/media\/115181"}],"wp:attachment":[{"href":"https:\/\/dimensionturistica.com\/es\/wp-json\/wp\/v2\/media?parent=115180"}],"wp:term":[{"taxonomy":"category","embeddable":true,"href":"https:\/\/dimensionturistica.com\/es\/wp-json\/wp\/v2\/categories?post=115180"},{"taxonomy":"post_tag","embeddable":true,"href":"https:\/\/dimensionturistica.com\/es\/wp-json\/wp\/v2\/tags?post=115180"}],"curies":[{"name":"wp","href":"https:\/\/api.w.org\/{rel}","templated":true}]}}