{"id":115121,"date":"2021-04-17T10:20:47","date_gmt":"2021-04-17T10:20:47","guid":{"rendered":"https:\/\/dimensionturistica.com\/es\/?p=115121"},"modified":"2021-04-17T10:20:47","modified_gmt":"2021-04-17T10:20:47","slug":"asolan-no-es-optimista-la-mejora-turistica-puede-retrasarse-mas-alla-del-verano","status":"publish","type":"post","link":"https:\/\/dimensionturistica.com\/es\/asolan-no-es-optimista-la-mejora-turistica-puede-retrasarse-mas-alla-del-verano\/","title":{"rendered":"ASOLAN no es optimista: &#8220;La mejora tur\u00edstica puede retrasarse m\u00e1s all\u00e1 del verano&#8221;"},"content":{"rendered":"<p> <br \/>\n<\/p>\n<div>\n<p><img decoding=\"async\" itemprop=\"image\" src=\"https:\/\/www.lancelotdigital.com\/images\/2021\/04\/asolan1.jpg\"\/>La patronal hotelera de Lanzarote centra sus esperanzas en la campa\u00f1a de vacunaci\u00f3n como medida esencial para reactivar la actividad<\/p>\n<p>\u00a0<\/p>\n<li class=\"texto\"><i class=\"fa fa-file-text-o\"\/>Lancelot Digital<\/li>\n<p>\u00a0<\/p>\n<p>A pesar de la inminente finalizaci\u00f3n del Estado de Alarma y los optimistas titulares difundidos en distintos medios de comunicaci\u00f3n respecto a las halag\u00fce\u00f1as previsiones de un portal de reservas en Web (Destinia.com) o las declaraciones de la Ministra de Industria Comercio y Turismo, Reyes Maroto, respecto a los desplazamientos de Pen\u00ednsula a Canarias y Baleares,\u00a0<strong>el sector del turismo insular contin\u00faa su viacrucis a la espera de una mejora que no llega y que se estima pueda retrasarse m\u00e1s all\u00e1 del verano.<\/strong><\/p>\n<p>\u00a0<\/p>\n<p>Con p\u00e9rdidas hist\u00f3ricas,<strong>\u00a0la patronal hotelera de Lanzarote \u2013ASOLAN<\/strong>&#8211; centra sus esperanzas en <a rel=\"nofollow noopener\" target=\"_blank\" href=\"https:\/\/www.lancelotdigital.com\/lanzarote\/el-pasaporte-digital-verde-podra-entrar-en-vigor-en-junio-en-europa\">la campa\u00f1a de vacunaci\u00f3n<\/a> como medida esencial para reactivar la actividad suspendida desde el inicio de la pandemia. \u201c<strong>Los datos reales no coinciden con las estimaciones que se realizan en las redes, la situaci\u00f3n es de extrema preocupaci\u00f3n, atravesamos un momento cr\u00edtico a las puertas de una nueva temporada, y acelerar el ritmo de la inmunizaci\u00f3n parece ser la \u00fanica posibilidad\u201d<\/strong>, apuntan desde la patronal.<\/p>\n<p>\u00a0<\/p>\n<p>Aunque pueda haber una tendencia al alza en las b\u00fasquedas detectadas en Web en las \u00faltimas semanas,\u00a0<strong>lo cierto es que el cero tur\u00edstico se mantiene en Canarias, y en consecuencia en Lanzarote: \u201dNo hay ning\u00fan repunte de las reservas del turismo nacional ni internacional\u201d<\/strong>, lamenta el sector.<\/p>\n<p>\u00a0<\/p>\n<p>El fin del Estado de Alarma, previsto para el 9 de mayo, da luz verde a los desplazamientos y a la movilidad entre Comunidades Aut\u00f3nomas, no obstante, las medidas sanitarias adoptadas en cada regi\u00f3n, en funci\u00f3n de los casos registrados, mantiene en vilo la temporada de verano.<\/p>\n<p>\u00a0<\/p>\n<p><strong>Tampoco es positiva la situaci\u00f3n de los pa\u00edses de los que provienen mayoritariamente los turistas que llegan a la isla.<\/strong>\u00a0Alemania por ejemplo, mantiene una situaci\u00f3n muy seria a decir de sus autoridades\u00a0 incluso se prev\u00e9n mayores restricciones.\u00a0<strong>Esta circunstancia de incertidumbre en los pa\u00edses emisores frena a\u00fan m\u00e1s las posibles las reservas.<\/strong><\/p>\n<\/div>\n<p><script src=\"https:\/\/connect.facebook.net\/es_ES\/all.js#xfbml=1\" type=\"text\/javascript\"><\/script><script type=\"text\/javascript\">\n\/\/<![CDATA[\n   \twindow.fbAsyncInit = function() {\n\t\tFB.init({ appId: '171342606239806', \n\t\t\tstatus: true, \n\t\t\tcookie: true,\n\t\t\txfbml: true,\n\t\t\toauth: true\n\t\t});\n   \t\t    \n\t  \t\t};\n    \/\/      \n    jQuery(window).load(function() {\n    \t(function(){\n    \t\tif(!document.getElementById('fb-root')) {\n    \t\t\tvar root = document.createElement('div');\n    \t\t\troot.id = 'fb-root';\n    \t\t\tdocument.getElementById('gkfb-root').appendChild(root);\n    \t\t\tvar e = document.createElement('script');\n    \t\t\te.src = document.location.protocol + '\/\/connect.facebook.net\/es_ES\/all.js';\n    \t\t\te.async = true;\n    \t\t\tdocument.getElementById('fb-root').appendChild(e);\n    \t\t}  \n    \t})();\n    });\n    \/\/]]>\n<\/script><br \/>\n<br \/><\/p>\n<p><em> &#8221; Fuentes www.lancelotdigital.com &#8221; <\/em><\/p>\n","protected":false},"excerpt":{"rendered":"<p>La patronal hotelera de Lanzarote centra sus esperanzas en la campa\u00f1a de vacunaci\u00f3n como medida esencial para reactivar la actividad \u00a0 Lancelot Digital \u00a0 A pesar de la inminente finalizaci\u00f3n del Estado de Alarma y los optimistas titulares difundidos en distintos medios de comunicaci\u00f3n respecto a las halag\u00fce\u00f1as previsiones de un portal de reservas en [&hellip;]<\/p>\n","protected":false},"author":4,"featured_media":115122,"comment_status":"open","ping_status":"closed","sticky":false,"template":"","format":"standard","meta":{"om_disable_all_campaigns":false,"jnews-multi-image_gallery":[],"jnews_single_post":[],"jnews_primary_category":[],"jnews_social_meta":[],"footnotes":""},"categories":[40],"tags":[946],"class_list":["post-115121","post","type-post","status-publish","format-standard","has-post-thumbnail","hentry","category-industria","tag-lancelot-digital-noticias-lanzarote-diario-digital-periodico-canarias-sucesos-deportes-cultura-vida-social-opinion-semanario-revista"],"_links":{"self":[{"href":"https:\/\/dimensionturistica.com\/es\/wp-json\/wp\/v2\/posts\/115121","targetHints":{"allow":["GET"]}}],"collection":[{"href":"https:\/\/dimensionturistica.com\/es\/wp-json\/wp\/v2\/posts"}],"about":[{"href":"https:\/\/dimensionturistica.com\/es\/wp-json\/wp\/v2\/types\/post"}],"author":[{"embeddable":true,"href":"https:\/\/dimensionturistica.com\/es\/wp-json\/wp\/v2\/users\/4"}],"replies":[{"embeddable":true,"href":"https:\/\/dimensionturistica.com\/es\/wp-json\/wp\/v2\/comments?post=115121"}],"version-history":[{"count":0,"href":"https:\/\/dimensionturistica.com\/es\/wp-json\/wp\/v2\/posts\/115121\/revisions"}],"wp:featuredmedia":[{"embeddable":true,"href":"https:\/\/dimensionturistica.com\/es\/wp-json\/wp\/v2\/media\/115122"}],"wp:attachment":[{"href":"https:\/\/dimensionturistica.com\/es\/wp-json\/wp\/v2\/media?parent=115121"}],"wp:term":[{"taxonomy":"category","embeddable":true,"href":"https:\/\/dimensionturistica.com\/es\/wp-json\/wp\/v2\/categories?post=115121"},{"taxonomy":"post_tag","embeddable":true,"href":"https:\/\/dimensionturistica.com\/es\/wp-json\/wp\/v2\/tags?post=115121"}],"curies":[{"name":"wp","href":"https:\/\/api.w.org\/{rel}","templated":true}]}}