{"id":115112,"date":"2021-04-17T10:00:22","date_gmt":"2021-04-17T10:00:22","guid":{"rendered":"https:\/\/dimensionturistica.com\/es\/?p=115112"},"modified":"2021-04-17T10:00:22","modified_gmt":"2021-04-17T10:00:22","slug":"reunion-de-urgencia-por-alexander-isak","status":"publish","type":"post","link":"https:\/\/dimensionturistica.com\/es\/reunion-de-urgencia-por-alexander-isak\/","title":{"rendered":"Reuni\u00f3n de urgencia por Alexander Isak"},"content":{"rendered":"<p> <br \/>\n<\/p>\n<div>\n<p class=\"rtejustify\"><strong>Alexander Isak<\/strong> es esta temporada el principal referente ofensivo de la Actual Sociedad, teniendo el futbolista sueco de 20 a\u00f1os un rendimiento goleador m\u00e1s que destacado en las \u00faltimas jornadas. Por ello, seg\u00fan <a rel=\"nofollow noopener\" target=\"_blank\" href=\"https:\/\/www.marca.com\/radio.html\"><em>Radio Marca<\/em><\/a>, <strong>Pedga Mijatovic<\/strong> (representante del punta) y algunos intermediarios de Common Sports activities Group, agencia del delantero sueco, se encuentran en San Sebasti\u00e1n para mantener conversaciones con el membership vasco sobre el futuro del futbolista.<\/p>\n<p class=\"rtejustify\">El contrato de Alexander Isak con la <strong>Actual Sociedad<\/strong> se encuentra vigente hasta el pr\u00f3ximo 30 de junio de 2024, una operaci\u00f3n en la que parece que fue clave Mijatovic, que le recomend\u00f3 al futbolista elegir San Sebasti\u00e1n entre los muchos destinos que pretend\u00edan acogerle.<\/p>\n<p class=\"rtejustify\">El internacional sueco ha continuado esta temporada con el gran rendimiento goleador que ya mostr\u00f3 en la pasada, lo que ha motivado que haya llamado la atenci\u00f3n de otros clubes y como ha adelantado el medio citado, el representante del jugador, entre otros, tienen una cita en la ciudad de La Concha para hablar sobre el 19 de los de Imanol.<\/p>\n<p class=\"rtejustify\"><strong>Preparado para dar el salto<\/strong><\/p>\n<p class=\"rtejustify\"><a rel=\"nofollow noopener\" target=\"_blank\" href=\"https:\/\/www.fichajes.net\/jugadores\/alexander-isak.html\">Alexander Isak <\/a>sigue acumulando \u2018novias\u2019 y sigue estando en las quinielas de todos los clubes importantes de Europa. En primer lugar, el <strong>Borussia Dortmund<\/strong> se plantea hacer efectiva la opci\u00f3n de compra de 30 millones de euros que existe en en el contrato de traspaso que acordaron tanto el conjunto espa\u00f1ol como el alem\u00e1n hace ya dos temporadas.<\/p>\n<p class=\"rtejustify\">La <strong>Juventus de Tur\u00edn<\/strong> tambi\u00e9n sigue muy de cerca los pasos de Isak, que ser\u00eda el sustituto perfect de Cristiano Ronaldo. Por \u00faltimo, el <strong>Tottenham<\/strong> es consciente que <a rel=\"nofollow noopener\" target=\"_blank\" href=\"https:\/\/www.fichajes.net\/noticias\/bombazo-harry-kane-pedira-salir-tottenham-verano-20210410.html\">Harry Kane pedir\u00e1 irse del club la pr\u00f3xima temporada si no consiguen clasificar a la UEFA Champions League<\/a> al finalizar esta, lo que parece muy complicado debido a la cantidad de equipos que est\u00e1n compitiendo por las dos plazas que quedan. Por ello, Alexander Isak ser\u00eda un perfil muy adecuado para el cuadro ingl\u00e9s.<\/p>\n<\/p><\/div>\n<p><script>\n      window.fbAsyncInit = function() {\n        FB.init({\n          appId      : '1730978797156097',\n          xfbml      : true,\n          version    : 'v2.7'\n        });\n      };\n      (function(d, s, id){\n         var js, fjs = d.getElementsByTagName(s)[0];\n         if (d.getElementById(id)) {return;}\n         js = d.createElement(s); js.id = id;\n         js.src = \"https:\/\/connect.facebook.net\/es_ES\/sdk.js\";\n         fjs.parentNode.insertBefore(js, fjs);\n       }(document, 'script', 'facebook-jssdk'));\n    <\/script><br \/>\n<br \/><\/p>\n<p><em> &#8221; Fuentes www.fichajes.net &#8221; <\/em><\/p>\n","protected":false},"excerpt":{"rendered":"<p>Alexander Isak es esta temporada el principal referente ofensivo de la Actual Sociedad, teniendo el futbolista sueco de 20 a\u00f1os un rendimiento goleador m\u00e1s que destacado en las \u00faltimas jornadas. Por ello, seg\u00fan Radio Marca, Pedga Mijatovic (representante del punta) y algunos intermediarios de Common Sports activities Group, agencia del delantero sueco, se encuentran en [&hellip;]<\/p>\n","protected":false},"author":4,"featured_media":115113,"comment_status":"open","ping_status":"closed","sticky":false,"template":"","format":"standard","meta":{"om_disable_all_campaigns":false,"jnews-multi-image_gallery":[],"jnews_single_post":[],"jnews_primary_category":[],"jnews_social_meta":[],"footnotes":""},"categories":[39],"tags":[1482,22407,19417,770,8584,11636,11637,11634,11630,11631,11627,11638,11628,11629,11639,11633,2192,2895,1692,19842,11635,12308,11632,21687],"class_list":["post-115112","post","type-post","status-publish","format-standard","has-post-thumbnail","hentry","category-viajes","tag-alemania","tag-alexander-isak","tag-borussia-dortmund","tag-espana","tag-fichajes","tag-fichajes-alemania","tag-fichajes-argentina","tag-fichajes-barcelona","tag-fichajes-brasil","tag-fichajes-de-futbol","tag-fichajes-espana","tag-fichajes-francia","tag-fichajes-inglaterra","tag-fichajes-italia","tag-fichajes-mexico","tag-fichajes-real-madrid","tag-futbol","tag-inglaterra","tag-italia","tag-juventus-de-turin","tag-noticias-fichajes","tag-real-sociedad","tag-rumores-fichajes","tag-tottenham-hotspur"],"_links":{"self":[{"href":"https:\/\/dimensionturistica.com\/es\/wp-json\/wp\/v2\/posts\/115112","targetHints":{"allow":["GET"]}}],"collection":[{"href":"https:\/\/dimensionturistica.com\/es\/wp-json\/wp\/v2\/posts"}],"about":[{"href":"https:\/\/dimensionturistica.com\/es\/wp-json\/wp\/v2\/types\/post"}],"author":[{"embeddable":true,"href":"https:\/\/dimensionturistica.com\/es\/wp-json\/wp\/v2\/users\/4"}],"replies":[{"embeddable":true,"href":"https:\/\/dimensionturistica.com\/es\/wp-json\/wp\/v2\/comments?post=115112"}],"version-history":[{"count":0,"href":"https:\/\/dimensionturistica.com\/es\/wp-json\/wp\/v2\/posts\/115112\/revisions"}],"wp:featuredmedia":[{"embeddable":true,"href":"https:\/\/dimensionturistica.com\/es\/wp-json\/wp\/v2\/media\/115113"}],"wp:attachment":[{"href":"https:\/\/dimensionturistica.com\/es\/wp-json\/wp\/v2\/media?parent=115112"}],"wp:term":[{"taxonomy":"category","embeddable":true,"href":"https:\/\/dimensionturistica.com\/es\/wp-json\/wp\/v2\/categories?post=115112"},{"taxonomy":"post_tag","embeddable":true,"href":"https:\/\/dimensionturistica.com\/es\/wp-json\/wp\/v2\/tags?post=115112"}],"curies":[{"name":"wp","href":"https:\/\/api.w.org\/{rel}","templated":true}]}}