{"id":115091,"date":"2021-04-17T08:36:33","date_gmt":"2021-04-17T08:36:33","guid":{"rendered":"https:\/\/dimensionturistica.com\/es\/?p=115091"},"modified":"2021-04-17T08:36:33","modified_gmt":"2021-04-17T08:36:33","slug":"agencias-de-viaje-espanolas-conocen-la-oferta-turistica-de-jaen","status":"publish","type":"post","link":"https:\/\/dimensionturistica.com\/es\/agencias-de-viaje-espanolas-conocen-la-oferta-turistica-de-jaen\/","title":{"rendered":"Agencias de viaje espa\u00f1olas conocen la oferta tur\u00edstica de Ja\u00e9n"},"content":{"rendered":"<p> <br \/>\n<\/p>\n<div>\n<h4>La Diputaci\u00f3n organiza un &#8216;submit tour&#8217; para profesionales que han participado en el Foro Resintoniza Andaluc\u00eda<\/h4>\n<p>Agentes de viaje de as soon as puntos del territorio nacional \u2014Madrid, Almer\u00eda, Vizcaya, La Coru\u00f1a, Palma de Mallorca, Guip\u00fazcoa, Barcelona, M\u00e1laga, Pontevedra, C\u00e1diz y Huelva\u2014 est\u00e1n conociendo este fin de semana la oferta tur\u00edstica del para\u00edso inside jiennense.<\/p>\n<p>El diputado de Promoci\u00f3n y Turismo,<strong> Francisco Javier Lozano<\/strong>, ha recibido a estos profesionales tur\u00edsticos durante la visita guiada que han realizado a \u00dabeda, ciudad Patrimonio de la Humanidad, en el marco de este tour por la provincia que ha organizado la Diputaci\u00f3n como actividad complementaria al Foro Resintoniza Andaluc\u00eda, desarrollado ayer en la capital jiennense y en el que ha colaborado la Administraci\u00f3n provincial junto a la Junta de Andaluc\u00eda.<\/p>\n<p>&#8220;A trav\u00e9s del dise\u00f1o del programa de este submit tour hemos buscado que tenga especial incidencia en la oferta de alojamientos y de restauraci\u00f3n, con la estancia de estos profesionales en distintos establecimientos hoteleros y la visita a restaurantes de varios municipios\u201d, ha se\u00f1alado Lozano.<\/p>\n<p>Adem\u00e1s de conocer \u00dabeda, durante la jornada de ayer este grupo \u2014integrado por m\u00e1s de una docena de profesionales\u2014 se desplaz\u00f3 hasta el Museo de la Cultura del Olivo, la Hacienda La Laguna y la ciudad de Baeza, tambi\u00e9n declarada Patrimonio de la Humanidad.<\/p>\n<p>Asimismo, hoy visitar\u00e1n el Parque Pure de Despe\u00f1aperros, donde realizar\u00e1n una ruta en 4&#215;4 y de senderismo para conocer distintos enclaves de este espacio pure como las pinturas rupestres del entorno, el castillo de Castro Ferral y Casta\u00f1ar de Valdeazores. &#8220;Hemos querido destacar la oferta de naturaleza de la provincia de Ja\u00e9n de manos de sus cuatro parques naturales\u201d, ha apuntado Lozano. El <em>submit tour<\/em> finaliza esta tarde con una visita guiada a Ba\u00f1os de la Encina.<\/p>\n<\/div>\n<p><script>(function(d, s, id) {\n          var js, fjs = d.getElementsByTagName(s)[0];\n          if (d.getElementById(id)) return;\n          js = d.createElement(s); js.id = id;\n          js.src = \"https:\/\/connect.facebook.net\/es_ES\/sdk.js#xfbml=1&appId=lacontracronica.es&version=v2.3\";\n          fjs.parentNode.insertBefore(js, fjs);\n        }(document, 'script', 'facebook-jssdk'));<\/script><br \/>\n<br \/><\/p>\n<p><em> &#8221; Fuentes lacontradejaen.com &#8221; <\/em><\/p>\n","protected":false},"excerpt":{"rendered":"<p>La Diputaci\u00f3n organiza un &#8216;submit tour&#8217; para profesionales que han participado en el Foro Resintoniza Andaluc\u00eda Agentes de viaje de as soon as puntos del territorio nacional \u2014Madrid, Almer\u00eda, Vizcaya, La Coru\u00f1a, Palma de Mallorca, Guip\u00fazcoa, Barcelona, M\u00e1laga, Pontevedra, C\u00e1diz y Huelva\u2014 est\u00e1n conociendo este fin de semana la oferta tur\u00edstica del para\u00edso inside jiennense. [&hellip;]<\/p>\n","protected":false},"author":4,"featured_media":115092,"comment_status":"open","ping_status":"closed","sticky":false,"template":"","format":"standard","meta":{"om_disable_all_campaigns":false,"jnews-multi-image_gallery":[],"jnews_single_post":[],"jnews_primary_category":[],"jnews_social_meta":[],"footnotes":""},"categories":[40],"tags":[],"class_list":["post-115091","post","type-post","status-publish","format-standard","has-post-thumbnail","hentry","category-industria"],"_links":{"self":[{"href":"https:\/\/dimensionturistica.com\/es\/wp-json\/wp\/v2\/posts\/115091","targetHints":{"allow":["GET"]}}],"collection":[{"href":"https:\/\/dimensionturistica.com\/es\/wp-json\/wp\/v2\/posts"}],"about":[{"href":"https:\/\/dimensionturistica.com\/es\/wp-json\/wp\/v2\/types\/post"}],"author":[{"embeddable":true,"href":"https:\/\/dimensionturistica.com\/es\/wp-json\/wp\/v2\/users\/4"}],"replies":[{"embeddable":true,"href":"https:\/\/dimensionturistica.com\/es\/wp-json\/wp\/v2\/comments?post=115091"}],"version-history":[{"count":0,"href":"https:\/\/dimensionturistica.com\/es\/wp-json\/wp\/v2\/posts\/115091\/revisions"}],"wp:featuredmedia":[{"embeddable":true,"href":"https:\/\/dimensionturistica.com\/es\/wp-json\/wp\/v2\/media\/115092"}],"wp:attachment":[{"href":"https:\/\/dimensionturistica.com\/es\/wp-json\/wp\/v2\/media?parent=115091"}],"wp:term":[{"taxonomy":"category","embeddable":true,"href":"https:\/\/dimensionturistica.com\/es\/wp-json\/wp\/v2\/categories?post=115091"},{"taxonomy":"post_tag","embeddable":true,"href":"https:\/\/dimensionturistica.com\/es\/wp-json\/wp\/v2\/tags?post=115091"}],"curies":[{"name":"wp","href":"https:\/\/api.w.org\/{rel}","templated":true}]}}