{"id":114834,"date":"2021-04-16T21:14:16","date_gmt":"2021-04-16T21:14:16","guid":{"rendered":"https:\/\/dimensionturistica.com\/es\/?p=114834"},"modified":"2021-04-16T21:14:17","modified_gmt":"2021-04-16T21:14:17","slug":"la-crac-pf-grupo-que-armo-ninos-reta-a-amlo-a-que-vaya-a-la-zona-a-conocer-la-realidad-que-viven","status":"publish","type":"post","link":"https:\/\/dimensionturistica.com\/es\/la-crac-pf-grupo-que-armo-ninos-reta-a-amlo-a-que-vaya-a-la-zona-a-conocer-la-realidad-que-viven\/","title":{"rendered":"La CRAC-PF, grupo que arm\u00f3 ni\u00f1os, reta a AMLO a que vaya a la zona a conocer &#8220;la realidad&#8221; que viven"},"content":{"rendered":"<p> <br \/>\n<\/p>\n<div id=\"\">\n<h3><strong>Bernardino S\u00e1nchez Luna, consejero de esa polic\u00eda comunitaria, exige que el Presidente vaya a sus comunidades: \u201cNo conviene que nom\u00e1s de lejos est\u00e9 diciendo que no est\u00e1 bien, queremos que venga a la comunidad y que nos muestre d\u00f3nde est\u00e1n sus guardias nacionales\u201d. Advierte que continuar\u00e1n reclutando menores hasta que al menos se resuelva el apoyo a las nueve viudas y 14 hu\u00e9rfanos de los m\u00fasicos de Alcozac\u00e1n asesinados el a\u00f1o pasado y a los 34 desplazados de la comunidad de Acojtapachtl\u00e1n por Los Ardillos.<\/strong><\/h3>\n<aside class=\"ver-ademas-4A99E0125DAED7DE4\"><img decoding=\"async\" src=\"https:\/\/dimensionturistica.com\/es\/wp-content\/uploads\/2021\/04\/La-CRAC-PF-grupo-que-armo-ninos-reta-a-AMLO-a.jpg\" alt=\"\"\/><\/p>\n<h4><a rel=\"nofollow noopener\" target=\"_blank\" href=\"https:\/\/www.sinembargo.mx\/15-04-2021\/3963590\">VER M\u00c1S<\/a><\/h4>\n<header>\n<h5><a rel=\"nofollow noopener\" target=\"_blank\" href=\"https:\/\/www.sinembargo.mx\/15-04-2021\/3963590\">AMLO critica que autodefensas de Guerrero den armas a los ni\u00f1os y luego los graben para exhibirlos<\/a><\/h5>\n<\/header>\n<\/aside>\n<p><strong>Por Zacar\u00edas Cervantes<\/strong><\/p>\n<p>Chilpancingo, Guerrero, 16 de abril (El Sur).\u2013 El consejero de la Polic\u00eda Comunitaria de la Coordinadora Regional de Autoridades Comunitarias de los Pueblos Fundadores (<strong>CRAC-PF<\/strong>), de la Casa de Justicia de Ayahualtempa, <strong>Bernardino S\u00e1nchez Luna<\/strong>, pidi\u00f3 al Presidente de la Rep\u00fablica, Andr\u00e9s Manuel L\u00f3pez Obrador, que visite el municipio de Jos\u00e9 Joaqu\u00edn de Herrera para que se informe bien de la realidad que viven.<\/p>\n<p>Luego de que el Presidente reprob\u00f3 en la conferencia de prensa matutina de ayer la presentaci\u00f3n de <strong>ni\u00f1os armados<\/strong> por la CRAC-PF, S\u00e1nchez Luna dijo que el mandatario est\u00e1 mal informado.<\/p>\n<p>V\u00eda telef\u00f3nica, declar\u00f3 que el Gobernador <strong>H\u00e9ctor Astudillo Flores<\/strong> y el obispo<strong> Salvador Rangel Mendoza (<\/strong>de quienes, seg\u00fan L\u00f3pez Obrador, ha escuchado sus opiniones), han declarado y asumido una actitud parcial a favor del grupo delictivo de Los Ardillos, que lo ha venido atacando y hostigando a las comunidades ind\u00edgenas.<\/p>\n<p>Dijo tambi\u00e9n que no es verdad que la Guardia Nacional se est\u00e9 haciendo cargo de la seguridad, como lo asegur\u00f3 el Presidente, puesto que, incluso, ya retiraron el campamento que ten\u00eda en el crucero de Rinc\u00f3n de Chautla, en la carretera Chilapa-Hueycantenango y que a veces hasta se alternan con la gente del grupo delictivo de Los Ardillos en otros lugares donde instalan puestos de revisi\u00f3n.<\/p>\n<blockquote>\n<p>\u201cEntonces est\u00e1 mintiendo el Presidente que est\u00e1 diciendo que la Guardia Nacional es la que se est\u00e1 haciendo cargo de la seguridad\u201d, sostuvo.<\/p>\n<\/blockquote>\n<div id=\"attachment_3962111\" style=\"width: 710px\" class=\"wp-caption alignnone\"><img decoding=\"async\" class=\"size-full wp-image-3962111\" src=\"https:\/\/dimensionturistica.com\/es\/wp-content\/uploads\/2021\/04\/La-CRAC-PF-grupo-que-armo-ninos-reta-a-AMLO-a.jpeg\" alt=\"\" width=\"700\" height=\"467\"  \/><\/p>\n<p class=\"wp-caption-text\">En la comunidad de Ayahualtempa de Jos\u00e9 Joaqu\u00edn de Herrera, Guerrero, fueron presentados m\u00e1s de 17 \u201cni\u00f1os comunitarios\u201d en exigencia de atenci\u00f3n por parte de las autoridades para atender las carencias que la comunidad padece. Foto: Dassaev T\u00e9llez, Cuartoscuro.<\/p>\n<\/div>\n<div id=\"attachment_3961956\" style=\"width: 710px\" class=\"wp-caption alignnone\"><img decoding=\"async\" class=\"wp-image-3961956\" src=\"https:\/\/dimensionturistica.com\/es\/wp-content\/uploads\/2021\/04\/1618607655_512_La-CRAC-PF-grupo-que-armo-ninos-reta-a-AMLO-a.jpg\" alt=\"\" width=\"700\" height=\"369\"  \/><\/p>\n<p class=\"wp-caption-text\">La CRAC anunci\u00f3 desde 2020 que seguir\u00eda entrenando a ni\u00f1os para que se defiendan con armas, en Guerrero. Imagen tomada en enero de 2020 en Alcozanc\u00e1n. Foto: Dassaev T\u00e9llez, Cuartoscuro.<\/p>\n<\/div>\n<p>El l\u00edder comunitario se\u00f1al\u00f3 que el acuerdo con los gobiernos federal y estatal fue que los elementos de la Guardia Nacional se mantendr\u00edan en la zona hasta que se controlara el problema de violencia que viene generando el grupo delictivo, \u201cpero resulta que lleva como dos meses que ya no aparecen en el crucero de Rinc\u00f3n de Chautla\u201d.<\/p>\n<p>Asegur\u00f3 que, mientras tanto, los integrantes del grupo delictivo siguen posicionados en el Crucero del Jag\u00fcey y en el Pante\u00f3n de Tula, desde donde han seguido amenazando y hostigando a las comunidades ind\u00edgenas del territorio comunitario.<\/p>\n<p>Incluso asegur\u00f3 que ya se ampliaron a la Escuela Secundaria de Atzacoaloya, \u201cya son tres grupos a orillas de la carretera Chilapa-Hueycantenango, no nada m\u00e1s dos\u201d, denunci\u00f3 el promotor comunitario.<\/p>\n<blockquote>\n<p>Por eso insisti\u00f3 que<strong> la CRAC-PF<\/strong> est\u00e1 exigiendo que el Presidente vaya a sus comunidades, \u201cno conviene que nom\u00e1s de lejos est\u00e9 diciendo que no est\u00e1 bien, queremos que venga a la comunidad y que nos muestre d\u00f3nde est\u00e1n sus guardias nacionales\u201d.<\/p>\n<\/blockquote>\n<p>Denunci\u00f3 que, de hecho, en la escuela de Atzacoaloya, a unos metros de donde est\u00e1n Los Ardillos, est\u00e1n tambi\u00e9n los elementos de la Guardia Nacional, \u201co sea que est\u00e1n con ellos, \u201c\u00bfd\u00f3nde est\u00e1 la seguridad que nos van a dar, si al fin de cuentas se cruzan entre ellos y no les dicen nada?\u201d.<\/p>\n<aside class=\"ver-ademas-4A99E0125DAED7DE4\"><img decoding=\"async\" src=\"https:\/\/dimensionturistica.com\/es\/wp-content\/uploads\/2021\/04\/1618607655_531_La-CRAC-PF-grupo-que-armo-ninos-reta-a-AMLO-a.jpeg\" alt=\"\"\/><\/p>\n<h4><a rel=\"nofollow noopener\" target=\"_blank\" href=\"https:\/\/www.sinembargo.mx\/11-04-2021\/3962095\">VER M\u00c1S<\/a><\/h4>\n<header>\n<h5><a rel=\"nofollow noopener\" target=\"_blank\" href=\"https:\/\/www.sinembargo.mx\/11-04-2021\/3962095\">FOTOS: Unos 34 ni\u00f1os se unen a las autodefensas de Ayahualtempa. Es la \u201cleva\u201d contra \u201cLos Ardillos\u201d<\/a><\/h5>\n<\/header>\n<\/aside>\n<p>Bernardino S\u00e1nchez rechaz\u00f3 que la CRAC-PF est\u00e9 vinculada con alg\u00fan grupo de la delincuencia organizada, dijo que, en todo caso, hay dudas de los elementos federales, \u201cporque en el Crucero de Colotepec (otro punto de la carretera Chilapa Hueycantenango) est\u00e1 la Guardia Nacional y en el cerrito, como a 300 metros, est\u00e1n Los Ardillos\u201d.<\/p>\n<p>Expuso que, mientras tanto, en el Crucero del Jag\u00fcey, se van alternando, \u201ca veces se pone la Guardia Nacional y a veces Los Ardillos. Ellos (la Guardia Nacional) saben d\u00f3nde est\u00e1n pero no los quitan, no los desalojan, y all\u00ed en el Crucero del Jag\u00fcey es donde han levantado a muchos compa\u00f1eros\u201d.<\/p>\n<p>A\u00f1adi\u00f3 que si el Presidente cube que lo tienen informado el Gobernador H\u00e9ctor Astudillo y el obispo Salvador Rangel, \u201clo est\u00e1n enga\u00f1ando, porque los dos, con sus declaraciones y actitudes han demostrado que est\u00e1n parcialmente a favor de Los Ardillos\u201d.<\/p>\n<blockquote>\n<p>\u201cNosotros no tenemos contacto con el obispo, y el Gobernador, hasta ahorita, no ha venido ni nos hemos entrevistado con \u00e9l\u201d. Insisti\u00f3 que es totalmente falso todo lo que le han informado al Presidente, \u201cpor eso estamos presionando para que venga a Ayahualtempa\u201d.<\/p>\n<\/blockquote>\n<aside class=\"ver-ademas-4A99E0125DAED7DE4\"><img decoding=\"async\" src=\"https:\/\/dimensionturistica.com\/es\/wp-content\/uploads\/2021\/04\/1618607655_178_La-CRAC-PF-grupo-que-armo-ninos-reta-a-AMLO-a.jpeg\" alt=\"\"\/><\/p>\n<h4><a rel=\"nofollow noopener\" target=\"_blank\" href=\"https:\/\/www.sinembargo.mx\/13-04-2021\/3962823\">VER M\u00c1S<\/a><\/h4>\n<header>\n<h5><a rel=\"nofollow noopener\" target=\"_blank\" href=\"https:\/\/www.sinembargo.mx\/13-04-2021\/3962823\">Exhibir a los ni\u00f1os con armas \u201ces irresponsable\u201d: Astudillo; se le falta a sus derechos, dice obispo<\/a><\/h5>\n<\/header>\n<\/aside>\n<p>S\u00e1nchez Luna advirti\u00f3 que mientras no acuda a informarse bien de c\u00f3mo est\u00e1 la situaci\u00f3n \u201cla comunidad ya decidi\u00f3 que va a seguir presionando hasta \u00e9l que venga\u201d.<\/p>\n<p>Anunci\u00f3 que van a seguir con el proyecto de<strong> incorporar ni\u00f1os a la Polic\u00eda Comunitaria<\/strong> hasta que los gobiernos federal y estatal les resuelvan cuando menos el apoyo a las nueve viudas de los m\u00fasicos de Alcozac\u00e1n asesinados el a\u00f1o pasado, a los 14 hu\u00e9rfanos y a los 34 desplazados de la comunidad de Acojtapachtl\u00e1n por Los Ardillos.<\/p>\n<p>Adem\u00e1s, el env\u00edo de maestros para la Escuela Secundaria y la Preparatoria de Ayahualtempa para que los ni\u00f1os estudien, \u201cporque no pueden ir a Hueycantenango debido a que ah\u00ed est\u00e1 la gente del grupo delictivo\u201d.<\/p>\n<p>Record\u00f3 que los gobiernos federal y estatal se comprometieron a mandarles cuando menos tres maestros y la comunidad a conseguir el native, \u201cpero ya llevamos 15 meses y no nos han mandado los maestros\u201d.<\/p>\n<p class=\"p1\"><a rel=\"nofollow noopener\" target=\"_blank\" href=\"https:\/\/suracapulco.mx\/impreso\/2\/pide-la-crac-pf-a-amlo-que-visite-la-zona-para-que-se-informe-bien-de-la-realidad-que-se-vive\/\">ESTE CONTENIDO ES PUBLICADO POR SINEMBARGO CON AUTORIZACI\u00d3N EXPRESA DE RT. VER ORIGINAL AQU\u00cd. PROHIBIDA SU REPRODUCCI\u00d3N.<\/a><\/p>\n<\/div>\n<p><script>(function(d, s, id) {\n  var js, fjs = d.getElementsByTagName(s)[0];\n  if (d.getElementById(id)) return;\n  js = d.createElement(s); js.id = id;\n  js.src = \"https:\/\/connect.facebook.net\/es_LA\/sdk.js#xfbml=1&version=v2.9&appId=120773251685491\";\n  fjs.parentNode.insertBefore(js, fjs);\n}(document, 'script', 'facebook-jssdk'));<\/script><br \/>\n<br \/><\/p>\n<p><em> &#8221; Fuentes www.sinembargo.mx &#8221; <\/em><\/p>\n","protected":false},"excerpt":{"rendered":"<p>Bernardino S\u00e1nchez Luna, consejero de esa polic\u00eda comunitaria, exige que el Presidente vaya a sus comunidades: \u201cNo conviene que nom\u00e1s de lejos est\u00e9 diciendo que no est\u00e1 bien, queremos que venga a la comunidad y que nos muestre d\u00f3nde est\u00e1n sus guardias nacionales\u201d. Advierte que continuar\u00e1n reclutando menores hasta que al menos se resuelva el [&hellip;]<\/p>\n","protected":false},"author":4,"featured_media":114835,"comment_status":"open","ping_status":"closed","sticky":false,"template":"","format":"standard","meta":{"om_disable_all_campaigns":false,"jnews-multi-image_gallery":[],"jnews_single_post":[],"jnews_primary_category":[],"jnews_social_meta":[],"footnotes":""},"categories":[41],"tags":[16341,16316,4359,22350,22349,22346,22347,22348],"class_list":["post-114834","post","type-post","status-publish","format-standard","has-post-thumbnail","hentry","category-cruceros","tag-autodefensas","tag-crimen-organizado","tag-guerrero","tag-ninez","tag-ninos-armados-fotos","tag-ninos-armados-guerero","tag-ninos-comunitarios","tag-ninos-policia-comunitaria"],"_links":{"self":[{"href":"https:\/\/dimensionturistica.com\/es\/wp-json\/wp\/v2\/posts\/114834","targetHints":{"allow":["GET"]}}],"collection":[{"href":"https:\/\/dimensionturistica.com\/es\/wp-json\/wp\/v2\/posts"}],"about":[{"href":"https:\/\/dimensionturistica.com\/es\/wp-json\/wp\/v2\/types\/post"}],"author":[{"embeddable":true,"href":"https:\/\/dimensionturistica.com\/es\/wp-json\/wp\/v2\/users\/4"}],"replies":[{"embeddable":true,"href":"https:\/\/dimensionturistica.com\/es\/wp-json\/wp\/v2\/comments?post=114834"}],"version-history":[{"count":0,"href":"https:\/\/dimensionturistica.com\/es\/wp-json\/wp\/v2\/posts\/114834\/revisions"}],"wp:featuredmedia":[{"embeddable":true,"href":"https:\/\/dimensionturistica.com\/es\/wp-json\/wp\/v2\/media\/114835"}],"wp:attachment":[{"href":"https:\/\/dimensionturistica.com\/es\/wp-json\/wp\/v2\/media?parent=114834"}],"wp:term":[{"taxonomy":"category","embeddable":true,"href":"https:\/\/dimensionturistica.com\/es\/wp-json\/wp\/v2\/categories?post=114834"},{"taxonomy":"post_tag","embeddable":true,"href":"https:\/\/dimensionturistica.com\/es\/wp-json\/wp\/v2\/tags?post=114834"}],"curies":[{"name":"wp","href":"https:\/\/api.w.org\/{rel}","templated":true}]}}