{"id":114831,"date":"2021-04-16T21:08:08","date_gmt":"2021-04-16T21:08:08","guid":{"rendered":"https:\/\/dimensionturistica.com\/es\/?p=114831"},"modified":"2021-04-16T21:08:08","modified_gmt":"2021-04-16T21:08:08","slug":"norwegian-cruise-estrena-el-primer-capitulo-de-su-produccion-embark-the-series","status":"publish","type":"post","link":"https:\/\/dimensionturistica.com\/es\/norwegian-cruise-estrena-el-primer-capitulo-de-su-produccion-embark-the-series\/","title":{"rendered":"Norwegian Cruise estrena el primer cap\u00edtulo de su producci\u00f3n Embark &#8211; The Series"},"content":{"rendered":"<p> <br \/>\n<\/p>\n<div style=\"margin-top:0px;\">\n<p><span id=\"more-88924\"\/><strong>Por Redacci\u00f3n PortalCruceros.cl<\/strong><\/p>\n<p><strong>@PortalCruceros<\/strong><\/p>\n<hr\/>\n<p style=\"text-align: justify;\"><strong>Norwegian Cruise Line present\u00f3 Embark \u2013 The Collection,<\/strong> una producci\u00f3n documental que narra los preparativos de la marca mientras se prepara para regresar al servicio a partir del 25 de julio pr\u00f3ximo.<\/p>\n<p style=\"text-align: justify;\"><img decoding=\"async\" loading=\"lazy\" class=\"alignright  wp-image-88896\" src=\"https:\/\/dimensionturistica.com\/es\/wp-content\/uploads\/2021\/04\/Norwegian-Cruise-estrena-el-primer-capitulo-de-su-produccion-Embark.jpg\" alt=\"\" width=\"451\" height=\"451\"\/>El primer episodio, titulado Nice Cruise Comeback, se centra en las medidas en curso para un regreso saludable y seguro a la navegaci\u00f3n, incluidas conversaciones sin gui\u00f3n con l\u00edderes ejecutivos, incluido el <strong>presidente y director ejecutivo de Norwegian Cruise Line Holdings, Frank Del Rio, y el presidente y director ejecutivo de Norwegian Cruise Line, Harry Sommer.<\/strong><\/p>\n<p style=\"text-align: justify;\">\u201cHa sido un momento emocionante para nosotros, ya que recientemente anunciamos el redespliegue de los primeros barcos que zarparon luego de una pausa de un a\u00f1o en nuestras operaciones. Estamos deseando volver a conectarnos con nuestros invitados, tripulaci\u00f3n, miembros del equipo y socios en persona, as\u00ed como a trav\u00e9s de la plataforma Embark with NCL, que mostrar\u00e1 nuestro viaje de regreso al crucero a trav\u00e9s de la gente de NCL\u201d, declar\u00f3 Sommer.<\/p>\n<p style=\"text-align: justify;\">Los espectadores podr\u00e1n ver en exclusiva los preparativos de la marca para su regreso a la navegaci\u00f3n, incluida la tecnolog\u00eda dise\u00f1ada para mejorar el proceso de embarque, c\u00f3mo la tripulaci\u00f3n a bordo y los artistas de la marca se han estado manejando durante el \u00faltimo a\u00f1o y c\u00f3mo esta pausa temporal ha afectado a las peque\u00f1as empresas y socios, incluida la destiler\u00eda Wynwood Brewing Firm, con sede en Miami.<\/p>\n<p style=\"text-align: justify;\">El episodio de casi 30 minutos se transmiti\u00f3 por la <a rel=\"nofollow noopener\" target=\"_blank\" href=\"https:\/\/c212.net\/c\/link\/?t=0&amp;l=en&amp;o=3129756-1&amp;h=453946086&amp;u=http%3A%2F%2Fwww.ncl.com%2Fembark&amp;a=www.ncl.com%2Fembark\">p\u00e1gina oficial de la l\u00ednea<\/a> y Fb.<\/p>\n<hr\/>\n<p>\t\t <!-- banner --><br \/>\n<!--\t \n\n<div style=\"margin-top: 15px;\"><\/div>\n\n\n<a rel=\"nofollow noopener\" target=\"_blank\" href=\"https:\/\/www.linkedin.com\/company\/portalcruceros-cl\/\">\n\t<img decoding=\"async\" src=\"https:\/\/dimensionturistica.com\/es\/wp-content\/uploads\/2020\/09\/Knud-E-Hansen-disena-nuevo-crucero-de-expedicion-rompehielos.gif\" \/>\n\t<\/a> --><\/p>\n<p>\t<!-- banner end --><\/p>\n<p>\t\t <!-- notas relacionadas --><\/p>\n<hr\/>\n<p>\t\t   <!-- fin notas relacionadas --><\/p><\/div>\n\n<p><em> &#8221; Fuentes portalcruceros.cl &#8221; <\/em><\/p>\n","protected":false},"excerpt":{"rendered":"<p>Por Redacci\u00f3n PortalCruceros.cl @PortalCruceros Norwegian Cruise Line present\u00f3 Embark \u2013 The Collection, una producci\u00f3n documental que narra los preparativos de la marca mientras se prepara para regresar al servicio a partir del 25 de julio pr\u00f3ximo. El primer episodio, titulado Nice Cruise Comeback, se centra en las medidas en curso para un regreso saludable y [&hellip;]<\/p>\n","protected":false},"author":4,"featured_media":114832,"comment_status":"open","ping_status":"closed","sticky":false,"template":"","format":"standard","meta":{"om_disable_all_campaigns":false,"jnews-multi-image_gallery":[],"jnews_single_post":[],"jnews_primary_category":[],"jnews_social_meta":[],"footnotes":""},"categories":[41],"tags":[],"class_list":["post-114831","post","type-post","status-publish","format-standard","has-post-thumbnail","hentry","category-cruceros"],"_links":{"self":[{"href":"https:\/\/dimensionturistica.com\/es\/wp-json\/wp\/v2\/posts\/114831","targetHints":{"allow":["GET"]}}],"collection":[{"href":"https:\/\/dimensionturistica.com\/es\/wp-json\/wp\/v2\/posts"}],"about":[{"href":"https:\/\/dimensionturistica.com\/es\/wp-json\/wp\/v2\/types\/post"}],"author":[{"embeddable":true,"href":"https:\/\/dimensionturistica.com\/es\/wp-json\/wp\/v2\/users\/4"}],"replies":[{"embeddable":true,"href":"https:\/\/dimensionturistica.com\/es\/wp-json\/wp\/v2\/comments?post=114831"}],"version-history":[{"count":0,"href":"https:\/\/dimensionturistica.com\/es\/wp-json\/wp\/v2\/posts\/114831\/revisions"}],"wp:featuredmedia":[{"embeddable":true,"href":"https:\/\/dimensionturistica.com\/es\/wp-json\/wp\/v2\/media\/114832"}],"wp:attachment":[{"href":"https:\/\/dimensionturistica.com\/es\/wp-json\/wp\/v2\/media?parent=114831"}],"wp:term":[{"taxonomy":"category","embeddable":true,"href":"https:\/\/dimensionturistica.com\/es\/wp-json\/wp\/v2\/categories?post=114831"},{"taxonomy":"post_tag","embeddable":true,"href":"https:\/\/dimensionturistica.com\/es\/wp-json\/wp\/v2\/tags?post=114831"}],"curies":[{"name":"wp","href":"https:\/\/api.w.org\/{rel}","templated":true}]}}