{"id":1148062,"date":"2026-05-03T15:24:00","date_gmt":"2026-05-03T15:24:00","guid":{"rendered":"https:\/\/dimensionturistica.com\/es\/?p=1148062"},"modified":"2026-05-03T15:24:00","modified_gmt":"2026-05-03T15:24:00","slug":"puerto-plata-frente-a-las-camaras-primer-impacto-proyecta-la-esencia-del-caribe-a-audiencias-globales","status":"publish","type":"post","link":"https:\/\/dimensionturistica.com\/es\/puerto-plata-frente-a-las-camaras-primer-impacto-proyecta-la-esencia-del-caribe-a-audiencias-globales\/","title":{"rendered":"Puerto Plata frente a las c\u00e1maras. Primer Impacto proyecta la esencia del Caribe a audiencias globales"},"content":{"rendered":"\n<p>Puerto Plata, conocida como la Novia del Atl\u00e1ntico, se ha consolidado como uno de los enclaves m\u00e1s emblem\u00e1ticos del Caribe, donde la historia, la naturaleza y la cultura conviven en un mismo escenario.<\/p>\n\n\n\n<figure class=\"wp-block-gallery has-nested-images columns-default is-cropped wp-block-gallery-1 is-layout-flex wp-block-gallery-is-layout-flex\">\n<figure class=\"wp-block-image size-large\"><img decoding=\"async\" width=\"500\" height=\"261\" data-id=\"1148063\" src=\"https:\/\/dimensionturistica.com\/es\/wp-content\/uploads\/2026\/05\/9REPU.jpg\" alt=\"\" class=\"wp-image-1148063\" srcset=\"https:\/\/dimensionturistica.com\/es\/wp-content\/uploads\/2026\/05\/9REPU.jpg 500w, https:\/\/dimensionturistica.com\/es\/wp-content\/uploads\/2026\/05\/9REPU-300x157.jpg 300w\" sizes=\"(max-width: 500px) 100vw, 500px\" \/><\/figure>\n<\/figure>\n\n\n\n<p>Con su arquitectura victoriana, sus playas de aguas profundas y una identidad vibrante, la regi\u00f3n contin\u00faa posicion\u00e1ndose como un referente del turismo en la zona.<\/p>\n\n\n\n<p>Por ello, no es casualidad que uno de los programas m\u00e1s ic\u00f3nicos de la televisi\u00f3n hispana, haya elegido este enclave como escenario para una serie de transmisiones en vivo que llevaron su esencia a millones de espectadores. Durante tres d\u00edas consecutivos, la producci\u00f3n de Primer Impacto, traslad\u00f3 su set fuera de estudio para conectar con el destino desde una mirada aut\u00e9ntica, resaltando sus paisajes, su gente y su evoluci\u00f3n como uno de los polos tur\u00edsticos m\u00e1s representativos del Caribe.<\/p>\n\n\n\n<figure class=\"wp-block-gallery has-nested-images columns-default is-cropped wp-block-gallery-2 is-layout-flex wp-block-gallery-is-layout-flex\">\n<figure class=\"wp-block-image size-large\"><img decoding=\"async\" width=\"500\" height=\"375\" data-id=\"1148064\" src=\"https:\/\/dimensionturistica.com\/es\/wp-content\/uploads\/2026\/05\/2REPU.jpg\" alt=\"\" class=\"wp-image-1148064\" srcset=\"https:\/\/dimensionturistica.com\/es\/wp-content\/uploads\/2026\/05\/2REPU.jpg 500w, https:\/\/dimensionturistica.com\/es\/wp-content\/uploads\/2026\/05\/2REPU-300x225.jpg 300w\" sizes=\"(max-width: 500px) 100vw, 500px\" \/><\/figure>\n<\/figure>\n\n\n\n<p>Un escenario con vista al Caribe<\/p>\n\n\n\n<p>El epicentro de estas transmisiones fue el Anfiteatro de La Puntilla, un espacio abierto frente al Atl\u00e1ntico que, con capacidad para m\u00e1s de 4,000 personas, se ha consolidado como uno de los escenarios culturales m\u00e1s emblem\u00e1ticos de la regi\u00f3n. Tras su reciente renovaci\u00f3n, el anfiteatro se proyecta como una plataforma de primer nivel para eventos y producciones internacionales. En este contexto, la transmisi\u00f3n en vivo del programa marca uno de los primeros grandes proyectos en activar este transformado espacio, evidenciando su potencial como escaparate para proyectar el destino ante audiencias globales y se\u00f1alando un momento clave en esta nueva etapa.<\/p>\n\n\n\n<figure class=\"wp-block-gallery has-nested-images columns-default is-cropped wp-block-gallery-3 is-layout-flex wp-block-gallery-is-layout-flex\">\n<figure class=\"wp-block-image size-large\"><img decoding=\"async\" width=\"500\" height=\"280\" data-id=\"1148065\" src=\"https:\/\/dimensionturistica.com\/es\/wp-content\/uploads\/2026\/05\/6RTEPU.jpg\" alt=\"\" class=\"wp-image-1148065\" srcset=\"https:\/\/dimensionturistica.com\/es\/wp-content\/uploads\/2026\/05\/6RTEPU.jpg 500w, https:\/\/dimensionturistica.com\/es\/wp-content\/uploads\/2026\/05\/6RTEPU-300x168.jpg 300w\" sizes=\"(max-width: 500px) 100vw, 500px\" \/><\/figure>\n<\/figure>\n\n\n\n<p>La iniciativa cont\u00f3 con el respaldo de Hodelpa Hospitality, aliado estrat\u00e9gico en esta proyecci\u00f3n internacional. El equipo de producci\u00f3n se hosped\u00f3 en Emotions by Hodelpa Puerto Plata, donde tambi\u00e9n se desarrollaron diversas \u201chistorias de impacto\u201d que pusieron en valor el componente humano detr\u00e1s de la experiencia tur\u00edstica. A esto se sum\u00f3 un cooking show que llev\u00f3 la gastronom\u00eda dominicana al centro de la conversaci\u00f3n, destacando sus sabores tradicionales como una expresi\u00f3n esencial de la identidad del pa\u00eds.<\/p>\n\n\n\n<figure class=\"wp-block-gallery has-nested-images columns-default is-cropped wp-block-gallery-4 is-layout-flex wp-block-gallery-is-layout-flex\">\n<figure class=\"wp-block-image size-large\"><img decoding=\"async\" width=\"500\" height=\"458\" data-id=\"1148066\" src=\"https:\/\/dimensionturistica.com\/es\/wp-content\/uploads\/2026\/05\/4REPU.jpg\" alt=\"\" class=\"wp-image-1148066\" srcset=\"https:\/\/dimensionturistica.com\/es\/wp-content\/uploads\/2026\/05\/4REPU.jpg 500w, https:\/\/dimensionturistica.com\/es\/wp-content\/uploads\/2026\/05\/4REPU-300x275.jpg 300w\" sizes=\"(max-width: 500px) 100vw, 500px\" \/><\/figure>\n<\/figure>\n\n\n\n<p>Una apuesta por el posicionamiento global<\/p>\n\n\n\n<p>Este tipo de acciones se enmarca dentro de una estrategia m\u00e1s amplia impulsada por David Collado, ministro de Turismo de la Rep\u00fablica Dominicana, centrada en la revitalizaci\u00f3n y posicionamiento de Puerto Plata. Proyectos como la rehabilitaci\u00f3n del telef\u00e9rico, la renovaci\u00f3n de La Puntilla y el fortalecimiento de la conectividad han contribuido a reactivar el destino y a proyectarlo nuevamente en el escenario internacional.<\/p>\n\n\n\n<figure class=\"wp-block-gallery has-nested-images columns-default is-cropped wp-block-gallery-5 is-layout-flex wp-block-gallery-is-layout-flex\">\n<figure class=\"wp-block-image size-large\"><img decoding=\"async\" width=\"500\" height=\"468\" data-id=\"1148067\" src=\"https:\/\/dimensionturistica.com\/es\/wp-content\/uploads\/2026\/05\/8REPU.jpg\" alt=\"\" class=\"wp-image-1148067\" srcset=\"https:\/\/dimensionturistica.com\/es\/wp-content\/uploads\/2026\/05\/8REPU.jpg 500w, https:\/\/dimensionturistica.com\/es\/wp-content\/uploads\/2026\/05\/8REPU-300x281.jpg 300w\" sizes=\"(max-width: 500px) 100vw, 500px\" \/><\/figure>\n<\/figure>\n\n\n\n<p>M\u00e1s all\u00e1 de una transmisi\u00f3n televisiva, esta colaboraci\u00f3n entre el sector p\u00fablico y privado refleja una visi\u00f3n compartida por posicionar al pa\u00eds caribe\u00f1o como un destino que combina cultura, hospitalidad y autenticidad. As\u00ed, a trav\u00e9s de plataformas de alto alcance, el pa\u00eds contin\u00faa consolidando su presencia global, mostrando no solo sus paisajes, sino tambi\u00e9n las historias y experiencias que lo hacen \u00fanico.<\/p>\n\n\n\n<figure class=\"wp-block-gallery has-nested-images columns-default is-cropped wp-block-gallery-6 is-layout-flex wp-block-gallery-is-layout-flex\">\n<figure class=\"wp-block-image size-large\"><img decoding=\"async\" width=\"500\" height=\"403\" data-id=\"1148068\" src=\"https:\/\/dimensionturistica.com\/es\/wp-content\/uploads\/2026\/05\/3REPU.jpg\" alt=\"\" class=\"wp-image-1148068\" srcset=\"https:\/\/dimensionturistica.com\/es\/wp-content\/uploads\/2026\/05\/3REPU.jpg 500w, https:\/\/dimensionturistica.com\/es\/wp-content\/uploads\/2026\/05\/3REPU-300x242.jpg 300w\" sizes=\"(max-width: 500px) 100vw, 500px\" \/><\/figure>\n<\/figure>\n\n\n\n<p>Para m\u00e1s informaci\u00f3n visita: godominicanrepublic.com<\/p>\n","protected":false},"excerpt":{"rendered":"<p>Puerto Plata, conocida como la Novia del Atl\u00e1ntico, se ha consolidado como uno de los enclaves m\u00e1s emblem\u00e1ticos del Caribe, donde la historia, la naturaleza y la cultura conviven en un mismo escenario. Con su arquitectura victoriana, sus playas de aguas profundas y una identidad vibrante, la regi\u00f3n contin\u00faa posicion\u00e1ndose como un referente del turismo [&hellip;]<\/p>\n","protected":false},"author":1,"featured_media":1148070,"comment_status":"open","ping_status":"closed","sticky":false,"template":"","format":"standard","meta":{"om_disable_all_campaigns":false,"jnews-multi-image_gallery":[],"jnews_single_post":[],"jnews_primary_category":[],"jnews_social_meta":[],"footnotes":""},"categories":[39],"tags":[],"class_list":["post-1148062","post","type-post","status-publish","format-standard","has-post-thumbnail","hentry","category-viajes"],"_links":{"self":[{"href":"https:\/\/dimensionturistica.com\/es\/wp-json\/wp\/v2\/posts\/1148062","targetHints":{"allow":["GET"]}}],"collection":[{"href":"https:\/\/dimensionturistica.com\/es\/wp-json\/wp\/v2\/posts"}],"about":[{"href":"https:\/\/dimensionturistica.com\/es\/wp-json\/wp\/v2\/types\/post"}],"author":[{"embeddable":true,"href":"https:\/\/dimensionturistica.com\/es\/wp-json\/wp\/v2\/users\/1"}],"replies":[{"embeddable":true,"href":"https:\/\/dimensionturistica.com\/es\/wp-json\/wp\/v2\/comments?post=1148062"}],"version-history":[{"count":1,"href":"https:\/\/dimensionturistica.com\/es\/wp-json\/wp\/v2\/posts\/1148062\/revisions"}],"predecessor-version":[{"id":1148072,"href":"https:\/\/dimensionturistica.com\/es\/wp-json\/wp\/v2\/posts\/1148062\/revisions\/1148072"}],"wp:featuredmedia":[{"embeddable":true,"href":"https:\/\/dimensionturistica.com\/es\/wp-json\/wp\/v2\/media\/1148070"}],"wp:attachment":[{"href":"https:\/\/dimensionturistica.com\/es\/wp-json\/wp\/v2\/media?parent=1148062"}],"wp:term":[{"taxonomy":"category","embeddable":true,"href":"https:\/\/dimensionturistica.com\/es\/wp-json\/wp\/v2\/categories?post=1148062"},{"taxonomy":"post_tag","embeddable":true,"href":"https:\/\/dimensionturistica.com\/es\/wp-json\/wp\/v2\/tags?post=1148062"}],"curies":[{"name":"wp","href":"https:\/\/api.w.org\/{rel}","templated":true}]}}