{"id":1148011,"date":"2026-05-03T11:42:10","date_gmt":"2026-05-03T11:42:10","guid":{"rendered":"https:\/\/dimensionturistica.com\/es\/?p=1148011"},"modified":"2026-05-03T11:42:10","modified_gmt":"2026-05-03T11:42:10","slug":"vinculos-entre-la-moda-y-el-arte-una-perspectiva-desde-1945","status":"publish","type":"post","link":"https:\/\/dimensionturistica.com\/es\/vinculos-entre-la-moda-y-el-arte-una-perspectiva-desde-1945\/","title":{"rendered":"V\u00ednculos entre la Moda y el Arte: Una Perspectiva desde 1945"},"content":{"rendered":"<h3>La Moda como Arte: Un Viaje al Pasado en el Museo Metropolitano<\/h3>\n<p>La intersecci\u00f3n entre moda y arte ha sido un tema recurrente en la historia cultural, donde cada prenda cuenta una historia y cada dise\u00f1o refleja un momento en el tiempo. En este contexto, el Museo Metropolitano de Arte ha realizado exposiciones que no solo destacan la est\u00e9tica, sino que tambi\u00e9n honran el legado cultural de diversas eras. La moda, muchas veces considerada ef\u00edmera, se transforma en una poderosa forma de expresi\u00f3n art\u00edstica.<\/p>\n<p>En el a\u00f1o 1945, Vogue public\u00f3 un relato que captur\u00f3 el esp\u00edritu de la moda de ese periodo, contextualizando las tendencias dentro de un marco social turbulento. Si bien el mundo enfrentaba desaf\u00edos, la moda se presentaba como un refugio de creatividad e innovaci\u00f3n. Las pasarelas se convirtieron en un lienzo donde dise\u00f1adores de renombre exhibieron obras maestras que desafiaban las normas establecidas. Cada desfile era un acto de resistencia, un testimonio de que la belleza puede florecer incluso en los momentos m\u00e1s oscuros.<\/p>\n<p>El Met, en su papel como guardi\u00e1n de la cultura, ha celebrado esta conexi\u00f3n a lo largo de los a\u00f1os. Desde los trajes de alta costura hasta las prendas m\u00e1s simples, cada pieza ha sido seleccionada no solo por su dise\u00f1o, sino tambi\u00e9n por su capacidad para narrar una historia. Las exposiciones en el museo han logrado despertar un inter\u00e9s renovado en la historia de la moda, invitando al p\u00fablico a explorar la evoluci\u00f3n de los estilos y t\u00e9cnicas a trav\u00e9s del tiempo.<\/p>\n<p>Un elemento fascinante de estas exposiciones es c\u00f3mo la moda refleja cambios sociales y pol\u00edticos. La vestimenta no es solo un reflejo de tendencias, sino tambi\u00e9n una respuesta a los desaf\u00edos hist\u00f3ricos. La evoluci\u00f3n de las siluetas, el uso de nuevos materiales y las influencias culturales son indicadores de un zeitgeist colectivo. La moda, entonces, se erige no solo como adorno, sino como un testimonio de la condici\u00f3n humana.<\/p>\n<p>La relevancia de la moda en el contexto art\u00edstico se pone de manifiesto en la forma en que se exhiben estas piezas. Al ubicar la moda dentro de un espacio tradicionalmente dedicado al arte, el Met invita a los espectadores a reconsiderar su percepci\u00f3n sobre lo que constituye \u201carte\u201d. Cada vestido colgado, cada zapato colocado con cuidado, contribuye a una narrativa que trasciende el mero acto de vestirse.<\/p>\n<p>Este di\u00e1logo entre la moda y el arte no es exclusivo del pasado; sigue siendo relevante en el presente. Hoy en d\u00eda, las colaboraciones entre dise\u00f1adores y artistas pl\u00e1sticos son cada vez m\u00e1s comunes, reafirmando la idea de que ambos mundos son interdependientes. Las redes sociales han ampliado este di\u00e1logo, convirtiendo a los espectadores en participantes activos en la conversaci\u00f3n sobre estilo y creaci\u00f3n.<\/p>\n<p>Las exposiciones de moda del Met, junto con la rica herencia que se plasman en sus vitrinas, no solo sirven para admirar, sino para inspirar. La moda, en todas sus formas, contin\u00faa siendo un campo f\u00e9rtil para la innovaci\u00f3n y la expresi\u00f3n. A medida que continuamos navegando por un mundo en constante cambio, es primordial recordar que cada prenda cuenta una historia, una que merece ser contada y celebrada.<\/p>\n<p>As\u00ed, el museo se erige como un faro, iluminando el camino de la moda como arte y record\u00e1ndonos que, independientemente de la \u00e9poca, la creatividad humana siempre encontrar\u00e1 una forma de manifestarse. La moda no es solo lo que llevamos; es la historia que elegimos contar al mundo.<\/p>\n<p><em> &#8221; Fuentes www.vogue.com &#8221; <\/em><\/p>\n","protected":false},"excerpt":{"rendered":"<p>La Moda como Arte: Un Viaje al Pasado en el Museo Metropolitano La intersecci\u00f3n entre moda y arte ha sido un tema recurrente en la historia cultural, donde cada prenda cuenta una historia y cada dise\u00f1o refleja un momento en el tiempo. En este contexto, el Museo Metropolitano de Arte ha realizado exposiciones que no [&hellip;]<\/p>\n","protected":false},"author":14,"featured_media":1148013,"comment_status":"open","ping_status":"closed","sticky":false,"template":"","format":"standard","meta":{"om_disable_all_campaigns":false,"jnews-multi-image_gallery":[],"jnews_single_post":[],"jnews_primary_category":[],"jnews_social_meta":[],"footnotes":""},"categories":[144872],"tags":[278099,112170,640,278100,204509,29821,166,198553,45889,278098,206318,50356],"class_list":["post-1148011","post","type-post","status-publish","format-standard","has-post-thumbnail","hentry","category-fashion","tag-278099","tag-aesthetics","tag-art","tag-connections","tag-cultural-influence","tag-design","tag-fashion","tag-fashion-history","tag-metropolitan-museum-of-art","tag-past-present","tag-visual-art","tag-vogue"],"_links":{"self":[{"href":"https:\/\/dimensionturistica.com\/es\/wp-json\/wp\/v2\/posts\/1148011","targetHints":{"allow":["GET"]}}],"collection":[{"href":"https:\/\/dimensionturistica.com\/es\/wp-json\/wp\/v2\/posts"}],"about":[{"href":"https:\/\/dimensionturistica.com\/es\/wp-json\/wp\/v2\/types\/post"}],"author":[{"embeddable":true,"href":"https:\/\/dimensionturistica.com\/es\/wp-json\/wp\/v2\/users\/14"}],"replies":[{"embeddable":true,"href":"https:\/\/dimensionturistica.com\/es\/wp-json\/wp\/v2\/comments?post=1148011"}],"version-history":[{"count":1,"href":"https:\/\/dimensionturistica.com\/es\/wp-json\/wp\/v2\/posts\/1148011\/revisions"}],"predecessor-version":[{"id":1148014,"href":"https:\/\/dimensionturistica.com\/es\/wp-json\/wp\/v2\/posts\/1148011\/revisions\/1148014"}],"wp:featuredmedia":[{"embeddable":true,"href":"https:\/\/dimensionturistica.com\/es\/wp-json\/wp\/v2\/media\/1148013"}],"wp:attachment":[{"href":"https:\/\/dimensionturistica.com\/es\/wp-json\/wp\/v2\/media?parent=1148011"}],"wp:term":[{"taxonomy":"category","embeddable":true,"href":"https:\/\/dimensionturistica.com\/es\/wp-json\/wp\/v2\/categories?post=1148011"},{"taxonomy":"post_tag","embeddable":true,"href":"https:\/\/dimensionturistica.com\/es\/wp-json\/wp\/v2\/tags?post=1148011"}],"curies":[{"name":"wp","href":"https:\/\/api.w.org\/{rel}","templated":true}]}}