{"id":1147968,"date":"2026-05-03T07:32:15","date_gmt":"2026-05-03T07:32:15","guid":{"rendered":"https:\/\/dimensionturistica.com\/es\/?p=1147968"},"modified":"2026-05-03T07:32:15","modified_gmt":"2026-05-03T07:32:15","slug":"un-vinculo-floral-historias-de-viajes-y-arte-entre-dos-amigas","status":"publish","type":"post","link":"https:\/\/dimensionturistica.com\/es\/un-vinculo-floral-historias-de-viajes-y-arte-entre-dos-amigas\/","title":{"rendered":"Un V\u00ednculo Floral: Historias de Viajes y Arte entre dos Amigas"},"content":{"rendered":"<h3>Viajes y Arte: El V\u00ednculo que Une a Dos Amigas<\/h3>\n<p>Cuando dos almas creativas se encuentran, la chispa que surge puede dar lugar a una amistad tan genuina como inspiradora. Este es el caso de Eugenia Mart\u00ednez de Irujo y Gabriela Cortese, cuyas historias se entrelazan a trav\u00e9s de viajes, arte y una profunda apreciaci\u00f3n por la belleza en todas sus formas.<\/p>\n<p>Eugenia, con su legado aristocr\u00e1tico, y Gabriela, una destacada dise\u00f1adora floral, han forjado una relaci\u00f3n \u00fanica que va m\u00e1s all\u00e1 de lo convencional. Su amistad no solo se basa en afinidades est\u00e9ticas, sino en la conexi\u00f3n emocional que surge de compartir experiencias y explorar juntos el mundo.<\/p>\n<h4>Un Viaje por el Arte y la Naturaleza<\/h4>\n<p>Ambas comparten una pasi\u00f3n por el arte que se refleja en su estilo de vida. Viajar se convierte, para ellas, en una forma de aprendizaje; cada destino es una nueva obra de arte que descubrir. Desde las flores que decoran los rincones de una ciudad europea hasta los museos que albergan obras maestras, cada paso que dan est\u00e1 impregnado de significado.<\/p>\n<p>Sus escapadas a lugares ic\u00f3nicos han sido el tel\u00f3n de fondo perfecto para cultivar su amistad. Escuchando las historias detr\u00e1s de cada obra y absorbiendo la esencia de cada cultura, han logrado crear un v\u00ednculo inquebrantable. En estos viajes, han aprendido a mirar m\u00e1s all\u00e1 de lo evidente, a ver el arte en cada esquina y a entender la naturaleza como una fuente interminable de inspiraci\u00f3n.<\/p>\n<h4>La Belleza de lo Cotidiano<\/h4>\n<p>La relaci\u00f3n entre Eugenia y Gabriela tambi\u00e9n se manifiesta en su amor por las flores. Para ellas, la bot\u00e1nica no es solo una ciencia, sino una forma de arte. Gabinete de curiosidades florales, cada ramo cuenta una historia, cada p\u00e9talo evoca un recuerdo. A trav\u00e9s de sus creaciones, Gabriela logra expresar la esencia de sus viajes, transformando experiencias en composiciones visuales.<\/p>\n<p>Eugenia, a su vez, incorpora esta filosof\u00eda en su vida diaria, buscando la belleza en lo cotidiano. Juntas, se aventuran a explorar mercados locales y jardines ex\u00f3ticos, donde cada flor es una nueva oportunidad para aprender y crear. En sus manos, el arte de la florister\u00eda se convierte en una forma de expresarse y de conectar con el mundo.<\/p>\n<h4>La Amistad como Viaje<\/h4>\n<p>Lo que realmente destaca en la relaci\u00f3n de estas dos amigas es su capacidad para crecer juntas. Viajar no solo les proporciona nuevas vivencias, sino que tambi\u00e9n les permite redescubrirse mutuamente en cada nueva etapa de su vida. La complicidad que construyen a trav\u00e9s de estas experiencias demuestra que la amistad es un viaje en s\u00ed misma, donde cada kil\u00f3metro recorrido fortalece los lazos y enriquece las almas.<\/p>\n<p>As\u00ed, Eugenia y Gabriela nos ense\u00f1an que el turismo no se limita a visitar lugares; es una oportunidad para conectar con quienes amamos, para explorar nuevas facetas de nuestra personalidad y para encontrar inspiraci\u00f3n en el arte que nos rodea. Su historia es un recordatorio de que viajar es mucho m\u00e1s que una simple escapada; es una forma de vida que puede transformar nuestra manera de ver el mundo.<\/p>\n<p><em> &#8221; Fuentes www.lavanguardia.com &#8221; <\/em><\/p>\n","protected":false},"excerpt":{"rendered":"<p>Viajes y Arte: El V\u00ednculo que Une a Dos Amigas Cuando dos almas creativas se encuentran, la chispa que surge puede dar lugar a una amistad tan genuina como inspiradora. Este es el caso de Eugenia Mart\u00ednez de Irujo y Gabriela Cortese, cuyas historias se entrelazan a trav\u00e9s de viajes, arte y una profunda apreciaci\u00f3n [&hellip;]<\/p>\n","protected":false},"author":4,"featured_media":1147969,"comment_status":"open","ping_status":"closed","sticky":false,"template":"","format":"standard","meta":{"om_disable_all_campaigns":false,"jnews-multi-image_gallery":[],"jnews_single_post":[],"jnews_primary_category":[],"jnews_social_meta":[],"footnotes":""},"categories":[39],"tags":[7562,2185,6967,662,1720,278088,3051,278089,186218,545],"class_list":["post-1147968","post","type-post","status-publish","format-standard","has-post-thumbnail","hentry","category-viajes","tag-amistad","tag-arte","tag-conexion","tag-cultura","tag-estilo-de-vida","tag-eugenia-martinez-de-irujo","tag-flores","tag-gabriela-cortese","tag-mujeres-influyentes","tag-viajes"],"_links":{"self":[{"href":"https:\/\/dimensionturistica.com\/es\/wp-json\/wp\/v2\/posts\/1147968","targetHints":{"allow":["GET"]}}],"collection":[{"href":"https:\/\/dimensionturistica.com\/es\/wp-json\/wp\/v2\/posts"}],"about":[{"href":"https:\/\/dimensionturistica.com\/es\/wp-json\/wp\/v2\/types\/post"}],"author":[{"embeddable":true,"href":"https:\/\/dimensionturistica.com\/es\/wp-json\/wp\/v2\/users\/4"}],"replies":[{"embeddable":true,"href":"https:\/\/dimensionturistica.com\/es\/wp-json\/wp\/v2\/comments?post=1147968"}],"version-history":[{"count":1,"href":"https:\/\/dimensionturistica.com\/es\/wp-json\/wp\/v2\/posts\/1147968\/revisions"}],"predecessor-version":[{"id":1147970,"href":"https:\/\/dimensionturistica.com\/es\/wp-json\/wp\/v2\/posts\/1147968\/revisions\/1147970"}],"wp:featuredmedia":[{"embeddable":true,"href":"https:\/\/dimensionturistica.com\/es\/wp-json\/wp\/v2\/media\/1147969"}],"wp:attachment":[{"href":"https:\/\/dimensionturistica.com\/es\/wp-json\/wp\/v2\/media?parent=1147968"}],"wp:term":[{"taxonomy":"category","embeddable":true,"href":"https:\/\/dimensionturistica.com\/es\/wp-json\/wp\/v2\/categories?post=1147968"},{"taxonomy":"post_tag","embeddable":true,"href":"https:\/\/dimensionturistica.com\/es\/wp-json\/wp\/v2\/tags?post=1147968"}],"curies":[{"name":"wp","href":"https:\/\/api.w.org\/{rel}","templated":true}]}}