{"id":1147965,"date":"2026-05-03T07:08:16","date_gmt":"2026-05-03T07:08:16","guid":{"rendered":"https:\/\/dimensionturistica.com\/es\/?p=1147965"},"modified":"2026-05-03T07:08:16","modified_gmt":"2026-05-03T07:08:16","slug":"elegancia-y-tradicion-costera-en-el-crucero-2027-de-chanel-en-biarritz","status":"publish","type":"post","link":"https:\/\/dimensionturistica.com\/es\/elegancia-y-tradicion-costera-en-el-crucero-2027-de-chanel-en-biarritz\/","title":{"rendered":"Elegancia y Tradici\u00f3n Costera en el Crucero 2027 de Chanel en Biarritz"},"content":{"rendered":"<h3>Biarritz: Donde la Elegancia Costera se Encuentra con la Tradici\u00f3n<\/h3>\n<p>En el coraz\u00f3n de la costa vasca, Biarritz se ha consolidado como uno de los destinos m\u00e1s chic de Europa, m\u00e1s all\u00e1 de su reconocimiento como un para\u00edso surfista. Este a\u00f1o, la ciudad ha sido testigo de un evento que ha desbordado estilo: un deslumbrante show de moda que celebra la esencia del litoral con un toque de sofisticaci\u00f3n.<\/p>\n<p>Biarritz, con su mezcla de belleza natural y arquitectura elegante, sirvi\u00f3 como el escenario perfecto para este acontecimiento. Las olas del oc\u00e9ano Atl\u00e1ntico romp\u00edan suavemente en la orilla, mientras los asistentes se sumerg\u00edan en un ambiente de glamour y soporte a la tradici\u00f3n. La pasarela se convirti\u00f3 en un reflejo del paisaje, donde la vestimenta evocaba los colores del mar y la suavidad de la brisa marina.<\/p>\n<p>El dise\u00f1o de la colecci\u00f3n no solo se inspir\u00f3 en la est\u00e9tica del surf y la vida costera, sino que tambi\u00e9n rindi\u00f3 homenaje a la rica historia de Biarritz como un antiguo balneario europeo. Los trajes presentaron una paleta que iba del azul profundo al blanco puro, incorporando materiales ligeros y fluidos que evocaban la frescura del entorno marino. Los detalles ingeniosos, como bordados que imitan las olas del oc\u00e9ano y texturas que recuerdan a la arena, capturaron la esencia de un estilo de vida relajado pero con clase.<\/p>\n<p>Los asistentes, quienes inclu\u00edan nombres de la alta sociedad y amantes de la moda, se sumergieron en una experiencia que combinaba la admiraci\u00f3n est\u00e9tica con la oportunidad de celebrar la gastronom\u00eda local. Comidas delicadas y vinos exquisitos resaltaron la oferta cultural de la regi\u00f3n, creando un fest\u00edn que encant\u00f3 tanto a los paladares como a la vista. Este evento no solo exalt\u00f3 el talento de los dise\u00f1adores, sino que tambi\u00e9n fue una plataforma perfecta para regionalismos que invitan al viajero a descubrir lo mejor de su tradiciones.<\/p>\n<p>En el entorno de Biarritz, se siente la conexi\u00f3n entre el pasado y el presente. Este tradicional balneario, frecuentado por la alta sociedad desde el siglo XIX, se reinventa constantemente, fusionando su historia con la modernidad. Aqu\u00ed, cada rinc\u00f3n tiene una historia que contar; desde los majestuosos edificios que fueron testigos de \u00e9pocas doradas, hasta los modernos caf\u00e9s donde el arte y el dise\u00f1o conviven en perfecta armon\u00eda.<\/p>\n<p>Para quienes deseen sumergirse en esta mezcla encantadora de tradici\u00f3n y modernidad, Biarritz promete inolvidables experiencias que van m\u00e1s all\u00e1 de la moda. Las playas interminables, el esplendor de su gastronom\u00eda y el aire de sofisticaci\u00f3n que la envuelve convierten a la ciudad en un destino de obligado cumplimiento.<\/p>\n<p>As\u00ed que, si planeas tu pr\u00f3xima escapada, no olvides contemplar Biarritz. A trav\u00e9s de su estilo costero, te invitar\u00e1 a ser parte de una historia llena de elegancia y tradici\u00f3n, donde el oc\u00e9ano y la cultura se entrelazan en perfecta sinton\u00eda.<\/p>\n<p><em> &#8221; Fuentes www.latribuna.com.py &#8221; <\/em><\/p>\n","protected":false},"excerpt":{"rendered":"<p>Biarritz: Donde la Elegancia Costera se Encuentra con la Tradici\u00f3n En el coraz\u00f3n de la costa vasca, Biarritz se ha consolidado como uno de los destinos m\u00e1s chic de Europa, m\u00e1s all\u00e1 de su reconocimiento como un para\u00edso surfista. Este a\u00f1o, la ciudad ha sido testigo de un evento que ha desbordado estilo: un deslumbrante [&hellip;]<\/p>\n","protected":false},"author":4,"featured_media":1147966,"comment_status":"open","ping_status":"closed","sticky":false,"template":"","format":"standard","meta":{"om_disable_all_campaigns":false,"jnews-multi-image_gallery":[],"jnews_single_post":[],"jnews_primary_category":[],"jnews_social_meta":[],"footnotes":""},"categories":[41],"tags":[67832,4664,11917,257864,9760,73806,7758,2096,659,2182,2222],"class_list":["post-1147965","post","type-post","status-publish","format-standard","has-post-thumbnail","hentry","category-cruceros","tag-biarritz","tag-chanel","tag-costero","tag-crucero-2027","tag-desfile","tag-elegancia","tag-estilo","tag-lujo","tag-moda","tag-tendencias","tag-tradicion"],"_links":{"self":[{"href":"https:\/\/dimensionturistica.com\/es\/wp-json\/wp\/v2\/posts\/1147965","targetHints":{"allow":["GET"]}}],"collection":[{"href":"https:\/\/dimensionturistica.com\/es\/wp-json\/wp\/v2\/posts"}],"about":[{"href":"https:\/\/dimensionturistica.com\/es\/wp-json\/wp\/v2\/types\/post"}],"author":[{"embeddable":true,"href":"https:\/\/dimensionturistica.com\/es\/wp-json\/wp\/v2\/users\/4"}],"replies":[{"embeddable":true,"href":"https:\/\/dimensionturistica.com\/es\/wp-json\/wp\/v2\/comments?post=1147965"}],"version-history":[{"count":1,"href":"https:\/\/dimensionturistica.com\/es\/wp-json\/wp\/v2\/posts\/1147965\/revisions"}],"predecessor-version":[{"id":1147967,"href":"https:\/\/dimensionturistica.com\/es\/wp-json\/wp\/v2\/posts\/1147965\/revisions\/1147967"}],"wp:featuredmedia":[{"embeddable":true,"href":"https:\/\/dimensionturistica.com\/es\/wp-json\/wp\/v2\/media\/1147966"}],"wp:attachment":[{"href":"https:\/\/dimensionturistica.com\/es\/wp-json\/wp\/v2\/media?parent=1147965"}],"wp:term":[{"taxonomy":"category","embeddable":true,"href":"https:\/\/dimensionturistica.com\/es\/wp-json\/wp\/v2\/categories?post=1147965"},{"taxonomy":"post_tag","embeddable":true,"href":"https:\/\/dimensionturistica.com\/es\/wp-json\/wp\/v2\/tags?post=1147965"}],"curies":[{"name":"wp","href":"https:\/\/api.w.org\/{rel}","templated":true}]}}