{"id":1147462,"date":"2026-05-01T20:53:38","date_gmt":"2026-05-01T20:53:38","guid":{"rendered":"https:\/\/dimensionturistica.com\/es\/?p=1147462"},"modified":"2026-05-01T20:53:38","modified_gmt":"2026-05-01T20:53:38","slug":"proxima-semana-en-ee-uu-milei-reinicia-su-agenda-de-viajes-para-participar-en-una-conferencia","status":"publish","type":"post","link":"https:\/\/dimensionturistica.com\/es\/proxima-semana-en-ee-uu-milei-reinicia-su-agenda-de-viajes-para-participar-en-una-conferencia\/","title":{"rendered":"Pr\u00f3xima semana en EE. UU.: Milei reinicia su agenda de viajes para participar en una conferencia."},"content":{"rendered":"<p><strong>Viajes y Conferencias: El Impacto de la Movilidad Internacional en el Turismo<\/strong><\/p>\n<p>El turismo no solo se nutre de visitas a destinos ic\u00f3nicos, sino que tambi\u00e9n se ve influenciado por eventos globales que convocan a referentes de diversas \u00e1reas. En este sentido, la movilidad internacional contin\u00faa siendo un factor clave que potencia tanto el intercambio cultural como el desarrollo econ\u00f3mico de las regiones que reciben a estos visitantes.<\/p>\n<p>La pr\u00f3xima semana, se vislumbra un evento significativo en Estados Unidos, donde se espera la llegada de un destacado orador que, m\u00e1s all\u00e1 de sus puntos de vista pol\u00edticos y econ\u00f3micos, atrae un amplio inter\u00e9s debido a su carisma y capacidad de convocatoria. Este tipo de conferencias no solo enriquecen el \u00e1mbito del conocimiento, sino que tambi\u00e9n generan un impacto notable en el sector tur\u00edstico local.<\/p>\n<p>Las ciudades que acogen conferencias de tal envergadura suelen experimentar un auge en su actividad tur\u00edstica. Hoteles y restaurantes se preparan para recibir a delegados, asistentes y medios de comunicaci\u00f3n, creando un ambiente vibrante que beneficia a la econom\u00eda del lugar. Esto va m\u00e1s all\u00e1 de lo meramente financiero; se crea un espacio donde se entrelazan ideas, culturas y oportunidades de negocio.<\/p>\n<p>Cada vez m\u00e1s, se observa c\u00f3mo el turismo de reuniones y conferencias se ha convertido en una poderosa herramienta para fomentar la sostenibilidad de las regiones. La llegada de visitantes interesados en temas culturales, cient\u00edficos o econ\u00f3micos promueve un intercambio enriquecedor que va m\u00e1s all\u00e1 del simple acto de viajar. La interacci\u00f3n entre los locales y los asistentes genera un di\u00e1logo que puede perdurar en el tiempo, creando v\u00ednculos que trascienden fronteras.<\/p>\n<p>Es fundamental destacar que, en el mundo actual, el acceso a informaci\u00f3n y la posibilidad de participar en eventos de este calibre nunca han sido tan accesibles. La conectividad y las redes sociales permiten a los asistentes compartir sus experiencias, multiplicando el efecto del viaje y atrayendo la atenci\u00f3n hacia destinos que quiz\u00e1s, de otro modo, no hubieran sido considerados.<\/p>\n<p>En el futuro, es probable que veamos un incremento en este tipo de actividades, donde el turismo y el intercambio de ideas vayan de la mano. Las ciudades que se posicionen como centros de conferencias y eventos internacionales se beneficiar\u00e1n no solo de la llegada de turistas, sino tambi\u00e9n de un enriquecimiento cultural que resulta vital para su desarrollo.<\/p>\n<p>As\u00ed, los viajes no solo son una v\u00eda para explorar el mundo, sino tambi\u00e9n una forma de conectar pensamientos e innovaciones que pueden transformar comunidades enteras. La pr\u00f3xima semana, al mirar hacia Estados Unidos, recordemos que cada orador en una conferencia es tambi\u00e9n un embajador de ideas y oportunidades para una nueva generaci\u00f3n de viajeros y pensadores.<\/p>\n<p><em> &#8221; Fuentes infodelestero.com &#8221; <\/em><\/p>\n","protected":false},"excerpt":{"rendered":"<p>Viajes y Conferencias: El Impacto de la Movilidad Internacional en el Turismo El turismo no solo se nutre de visitas a destinos ic\u00f3nicos, sino que tambi\u00e9n se ve influenciado por eventos globales que convocan a referentes de diversas \u00e1reas. En este sentido, la movilidad internacional contin\u00faa siendo un factor clave que potencia tanto el intercambio [&hellip;]<\/p>\n","protected":false},"author":4,"featured_media":1147463,"comment_status":"open","ping_status":"closed","sticky":false,"template":"","format":"standard","meta":{"om_disable_all_campaigns":false,"jnews-multi-image_gallery":[],"jnews_single_post":[],"jnews_primary_category":[],"jnews_social_meta":[],"footnotes":""},"categories":[39],"tags":[188076,1236,511,715,588,1363,28097,36456,546,79533,545],"class_list":["post-1147462","post","type-post","status-publish","format-standard","has-post-thumbnail","hentry","category-viajes","tag-agenda-de-viajes","tag-america-latina","tag-conferencia","tag-economia","tag-ee-uu","tag-estados-unidos","tag-gira","tag-milei","tag-politica","tag-proxima-semana","tag-viajes"],"_links":{"self":[{"href":"https:\/\/dimensionturistica.com\/es\/wp-json\/wp\/v2\/posts\/1147462","targetHints":{"allow":["GET"]}}],"collection":[{"href":"https:\/\/dimensionturistica.com\/es\/wp-json\/wp\/v2\/posts"}],"about":[{"href":"https:\/\/dimensionturistica.com\/es\/wp-json\/wp\/v2\/types\/post"}],"author":[{"embeddable":true,"href":"https:\/\/dimensionturistica.com\/es\/wp-json\/wp\/v2\/users\/4"}],"replies":[{"embeddable":true,"href":"https:\/\/dimensionturistica.com\/es\/wp-json\/wp\/v2\/comments?post=1147462"}],"version-history":[{"count":1,"href":"https:\/\/dimensionturistica.com\/es\/wp-json\/wp\/v2\/posts\/1147462\/revisions"}],"predecessor-version":[{"id":1147464,"href":"https:\/\/dimensionturistica.com\/es\/wp-json\/wp\/v2\/posts\/1147462\/revisions\/1147464"}],"wp:featuredmedia":[{"embeddable":true,"href":"https:\/\/dimensionturistica.com\/es\/wp-json\/wp\/v2\/media\/1147463"}],"wp:attachment":[{"href":"https:\/\/dimensionturistica.com\/es\/wp-json\/wp\/v2\/media?parent=1147462"}],"wp:term":[{"taxonomy":"category","embeddable":true,"href":"https:\/\/dimensionturistica.com\/es\/wp-json\/wp\/v2\/categories?post=1147462"},{"taxonomy":"post_tag","embeddable":true,"href":"https:\/\/dimensionturistica.com\/es\/wp-json\/wp\/v2\/tags?post=1147462"}],"curies":[{"name":"wp","href":"https:\/\/api.w.org\/{rel}","templated":true}]}}