{"id":1147449,"date":"2026-05-01T20:36:20","date_gmt":"2026-05-01T20:36:20","guid":{"rendered":"https:\/\/dimensionturistica.com\/es\/?p=1147449"},"modified":"2026-05-01T20:36:20","modified_gmt":"2026-05-01T20:36:20","slug":"san-luis-potosi-asume-liderazgo-regional-en-el-plan-estrategico-de-turismo-del-gobierno-federal","status":"publish","type":"post","link":"https:\/\/dimensionturistica.com\/es\/san-luis-potosi-asume-liderazgo-regional-en-el-plan-estrategico-de-turismo-del-gobierno-federal\/","title":{"rendered":"San Luis Potos\u00ed asume liderazgo regional en el plan estrat\u00e9gico de Turismo del Gobierno Federal"},"content":{"rendered":"\n<p>La secretaria de Turismo de San Luis Potos\u00ed, Yolanda Josefina Cepeda Echavarr\u00eda, fue integrada a la estructura del Plan Estrat\u00e9gico Visi\u00f3n 2030 de la Secretar\u00eda de Turismo del Gobierno de M\u00e9xico, en el marco de la reuni\u00f3n de la Uni\u00f3n de Secretarios de Turismo de M\u00e9xico (ASETUR), celebrada en Acapulco, Guerrero, con motivo de la edici\u00f3n 50 del Tianguis Tur\u00edstico. Este nombramiento responde al impulso y los resultados en materia de promoci\u00f3n tur\u00edstica encabezados por el gobernador Ricardo Gallardo Cardona, tanto a nivel nacional como internacional, posicionando a la entidad como referente en el fortalecimiento del sector.<\/p>\n\n\n\n<figure class=\"wp-block-gallery has-nested-images columns-default is-cropped wp-block-gallery-1 is-layout-flex wp-block-gallery-is-layout-flex\">\n<figure class=\"wp-block-image size-large\"><img decoding=\"async\" width=\"500\" height=\"723\" data-id=\"1147450\" src=\"https:\/\/dimensionturistica.com\/es\/wp-content\/uploads\/2026\/05\/2SAN-1.jpg\" alt=\"\" class=\"wp-image-1147450\" srcset=\"https:\/\/dimensionturistica.com\/es\/wp-content\/uploads\/2026\/05\/2SAN-1.jpg 500w, https:\/\/dimensionturistica.com\/es\/wp-content\/uploads\/2026\/05\/2SAN-1-207x300.jpg 207w\" sizes=\"(max-width: 500px) 100vw, 500px\" \/><\/figure>\n<\/figure>\n\n\n\n<p>El esquema estrat\u00e9gico presentado divide al pa\u00eds en cinco regiones: Noroeste, Noreste, Centro, Centro-Sur y Sureste, con el objetivo de fomentar la coordinaci\u00f3n interinstitucional, la diversificaci\u00f3n de productos tur\u00edsticos y la competitividad de los destinos. La estructura es encabezada por Roberto Monroy Garc\u00eda como presidente, con el respaldo del vicepresidente operativo, Omar Osuna Qui\u00f1ones Orozco, quienes tendr\u00e1n a su cargo la conducci\u00f3n general y la implementaci\u00f3n del plan, de esta nueva responsabilidad, tomar\u00e1n protesta formal el mes de mayo en Canc\u00fan, Quintana Roo durante la sesi\u00f3n de ASETUR.<\/p>\n\n\n\n<p>En este contexto, la titular de Turismo de San Luis Potos\u00ed asume la vicepresidencia de la regi\u00f3n Noreste, conformada por los estados de Coahuila, Nuevo Le\u00f3n, Tamaulipas, Zacatecas, Aguascalientes y San Luis Potos\u00ed. Desde esta posici\u00f3n, tendr\u00e1 la responsabilidad de articular esfuerzos institucionales, fortalecer la promoci\u00f3n conjunta y consolidar rutas regionales que incentiven la llegada de visitantes. Asimismo, participan como vicepresidentes regionales Miguel \u00c1ngel Badiola Monta\u00f1o en la regi\u00f3n Noroeste; Mar\u00eda Guadalupe Robles Le\u00f3n en la regi\u00f3n Centro; Carla L\u00f3pez-Malo Villal\u00f3n en la regi\u00f3n Centro-Sur; y Adda del Rub\u00ed Sol\u00eds Peniche en la regi\u00f3n Sureste.<\/p>\n\n\n\n<figure class=\"wp-block-gallery has-nested-images columns-default is-cropped wp-block-gallery-2 is-layout-flex wp-block-gallery-is-layout-flex\">\n<figure class=\"wp-block-image size-large\"><img decoding=\"async\" width=\"500\" height=\"315\" data-id=\"1147451\" src=\"https:\/\/dimensionturistica.com\/es\/wp-content\/uploads\/2026\/05\/7SAN-1.jpg\" alt=\"\" class=\"wp-image-1147451\" srcset=\"https:\/\/dimensionturistica.com\/es\/wp-content\/uploads\/2026\/05\/7SAN-1.jpg 500w, https:\/\/dimensionturistica.com\/es\/wp-content\/uploads\/2026\/05\/7SAN-1-300x189.jpg 300w\" sizes=\"(max-width: 500px) 100vw, 500px\" \/><\/figure>\n<\/figure>\n\n\n\n<p>\u201cAsumo con gran compromiso la vicepresidencia de la regi\u00f3n Noreste dentro del Plan Estrat\u00e9gico Visi\u00f3n 2030 de la Secretar\u00eda de Turismo del Gobierno de M\u00e9xico, un paso que fortalece el liderazgo de San Luis Potos\u00ed en la agenda tur\u00edstica nacional. Este nombramiento, recibido en el marco del Tianguis Tur\u00edstico en Acapulco, refleja el trabajo que hemos impulsado para posicionar a nuestro estado como un destino competitivo, en l\u00ednea con la visi\u00f3n del gobernador Ricardo Gallardo Cardona\u201d, asegur\u00f3 la titular de la Secretar\u00eda de Turismo de San Luis Potos\u00ed.<\/p>\n\n\n\n<p>El equipo se complementa con Daniel Altair Valladares, como secretario t\u00e9cnico encargado del seguimiento operativo, y Elizabeth Quintanar G\u00f3mez, en funciones de tesorera, responsable de la administraci\u00f3n de los recursos. Con esta participaci\u00f3n, San Luis Potos\u00ed fortalece su presencia en la agenda tur\u00edstica nacional y contribuye a la consolidaci\u00f3n de una estrategia que proyecta a M\u00e9xico hacia el a\u00f1o 2030 con mayor integraci\u00f3n regional y proyecci\u00f3n internacional.&nbsp;<\/p>\n\n\n\n<figure class=\"wp-block-gallery has-nested-images columns-default is-cropped wp-block-gallery-3 is-layout-flex wp-block-gallery-is-layout-flex\">\n<figure class=\"wp-block-image size-large\"><img decoding=\"async\" width=\"500\" height=\"276\" data-id=\"1147452\" src=\"https:\/\/dimensionturistica.com\/es\/wp-content\/uploads\/2026\/05\/9SAN-1.jpg\" alt=\"\" class=\"wp-image-1147452\" srcset=\"https:\/\/dimensionturistica.com\/es\/wp-content\/uploads\/2026\/05\/9SAN-1.jpg 500w, https:\/\/dimensionturistica.com\/es\/wp-content\/uploads\/2026\/05\/9SAN-1-300x166.jpg 300w\" sizes=\"(max-width: 500px) 100vw, 500px\" \/><\/figure>\n<\/figure>\n\n\n\n<p>Finalmente la secretaria Cepeda Echavarr\u00eda mencion\u00f3: \u201cLa dirigencia de este esfuerzo queda en manos del secretario de Turismo de Michoac\u00e1n, Roberto Monroy Garc\u00eda, y est\u00e1 integrada por mujeres y hombres comprometidos con la promoci\u00f3n tur\u00edstica de M\u00e9xico a escala nacional e internacional. Desde esta responsabilidad, sumar\u00e9 esfuerzos con los estados de la regi\u00f3n para impulsar la promoci\u00f3n conjunta, fortalecer rutas tur\u00edsticas y generar mayores oportunidades de desarrollo rumbo al 2030\u201d.<\/p>\n\n\n\n<p><\/p>\n","protected":false},"excerpt":{"rendered":"<p>La secretaria de Turismo de San Luis Potos\u00ed, Yolanda Josefina Cepeda Echavarr\u00eda, fue integrada a la estructura del Plan Estrat\u00e9gico Visi\u00f3n 2030 de la Secretar\u00eda de Turismo del Gobierno de M\u00e9xico, en el marco de la reuni\u00f3n de la Uni\u00f3n de Secretarios de Turismo de M\u00e9xico (ASETUR), celebrada en Acapulco, Guerrero, con motivo de la [&hellip;]<\/p>\n","protected":false},"author":1,"featured_media":1147453,"comment_status":"open","ping_status":"closed","sticky":false,"template":"","format":"standard","meta":{"om_disable_all_campaigns":false,"jnews-multi-image_gallery":[],"jnews_single_post":[],"jnews_primary_category":[],"jnews_social_meta":[],"footnotes":""},"categories":[39],"tags":[],"class_list":["post-1147449","post","type-post","status-publish","format-standard","has-post-thumbnail","hentry","category-viajes"],"_links":{"self":[{"href":"https:\/\/dimensionturistica.com\/es\/wp-json\/wp\/v2\/posts\/1147449","targetHints":{"allow":["GET"]}}],"collection":[{"href":"https:\/\/dimensionturistica.com\/es\/wp-json\/wp\/v2\/posts"}],"about":[{"href":"https:\/\/dimensionturistica.com\/es\/wp-json\/wp\/v2\/types\/post"}],"author":[{"embeddable":true,"href":"https:\/\/dimensionturistica.com\/es\/wp-json\/wp\/v2\/users\/1"}],"replies":[{"embeddable":true,"href":"https:\/\/dimensionturistica.com\/es\/wp-json\/wp\/v2\/comments?post=1147449"}],"version-history":[{"count":1,"href":"https:\/\/dimensionturistica.com\/es\/wp-json\/wp\/v2\/posts\/1147449\/revisions"}],"predecessor-version":[{"id":1147454,"href":"https:\/\/dimensionturistica.com\/es\/wp-json\/wp\/v2\/posts\/1147449\/revisions\/1147454"}],"wp:featuredmedia":[{"embeddable":true,"href":"https:\/\/dimensionturistica.com\/es\/wp-json\/wp\/v2\/media\/1147453"}],"wp:attachment":[{"href":"https:\/\/dimensionturistica.com\/es\/wp-json\/wp\/v2\/media?parent=1147449"}],"wp:term":[{"taxonomy":"category","embeddable":true,"href":"https:\/\/dimensionturistica.com\/es\/wp-json\/wp\/v2\/categories?post=1147449"},{"taxonomy":"post_tag","embeddable":true,"href":"https:\/\/dimensionturistica.com\/es\/wp-json\/wp\/v2\/tags?post=1147449"}],"curies":[{"name":"wp","href":"https:\/\/api.w.org\/{rel}","templated":true}]}}