{"id":1147438,"date":"2026-05-01T20:22:40","date_gmt":"2026-05-01T20:22:40","guid":{"rendered":"https:\/\/dimensionturistica.com\/es\/?p=1147438"},"modified":"2026-05-01T20:22:40","modified_gmt":"2026-05-01T20:22:40","slug":"omoda-jaecoo-reafirma-su-compromiso-con-la-comunidad-pet-friendly-tras-exitosa-jornada-de-solidaridad","status":"publish","type":"post","link":"https:\/\/dimensionturistica.com\/es\/omoda-jaecoo-reafirma-su-compromiso-con-la-comunidad-pet-friendly-tras-exitosa-jornada-de-solidaridad\/","title":{"rendered":"Omoda | Jaecoo reafirma su compromiso con la comunidad Pet-Friendly tras exitosa jornada de solidaridad"},"content":{"rendered":"\n<p>Tras una jornada llena de dinamismo y empat\u00eda, Omoda | Jaecoo celebran el \u00e9xito de su participaci\u00f3n en la iniciativa &#8220;D\u00f3nde Ir Pets&#8221;. M\u00e1s que un evento, este encuentro se convirti\u00f3 en un espacio donde la comunidad y la marca se unieron por una causa noble: el bienestar de los animales que m\u00e1s lo necesitan.<\/p>\n\n\n\n<figure class=\"wp-block-gallery has-nested-images columns-default is-cropped wp-block-gallery-1 is-layout-flex wp-block-gallery-is-layout-flex\">\n<figure class=\"wp-block-image size-large\"><img decoding=\"async\" width=\"554\" height=\"345\" data-id=\"1147439\" src=\"https:\/\/dimensionturistica.com\/es\/wp-content\/uploads\/2026\/05\/2OMODA.jpg\" alt=\"\" class=\"wp-image-1147439\" srcset=\"https:\/\/dimensionturistica.com\/es\/wp-content\/uploads\/2026\/05\/2OMODA.jpg 554w, https:\/\/dimensionturistica.com\/es\/wp-content\/uploads\/2026\/05\/2OMODA-300x187.jpg 300w\" sizes=\"(max-width: 554px) 100vw, 554px\" \/><\/figure>\n<\/figure>\n\n\n\n<p>La respuesta de los asistentes y aliados estrat\u00e9gicos fue fundamental para convertir la generosidad en ayuda tangible. Todos los suministros y alimentos recaudados fueron entregados \u00edntegramente al Refugio San Gregorio, reforzando el pilar social de la marca y su promesa de crear soluciones de movilidad que celebran la vida en todas sus formas.<\/p>\n\n\n\n<p>JAECOO 5: Movilidad pensada para los &#8220;lomitos&#8221;<\/p>\n\n\n\n<figure class=\"wp-block-gallery has-nested-images columns-default is-cropped wp-block-gallery-2 is-layout-flex wp-block-gallery-is-layout-flex\">\n<figure class=\"wp-block-image size-large\"><img decoding=\"async\" width=\"500\" height=\"323\" data-id=\"1147440\" src=\"https:\/\/dimensionturistica.com\/es\/wp-content\/uploads\/2026\/05\/98OMODA.jpg\" alt=\"\" class=\"wp-image-1147440\" srcset=\"https:\/\/dimensionturistica.com\/es\/wp-content\/uploads\/2026\/05\/98OMODA.jpg 500w, https:\/\/dimensionturistica.com\/es\/wp-content\/uploads\/2026\/05\/98OMODA-300x194.jpg 300w\" sizes=\"(max-width: 500px) 100vw, 500px\" \/><\/figure>\n<\/figure>\n\n\n\n<p>Uno de los momentos m\u00e1s destacados de la jornada fue la oportunidad de los asistentes de conocer de cerca el JAECOO 5. Este modelo referente en la movilidad pet-friendly, demostr\u00f3 a los asistentes que el dise\u00f1o y la tecnolog\u00eda pueden adaptarse perfectamente a las necesidades de quienes viajan con sus mascotas.<\/p>\n\n\n\n<figure class=\"wp-block-gallery has-nested-images columns-default is-cropped wp-block-gallery-3 is-layout-flex wp-block-gallery-is-layout-flex\">\n<figure class=\"wp-block-image size-large\"><img decoding=\"async\" width=\"500\" height=\"321\" data-id=\"1147441\" src=\"https:\/\/dimensionturistica.com\/es\/wp-content\/uploads\/2026\/05\/6OMODA.jpg\" alt=\"\" class=\"wp-image-1147441\" srcset=\"https:\/\/dimensionturistica.com\/es\/wp-content\/uploads\/2026\/05\/6OMODA.jpg 500w, https:\/\/dimensionturistica.com\/es\/wp-content\/uploads\/2026\/05\/6OMODA-300x193.jpg 300w\" sizes=\"(max-width: 500px) 100vw, 500px\" \/><\/figure>\n<\/figure>\n\n\n\n<p>&nbsp;A trav\u00e9s de experiencias interactivas, los usuarios pudieron comprobar c\u00f3mo la marca integra una visi\u00f3n humana y emp\u00e1tica en sus veh\u00edculos, consolidando a JAECOO 5 no s\u00f3lo como una opci\u00f3n de transporte, sino como un aliado para las familias multiespecie.<\/p>\n\n\n\n<p>Un compromiso permanente<\/p>\n\n\n\n<p>Esta colaboraci\u00f3n reafirma la identidad de OMODA|JAECOO como una marca que escucha a las nuevas generaciones, impulsando un estilo de vida que combina la aventura con la responsabilidad social y la sostenibilidad. Estamos agradecidos de ser part\u00edcipe de esta causa, en la que ayudamos a demostrar que la innovaci\u00f3n automotriz puede, y debe generar un impacto positivo en nuestra sociedad.<\/p>\n\n\n\n<figure class=\"wp-block-gallery has-nested-images columns-default is-cropped wp-block-gallery-4 is-layout-flex wp-block-gallery-is-layout-flex\">\n<figure class=\"wp-block-image size-large\"><img decoding=\"async\" width=\"500\" height=\"333\" data-id=\"1147442\" src=\"https:\/\/dimensionturistica.com\/es\/wp-content\/uploads\/2026\/05\/7OMODA.jpg\" alt=\"\" class=\"wp-image-1147442\" srcset=\"https:\/\/dimensionturistica.com\/es\/wp-content\/uploads\/2026\/05\/7OMODA.jpg 500w, https:\/\/dimensionturistica.com\/es\/wp-content\/uploads\/2026\/05\/7OMODA-300x200.jpg 300w\" sizes=\"(max-width: 500px) 100vw, 500px\" \/><\/figure>\n<\/figure>\n\n\n\n<p>Conoce m\u00e1s de Chirey I OMODA I JAECOO en nuestras cuentas oficiales:<\/p>\n\n\n\n<p>Facebook: CHIREY I&nbsp; OMODA JAECOO<\/p>\n\n\n\n<p>Instagram: CHIREY I OMODA JAECOO<\/p>\n\n\n\n<p>TikTok: CHIREY I OMODA JAECOO<\/p>\n\n\n\n<p>Sitios:www.chirey.mx&nbsp; www.omoda.mx&nbsp; www.jaecoo.mx&nbsp;<\/p>\n","protected":false},"excerpt":{"rendered":"<p>Tras una jornada llena de dinamismo y empat\u00eda, Omoda | Jaecoo celebran el \u00e9xito de su participaci\u00f3n en la iniciativa &#8220;D\u00f3nde Ir Pets&#8221;. M\u00e1s que un evento, este encuentro se convirti\u00f3 en un espacio donde la comunidad y la marca se unieron por una causa noble: el bienestar de los animales que m\u00e1s lo necesitan. [&hellip;]<\/p>\n","protected":false},"author":1,"featured_media":1147443,"comment_status":"open","ping_status":"closed","sticky":false,"template":"","format":"standard","meta":{"om_disable_all_campaigns":false,"jnews-multi-image_gallery":[],"jnews_single_post":[],"jnews_primary_category":[],"jnews_social_meta":[],"footnotes":""},"categories":[40],"tags":[],"class_list":["post-1147438","post","type-post","status-publish","format-standard","has-post-thumbnail","hentry","category-industria"],"_links":{"self":[{"href":"https:\/\/dimensionturistica.com\/es\/wp-json\/wp\/v2\/posts\/1147438","targetHints":{"allow":["GET"]}}],"collection":[{"href":"https:\/\/dimensionturistica.com\/es\/wp-json\/wp\/v2\/posts"}],"about":[{"href":"https:\/\/dimensionturistica.com\/es\/wp-json\/wp\/v2\/types\/post"}],"author":[{"embeddable":true,"href":"https:\/\/dimensionturistica.com\/es\/wp-json\/wp\/v2\/users\/1"}],"replies":[{"embeddable":true,"href":"https:\/\/dimensionturistica.com\/es\/wp-json\/wp\/v2\/comments?post=1147438"}],"version-history":[{"count":1,"href":"https:\/\/dimensionturistica.com\/es\/wp-json\/wp\/v2\/posts\/1147438\/revisions"}],"predecessor-version":[{"id":1147444,"href":"https:\/\/dimensionturistica.com\/es\/wp-json\/wp\/v2\/posts\/1147438\/revisions\/1147444"}],"wp:featuredmedia":[{"embeddable":true,"href":"https:\/\/dimensionturistica.com\/es\/wp-json\/wp\/v2\/media\/1147443"}],"wp:attachment":[{"href":"https:\/\/dimensionturistica.com\/es\/wp-json\/wp\/v2\/media?parent=1147438"}],"wp:term":[{"taxonomy":"category","embeddable":true,"href":"https:\/\/dimensionturistica.com\/es\/wp-json\/wp\/v2\/categories?post=1147438"},{"taxonomy":"post_tag","embeddable":true,"href":"https:\/\/dimensionturistica.com\/es\/wp-json\/wp\/v2\/tags?post=1147438"}],"curies":[{"name":"wp","href":"https:\/\/api.w.org\/{rel}","templated":true}]}}