{"id":1147431,"date":"2026-05-01T20:06:15","date_gmt":"2026-05-01T20:06:15","guid":{"rendered":"https:\/\/dimensionturistica.com\/es\/?p=1147431"},"modified":"2026-05-01T20:06:15","modified_gmt":"2026-05-01T20:06:15","slug":"desfile-de-estrellas-en-el-met-gala-todos-los-estilos-todos-los-agradecimientos-todo-en-un-solo-lugar","status":"publish","type":"post","link":"https:\/\/dimensionturistica.com\/es\/desfile-de-estrellas-en-el-met-gala-todos-los-estilos-todos-los-agradecimientos-todo-en-un-solo-lugar\/","title":{"rendered":"Desfile de Estrellas en el Met Gala: Todos los Estilos, Todos los Agradecimientos, Todo en Un Solo Lugar"},"content":{"rendered":"<h3>La Eterna Presencia de las Supermodelos en la Met Gala<\/h3>\n<p>Cada primer lunes de mayo, el Met Gala se convierte en el epicentro de la moda, donde las celebridades se visten con atuendos que trascienden el tiempo y la cultura. Entre las personalidades que deslumbran en la alfombra roja, destacan un grupo selecto de supermodelos que han hecho de este evento una plataforma para mostrar su influencia y estilo. <\/p>\n<h4>Un Viaje Visual a Trav\u00e9s de las D\u00e9cadas<\/h4>\n<p>La Met Gala no solo es un evento exclusivo, sino un escenario donde las supermodelos han dejado una huella imborrable. A lo largo de los a\u00f1os, hemos sido testigos de la evoluci\u00f3n de la moda a trav\u00e9s de looks memorables que requieren una reflexi\u00f3n m\u00e1s all\u00e1 de lo superficial. Desde los ic\u00f3nicos atuendos de Naomi Campbell hasta las creaciones audaces de Gigi Hadid, cada aparici\u00f3n es un homenaje al trabajo de dise\u00f1adores y una celebraci\u00f3n de la creatividad.<\/p>\n<h4>Momentos Clave: Estilo que Define \u00c9pocas<\/h4>\n<p>Las supermodelos han sido art\u00edfices de momentos ic\u00f3nicos, tan solo recordemos el hist\u00f3rico vestido de Versace que luci\u00f3 Donatella especialmente para la gala. Este tipo de atuendo va m\u00e1s all\u00e1 de ser una simple prenda; representa una narrativa visual que captura la esencia de la moda contempor\u00e1nea. Cada look es un tono en una sinfon\u00eda que cuenta una historia elaborada a trav\u00e9s de tejidos, colores y siluetas.<\/p>\n<p>La Met Gala tambi\u00e9n ha servido como plataforma para tendencias socioculturales. En los a\u00f1os 90, por ejemplo, la representaci\u00f3n de la diversidad comenzaba a manifestarse y las supermodelos fueron pioneras en abrir camino. Su presencia en la alfombra roja ha promovido un di\u00e1logo sobre la inclusi\u00f3n y ha inspirado a nuevas generaciones a aspirar a la cima de la industria de la moda.<\/p>\n<h4>El Poder del Vestido: M\u00e1s All\u00e1 de la Est\u00e9tica<\/h4>\n<p>Un vestido en la Met Gala no es solo un atuendo; es un s\u00edmbolo de la transformaci\u00f3n y un reflejo de los movimientos art\u00edsticos y sociales de su tiempo. Las supermodelos a menudo eligen atuendos que no solo resaltan su personalidad, sino que tambi\u00e9n comentan sobre la cultura contempor\u00e1nea. Por ejemplo, el uso de materiales reciclados y sostenibles no solo se ha convertido en un trend, sino en un mensaje contundente sobre la conciencia ambiental.<\/p>\n<h4>La Influencia de la Moda en el Mundo Digital<\/h4>\n<p>En un mundo donde las redes sociales marcan el pulso de la moda, las im\u00e1genes de las supermodelos en la Met Gala se comparten y viralizan a una velocidad impresionante. Cada foto se convierte en un fen\u00f3meno social, generando debates y tendencias que se difunden m\u00e1s all\u00e1 del \u00e1mbito de la moda. Este intercambio digital permite que la riqueza visual de la gala trascienda las fronteras f\u00edsicas y enriquezca el discurso global sobre el estilo.<\/p>\n<h4>La Esperanza del Ma\u00f1ana<\/h4>\n<p>A medida que miramos hacia el futuro, la Met Gala seguir\u00e1 siendo un caldo de cultivo para el talento, la creatividad y la autoexpresi\u00f3n. Las supermodelos, que constantemente reinventan su estilo y se adaptan a las din\u00e1micas de la moda, continuar\u00e1n ocupando un lugar central en esta narrativa. Lo que se est\u00e1 tejiendo es un legado de audacia y experimentaci\u00f3n que marcar\u00e1 el rumbo de lo que est\u00e1 por venir. <\/p>\n<p>En un universo donde la moda evoluciona a un ritmo vertiginoso, las supermodelos en la Met Gala mantienen vivas tradiciones mientras abren la puerta a nuevas posibilidades. Cada aparici\u00f3n es una invitaci\u00f3n a so\u00f1ar, a experimentar, y a celebrar la esencia de la moda en toda su complejidad.<\/p>\n<p><em> &#8221; Fuentes www.vogue.com &#8221; <\/em><\/p>\n","protected":false},"excerpt":{"rendered":"<p>La Eterna Presencia de las Supermodelos en la Met Gala Cada primer lunes de mayo, el Met Gala se convierte en el epicentro de la moda, donde las celebridades se visten con atuendos que trascienden el tiempo y la cultura. Entre las personalidades que deslumbran en la alfombra roja, destacan un grupo selecto de supermodelos [&hellip;]<\/p>\n","protected":false},"author":14,"featured_media":1147432,"comment_status":"open","ping_status":"closed","sticky":false,"template":"","format":"standard","meta":{"om_disable_all_campaigns":false,"jnews-multi-image_gallery":[],"jnews_single_post":[],"jnews_primary_category":[],"jnews_social_meta":[],"footnotes":""},"categories":[144872],"tags":[222535,207135,201213,166,277855,192704,14971,167701,222612,77648,277854,165],"class_list":["post-1147431","post","type-post","status-publish","format-standard","has-post-thumbnail","hentry","category-fashion","tag-2023-met-gala","tag-celebrity-styles","tag-event-coverage","tag-fashion","tag-fashion-credits","tag-haute-couture","tag-looks","tag-met-gala","tag-met-gala-2026","tag-model","tag-modelpalooza","tag-red-carpet"],"_links":{"self":[{"href":"https:\/\/dimensionturistica.com\/es\/wp-json\/wp\/v2\/posts\/1147431","targetHints":{"allow":["GET"]}}],"collection":[{"href":"https:\/\/dimensionturistica.com\/es\/wp-json\/wp\/v2\/posts"}],"about":[{"href":"https:\/\/dimensionturistica.com\/es\/wp-json\/wp\/v2\/types\/post"}],"author":[{"embeddable":true,"href":"https:\/\/dimensionturistica.com\/es\/wp-json\/wp\/v2\/users\/14"}],"replies":[{"embeddable":true,"href":"https:\/\/dimensionturistica.com\/es\/wp-json\/wp\/v2\/comments?post=1147431"}],"version-history":[{"count":1,"href":"https:\/\/dimensionturistica.com\/es\/wp-json\/wp\/v2\/posts\/1147431\/revisions"}],"predecessor-version":[{"id":1147433,"href":"https:\/\/dimensionturistica.com\/es\/wp-json\/wp\/v2\/posts\/1147431\/revisions\/1147433"}],"wp:featuredmedia":[{"embeddable":true,"href":"https:\/\/dimensionturistica.com\/es\/wp-json\/wp\/v2\/media\/1147432"}],"wp:attachment":[{"href":"https:\/\/dimensionturistica.com\/es\/wp-json\/wp\/v2\/media?parent=1147431"}],"wp:term":[{"taxonomy":"category","embeddable":true,"href":"https:\/\/dimensionturistica.com\/es\/wp-json\/wp\/v2\/categories?post=1147431"},{"taxonomy":"post_tag","embeddable":true,"href":"https:\/\/dimensionturistica.com\/es\/wp-json\/wp\/v2\/tags?post=1147431"}],"curies":[{"name":"wp","href":"https:\/\/api.w.org\/{rel}","templated":true}]}}