{"id":1147420,"date":"2026-05-01T20:02:07","date_gmt":"2026-05-01T20:02:07","guid":{"rendered":"https:\/\/dimensionturistica.com\/es\/?p=1147420"},"modified":"2026-05-01T20:02:07","modified_gmt":"2026-05-01T20:02:07","slug":"rosewood-san-miguel-de-allende-presenta-una-nueva-temporada-deexperiencias-privadas-en-sus-residencias","status":"publish","type":"post","link":"https:\/\/dimensionturistica.com\/es\/rosewood-san-miguel-de-allende-presenta-una-nueva-temporada-deexperiencias-privadas-en-sus-residencias\/","title":{"rendered":"Rosewood San Miguel de Allende presenta una nueva temporada deexperiencias privadas en sus residencias"},"content":{"rendered":"\n<p>Hay destinos que se visitan y otros que se habitan. En San Miguel de Allende, Rosewood propone una nueva forma de conexi\u00f3n a trav\u00e9s de sus Residencias Privadas, espacios dise\u00f1ados para compartir, reconectar y vivir el destino con una cercan\u00eda distinta. Esta primavera, Rosewood San Miguel de Allende presenta una nueva forma de vivir el destino a trav\u00e9s de sus Residencias Privadas, donde la hospitalidad se traslada al \u00e1mbito \u00edntimo con una serie de experiencias gastron\u00f3micas dise\u00f1adas para disfrutarse dentro de la propia residencia.<\/p>\n\n\n\n<figure class=\"wp-block-gallery has-nested-images columns-default is-cropped wp-block-gallery-1 is-layout-flex wp-block-gallery-is-layout-flex\">\n<figure class=\"wp-block-image size-large\"><img decoding=\"async\" width=\"500\" height=\"235\" data-id=\"1147421\" src=\"https:\/\/dimensionturistica.com\/es\/wp-content\/uploads\/2026\/05\/4SAN.jpg\" alt=\"\" class=\"wp-image-1147421\" srcset=\"https:\/\/dimensionturistica.com\/es\/wp-content\/uploads\/2026\/05\/4SAN.jpg 500w, https:\/\/dimensionturistica.com\/es\/wp-content\/uploads\/2026\/05\/4SAN-300x141.jpg 300w\" sizes=\"(max-width: 500px) 100vw, 500px\" \/><\/figure>\n<\/figure>\n\n\n\n<p>Bajo el concepto Atelier en Residencias, la propiedad introduce una curadur\u00eda de encuentros culinarios que convierten cada estancia en un espacio de convivencia personalizado. M\u00e1s all\u00e1 del servicio tradicional, estas vivencias buscan generar momentos de interacci\u00f3n, donde la cocina se integra de manera activa en la din\u00e1mica del grupo y se adapta a distintos estilos de viaje, desde reuniones familiares hasta celebraciones especiales.<\/p>\n\n\n\n<figure class=\"wp-block-gallery has-nested-images columns-default is-cropped wp-block-gallery-2 is-layout-flex wp-block-gallery-is-layout-flex\">\n<figure class=\"wp-block-image size-large\"><img decoding=\"async\" width=\"500\" height=\"333\" data-id=\"1147422\" src=\"https:\/\/dimensionturistica.com\/es\/wp-content\/uploads\/2026\/05\/2SAN.jpg\" alt=\"\" class=\"wp-image-1147422\" srcset=\"https:\/\/dimensionturistica.com\/es\/wp-content\/uploads\/2026\/05\/2SAN.jpg 500w, https:\/\/dimensionturistica.com\/es\/wp-content\/uploads\/2026\/05\/2SAN-300x200.jpg 300w\" sizes=\"(max-width: 500px) 100vw, 500px\" \/><\/figure>\n<\/figure>\n\n\n\n<p>Las ma\u00f1anas comienzan con el Desayuno en Residencia, que puede tomar la forma de una experiencia elaborada por el chef en la cocina de la casa o una alternativa m\u00e1s casual, siempre personalizada seg\u00fan las preferencias de los hu\u00e9spedes. La selecci\u00f3n puede incluir jugos frescos, fruta de temporada, panader\u00eda dulce y salada, as\u00ed como opciones como huevos al gusto, french toast, chilaquiles o enchiladas con distintas salsas.<\/p>\n\n\n\n<figure class=\"wp-block-gallery has-nested-images columns-default is-cropped wp-block-gallery-3 is-layout-flex wp-block-gallery-is-layout-flex\">\n<figure class=\"wp-block-image size-large\"><img decoding=\"async\" width=\"500\" height=\"333\" data-id=\"1147423\" src=\"https:\/\/dimensionturistica.com\/es\/wp-content\/uploads\/2026\/05\/5SAN.jpg\" alt=\"\" class=\"wp-image-1147423\" srcset=\"https:\/\/dimensionturistica.com\/es\/wp-content\/uploads\/2026\/05\/5SAN.jpg 500w, https:\/\/dimensionturistica.com\/es\/wp-content\/uploads\/2026\/05\/5SAN-300x200.jpg 300w\" sizes=\"(max-width: 500px) 100vw, 500px\" \/><\/figure>\n<\/figure>\n\n\n\n<p>Para encuentros m\u00e1s sociales, la Noche de Tapas propone una velada inspirada en la cocina espa\u00f1ola, con una variedad de platillos dise\u00f1ados para compartirse al centro de la mesa. La experiencia puede incluir opciones como croquetas de jam\u00f3n serrano, tostadas con pesto rosso, pizza frita rellena y arroces cremosos, generando una atm\u00f3sfera relajada y participativa.<\/p>\n\n\n\n<figure class=\"wp-block-gallery has-nested-images columns-default is-cropped wp-block-gallery-4 is-layout-flex wp-block-gallery-is-layout-flex\">\n<figure class=\"wp-block-image size-large\"><img decoding=\"async\" width=\"500\" height=\"333\" data-id=\"1147424\" src=\"https:\/\/dimensionturistica.com\/es\/wp-content\/uploads\/2026\/05\/11SAN.jpg\" alt=\"\" class=\"wp-image-1147424\" srcset=\"https:\/\/dimensionturistica.com\/es\/wp-content\/uploads\/2026\/05\/11SAN.jpg 500w, https:\/\/dimensionturistica.com\/es\/wp-content\/uploads\/2026\/05\/11SAN-300x200.jpg 300w\" sizes=\"(max-width: 500px) 100vw, 500px\" \/><\/figure>\n<\/figure>\n\n\n\n<p>Por su parte, BBQ Night traslada la experiencia en el rooftop de la residencia con vistas inigualables a la ciudad, un asador privado junto al jacuzzi donde el fuego, el buen clima y el entorno marcan el ritmo de la reuni\u00f3n. Pensada para disfrutarse al aire libre, esta propuesta permite personalizar el men\u00fa con distintas opciones culinarias \u2014desde cocina mexicana o parrillada estilo argentino hasta alternativas del mar\u2014, aprovechando el paisaje y el anochecer como parte del encuentro.<\/p>\n\n\n\n<figure class=\"wp-block-gallery has-nested-images columns-default is-cropped wp-block-gallery-5 is-layout-flex wp-block-gallery-is-layout-flex\">\n<figure class=\"wp-block-image size-large\"><img decoding=\"async\" width=\"500\" height=\"343\" data-id=\"1147425\" src=\"https:\/\/dimensionturistica.com\/es\/wp-content\/uploads\/2026\/05\/7SAN.jpg\" alt=\"\" class=\"wp-image-1147425\" srcset=\"https:\/\/dimensionturistica.com\/es\/wp-content\/uploads\/2026\/05\/7SAN.jpg 500w, https:\/\/dimensionturistica.com\/es\/wp-content\/uploads\/2026\/05\/7SAN-300x206.jpg 300w\" sizes=\"(max-width: 500px) 100vw, 500px\" \/><\/figure>\n<\/figure>\n\n\n\n<p>En un formato m\u00e1s \u00edntimo, la Cena del Chef en Residencia ofrece un men\u00fa de cinco tiempos dise\u00f1ado especialmente para los hu\u00e9spedes y sus invitados. Esta experiencia transforma el comedor o la terraza en un espacio privado donde cada platillo se presenta dentro de la residencia, ideal para celebraciones o reuniones que buscan un tono m\u00e1s refinado sin salir de casa.<\/p>\n\n\n\n<figure class=\"wp-block-gallery has-nested-images columns-default is-cropped wp-block-gallery-6 is-layout-flex wp-block-gallery-is-layout-flex\">\n<figure class=\"wp-block-image size-large\"><img decoding=\"async\" width=\"500\" height=\"172\" data-id=\"1147426\" src=\"https:\/\/dimensionturistica.com\/es\/wp-content\/uploads\/2026\/05\/8SAN.jpg\" alt=\"\" class=\"wp-image-1147426\" srcset=\"https:\/\/dimensionturistica.com\/es\/wp-content\/uploads\/2026\/05\/8SAN.jpg 500w, https:\/\/dimensionturistica.com\/es\/wp-content\/uploads\/2026\/05\/8SAN-300x103.jpg 300w\" sizes=\"(max-width: 500px) 100vw, 500px\" \/><\/figure>\n<\/figure>\n\n\n\n<p>Estas experiencias se integran dentro de las Residencias Privadas de Rosewood San Miguel de Allende, espacios que van de los 420 a los 750 metros cuadrados y que combinan arquitectura inspirada en el estilo colonial de la ciudad con dise\u00f1o contempor\u00e1neo y artesan\u00eda mexicana.<\/p>\n\n\n\n<p>Con opciones de dos a cinco rec\u00e1maras, las residencias ofrecen amplias estancias, cocinas completamente equipadas, ba\u00f1os de m\u00e1rmol, vestidores, patios con fuentes, jardines y estacionamiento subterr\u00e1neo privado. En las residencias de mayor tama\u00f1o, el elevador privadoa\u00f1ade un nivel adicional de comodidad, mientras que las terrazas: con asador, chimenea y, en la mayor\u00eda de los casos, jacuzzi con vistas al centro hist\u00f3rico, se convierten en espacios clave para la convivencia.<\/p>\n\n\n\n<figure class=\"wp-block-gallery has-nested-images columns-default is-cropped wp-block-gallery-7 is-layout-flex wp-block-gallery-is-layout-flex\">\n<figure class=\"wp-block-image size-large\"><img decoding=\"async\" width=\"500\" height=\"333\" data-id=\"1147427\" src=\"https:\/\/dimensionturistica.com\/es\/wp-content\/uploads\/2026\/05\/9SAN.jpg\" alt=\"\" class=\"wp-image-1147427\" srcset=\"https:\/\/dimensionturistica.com\/es\/wp-content\/uploads\/2026\/05\/9SAN.jpg 500w, https:\/\/dimensionturistica.com\/es\/wp-content\/uploads\/2026\/05\/9SAN-300x200.jpg 300w\" sizes=\"(max-width: 500px) 100vw, 500px\" \/><\/figure>\n<\/figure>\n\n\n\n<p>Ubicadas dentro del hotel, a lo largo de una calle empedrada inspirada en la emblem\u00e1tica Calle Aldama, las residencias recrean el car\u00e1cter de San Miguel de Allende desde el momento dellegada, integrando elementos como faroles, balcones de hierro forjado y detalles en cantera. Adem\u00e1s de la experiencia privada, los hu\u00e9spedes cuentan con acceso completo a las instalaciones del hotel, incluyendo restaurantes, bares, piscinas, gimnasio y Sense, A Rosewood Spa\u00ae, as\u00ed como actividades culturales y recreativas en el destino.<\/p>\n\n\n\n<figure class=\"wp-block-gallery has-nested-images columns-default is-cropped wp-block-gallery-8 is-layout-flex wp-block-gallery-is-layout-flex\">\n<figure class=\"wp-block-image size-large\"><img decoding=\"async\" width=\"1024\" height=\"682\" data-id=\"1147428\" src=\"https:\/\/dimensionturistica.com\/es\/wp-content\/uploads\/2026\/05\/6zViXhOg.jpeg\" alt=\"\" class=\"wp-image-1147428\" srcset=\"https:\/\/dimensionturistica.com\/es\/wp-content\/uploads\/2026\/05\/6zViXhOg.jpeg 1024w, https:\/\/dimensionturistica.com\/es\/wp-content\/uploads\/2026\/05\/6zViXhOg-300x200.jpeg 300w, https:\/\/dimensionturistica.com\/es\/wp-content\/uploads\/2026\/05\/6zViXhOg-768x512.jpeg 768w, https:\/\/dimensionturistica.com\/es\/wp-content\/uploads\/2026\/05\/6zViXhOg-750x500.jpeg 750w\" sizes=\"(max-width: 1024px) 100vw, 1024px\" \/><\/figure>\n<\/figure>\n\n\n\n<p>Como parte de la estancia, tambi\u00e9n se incluyen beneficios adicionales como servicio de compra y abastecimiento previo a la llegada, un coctel de cortes\u00eda en Pirules Garden Kitchen, uso de la cancha de tenis durante una hora y recorridos hist\u00f3ricos de arte en la ciudad, integrando la vida dentro de la residencia con la oferta cultural de San Miguel de Allende. En un destino reconocido como Patrimonio de la Humanidad, esta propuesta busca ofrecer una forma distinta de habitar la ciudad: m\u00e1s privada, m\u00e1s flexible y centrada en el tiempo compartido.<\/p>\n\n\n\n<p>Descubre m\u00e1s en: rosewoodhotels.com\/es\/san-miguel-de-allende<\/p>\n\n\n\n<p>Conecta con nosotros: Facebook | Instagram @RosewoodSanMiguel<\/p>\n","protected":false},"excerpt":{"rendered":"<p>Hay destinos que se visitan y otros que se habitan. En San Miguel de Allende, Rosewood propone una nueva forma de conexi\u00f3n a trav\u00e9s de sus Residencias Privadas, espacios dise\u00f1ados para compartir, reconectar y vivir el destino con una cercan\u00eda distinta. Esta primavera, Rosewood San Miguel de Allende presenta una nueva forma de vivir el [&hellip;]<\/p>\n","protected":false},"author":1,"featured_media":1147429,"comment_status":"open","ping_status":"closed","sticky":false,"template":"","format":"standard","meta":{"om_disable_all_campaigns":false,"jnews-multi-image_gallery":[],"jnews_single_post":[],"jnews_primary_category":[],"jnews_social_meta":[],"footnotes":""},"categories":[39],"tags":[],"class_list":["post-1147420","post","type-post","status-publish","format-standard","has-post-thumbnail","hentry","category-viajes"],"_links":{"self":[{"href":"https:\/\/dimensionturistica.com\/es\/wp-json\/wp\/v2\/posts\/1147420","targetHints":{"allow":["GET"]}}],"collection":[{"href":"https:\/\/dimensionturistica.com\/es\/wp-json\/wp\/v2\/posts"}],"about":[{"href":"https:\/\/dimensionturistica.com\/es\/wp-json\/wp\/v2\/types\/post"}],"author":[{"embeddable":true,"href":"https:\/\/dimensionturistica.com\/es\/wp-json\/wp\/v2\/users\/1"}],"replies":[{"embeddable":true,"href":"https:\/\/dimensionturistica.com\/es\/wp-json\/wp\/v2\/comments?post=1147420"}],"version-history":[{"count":1,"href":"https:\/\/dimensionturistica.com\/es\/wp-json\/wp\/v2\/posts\/1147420\/revisions"}],"predecessor-version":[{"id":1147430,"href":"https:\/\/dimensionturistica.com\/es\/wp-json\/wp\/v2\/posts\/1147420\/revisions\/1147430"}],"wp:featuredmedia":[{"embeddable":true,"href":"https:\/\/dimensionturistica.com\/es\/wp-json\/wp\/v2\/media\/1147429"}],"wp:attachment":[{"href":"https:\/\/dimensionturistica.com\/es\/wp-json\/wp\/v2\/media?parent=1147420"}],"wp:term":[{"taxonomy":"category","embeddable":true,"href":"https:\/\/dimensionturistica.com\/es\/wp-json\/wp\/v2\/categories?post=1147420"},{"taxonomy":"post_tag","embeddable":true,"href":"https:\/\/dimensionturistica.com\/es\/wp-json\/wp\/v2\/tags?post=1147420"}],"curies":[{"name":"wp","href":"https:\/\/api.w.org\/{rel}","templated":true}]}}