{"id":1147398,"date":"2026-05-01T19:15:07","date_gmt":"2026-05-01T19:15:07","guid":{"rendered":"https:\/\/dimensionturistica.com\/es\/?p=1147398"},"modified":"2026-05-01T19:15:07","modified_gmt":"2026-05-01T19:15:07","slug":"dentro-de-la-fiesta-de-cumpleanos-de-steven-klein-con-kim-cattrall-helena-christensen-e-irina-shayk","status":"publish","type":"post","link":"https:\/\/dimensionturistica.com\/es\/dentro-de-la-fiesta-de-cumpleanos-de-steven-klein-con-kim-cattrall-helena-christensen-e-irina-shayk\/","title":{"rendered":"Dentro de la Fiesta de Cumplea\u00f1os de Steven Klein con Kim Cattrall, Helena Christensen e Irina Shayk"},"content":{"rendered":"<h3>El Glamour de un Icono: Celebraci\u00f3n en Estilo<\/h3>\n<p>El universo de la moda se detuvo por un momento para rendir homenaje a uno de sus grandes maestros: Steven Klein. En una exhibici\u00f3n deslumbrante de creatividad y estilo, la celebraci\u00f3n de su cumplea\u00f1os n\u00famero sesenta se convirti\u00f3 en un evento que fusion\u00f3 el arte, la moda y la personalidad \u00fanica del fot\u00f3grafo.<\/p>\n<h4>Un Escenario de Ensue\u00f1o<\/h4>\n<p>La velada tuvo lugar en un espacio transformado en un aut\u00e9ntico santuario de la est\u00e9tica Klein, donde cada rinc\u00f3n evocaba su inconfundible estilo visual. Desde las luces hasta la decoraci\u00f3n, todo estaba pensado para reflejar su obra. Los invitados fueron recibidos en un entorno que invitaba a la introspecci\u00f3n y la admiraci\u00f3n, creando una atm\u00f3sfera perfecta para recordar la trayectoria del artista.<\/p>\n<h4>Estrellas en el Firmamento Fashion<\/h4>\n<p>El evento atrajo a una notable lista de celebridades y figuras influyentes en el mundo de la moda y el arte. Su presencia no solo resalt\u00f3 el reconocimiento a Klein, sino que tambi\u00e9n sirvi\u00f3 de muestra del profundo impacto que ha tenido su trabajo en la industria. Con cada aparici\u00f3n, en la pasarela improvisada del evento, se observ\u00f3 un despliegue de haute couture y una diversidad de estilos que reflejaban la esencia de Klein: audaz, provocativo y sublime.<\/p>\n<h4>Un Recorrido por la Vida Creativa<\/h4>\n<p>La celebraci\u00f3n no solo fue un fest\u00edn visual; tambi\u00e9n rindi\u00f3 tributo a la rica carrera de Klein. Sus obras, que abarcan desde la publicidad de moda hasta la fotograf\u00eda art\u00edstica, fueron recordadas y celebradas a trav\u00e9s de proyecciones y exposiciones interactivas. Cada imagen narraba una historia que evidenciaba su capacidad para capturar la esencia humana en el contexto de la moda, utilizando su lente como herramienta de expresi\u00f3n.<\/p>\n<h4>Sabores y Sensaciones<\/h4>\n<p>La parte gastron\u00f3mica del evento fue otro punto destacado. Catering de \u00e9lite ofreci\u00f3 una experiencia culinaria que complementaba la sofisticaci\u00f3n del evento. Cada platillo was dise\u00f1ado no solo para satisfacer el paladar, sino tambi\u00e9n para estimular los sentidos, llevando a los asistentes a un viaje de sabores tan refinados como la propia celebraci\u00f3n.<\/p>\n<h4>El Poder de la Comunidad<\/h4>\n<p>Una de las lecciones m\u00e1s valiosas de la noche fue el sentido de comunidad. Las conversaciones fluyeron entre risas y recuerdos compartidos, un recordatorio del impacto de Klein no solo en la moda, sino en las relaciones humanas que se forjan a trav\u00e9s del arte. La noche culmin\u00f3 en un reconocimiento colectivo a su influencia y a la importancia de los v\u00ednculos que se han tejido a lo largo de su carrera.<\/p>\n<h4>Una Celebraci\u00f3n que Trasciende<\/h4>\n<p>El cumplea\u00f1os de Steven Klein no fue solo una conmemoraci\u00f3n de un a\u00f1o m\u00e1s, sino un homenaje a la creatividad y la audacia que ha definido su trabajo durante seis d\u00e9cadas. Su legado contin\u00faa inspirando a generaciones de creativos, y este evento fue un testimonio palpable de su impacto en el mundo de la moda.<\/p>\n<p>Este evento ha dejado una huella imborrable, resonando en el coraz\u00f3n de quienes tuvieron el privilegio de participar. Con el resplandor de su fiesta, se reafirma que el arte y la moda son campos donde la creatividad nunca tiene l\u00edmites, y la celebraci\u00f3n de un \u00edcono como Klein es un recordatorio de su invaluable contribuci\u00f3n.<\/p>\n<p><em> &#8221; Fuentes www.vogue.com &#8221; <\/em><\/p>\n","protected":false},"excerpt":{"rendered":"<p>El Glamour de un Icono: Celebraci\u00f3n en Estilo El universo de la moda se detuvo por un momento para rendir homenaje a uno de sus grandes maestros: Steven Klein. En una exhibici\u00f3n deslumbrante de creatividad y estilo, la celebraci\u00f3n de su cumplea\u00f1os n\u00famero sesenta se convirti\u00f3 en un evento que fusion\u00f3 el arte, la moda [&hellip;]<\/p>\n","protected":false},"author":14,"featured_media":1147399,"comment_status":"open","ping_status":"closed","sticky":false,"template":"","format":"standard","meta":{"om_disable_all_campaigns":false,"jnews-multi-image_gallery":[],"jnews_single_post":[],"jnews_primary_category":[],"jnews_social_meta":[],"footnotes":""},"categories":[144872],"tags":[240549,237,225,70213,166,230010,203922,243232,47051,251562,203622],"class_list":["post-1147398","post","type-post","status-publish","format-standard","has-post-thumbnail","hentry","category-fashion","tag-birthday-bash","tag-celebrity","tag-entertainment","tag-event","tag-fashion","tag-helena-christensen","tag-irina-shayk","tag-kim-cattrall","tag-party","tag-steven-klein","tag-vogue-parties"],"_links":{"self":[{"href":"https:\/\/dimensionturistica.com\/es\/wp-json\/wp\/v2\/posts\/1147398","targetHints":{"allow":["GET"]}}],"collection":[{"href":"https:\/\/dimensionturistica.com\/es\/wp-json\/wp\/v2\/posts"}],"about":[{"href":"https:\/\/dimensionturistica.com\/es\/wp-json\/wp\/v2\/types\/post"}],"author":[{"embeddable":true,"href":"https:\/\/dimensionturistica.com\/es\/wp-json\/wp\/v2\/users\/14"}],"replies":[{"embeddable":true,"href":"https:\/\/dimensionturistica.com\/es\/wp-json\/wp\/v2\/comments?post=1147398"}],"version-history":[{"count":1,"href":"https:\/\/dimensionturistica.com\/es\/wp-json\/wp\/v2\/posts\/1147398\/revisions"}],"predecessor-version":[{"id":1147400,"href":"https:\/\/dimensionturistica.com\/es\/wp-json\/wp\/v2\/posts\/1147398\/revisions\/1147400"}],"wp:featuredmedia":[{"embeddable":true,"href":"https:\/\/dimensionturistica.com\/es\/wp-json\/wp\/v2\/media\/1147399"}],"wp:attachment":[{"href":"https:\/\/dimensionturistica.com\/es\/wp-json\/wp\/v2\/media?parent=1147398"}],"wp:term":[{"taxonomy":"category","embeddable":true,"href":"https:\/\/dimensionturistica.com\/es\/wp-json\/wp\/v2\/categories?post=1147398"},{"taxonomy":"post_tag","embeddable":true,"href":"https:\/\/dimensionturistica.com\/es\/wp-json\/wp\/v2\/tags?post=1147398"}],"curies":[{"name":"wp","href":"https:\/\/api.w.org\/{rel}","templated":true}]}}