{"id":1147354,"date":"2026-05-01T18:06:50","date_gmt":"2026-05-01T18:06:50","guid":{"rendered":"https:\/\/dimensionturistica.com\/es\/?p=1147354"},"modified":"2026-05-01T18:06:50","modified_gmt":"2026-05-01T18:06:50","slug":"el-dano-solar-se-acumula-desde-la-infancia-cuando-la-piel-es-mas-delgada-y-sensible-al-sol","status":"publish","type":"post","link":"https:\/\/dimensionturistica.com\/es\/el-dano-solar-se-acumula-desde-la-infancia-cuando-la-piel-es-mas-delgada-y-sensible-al-sol\/","title":{"rendered":"El da\u00f1o solar se acumula desde la infancia, cuando la piel es m\u00e1s delgada y sensible al sol"},"content":{"rendered":"\n<p>Durante la primavera, los niveles de radiaci\u00f3n UV aumentan en gran parte del territorio mexicano, particularmente en zonas de playa y ciudades de gran altitud como la Ciudad de M\u00e9xico lo cual, combinado con actividades al aire libre prolongadas, incrementa la exposici\u00f3n acumulada al sol.<\/p>\n\n\n\n<p>Ante ello la doctora Daniela Ba\u00f1uelos explica que la piel de los ni\u00f1os es m\u00e1s delgada y sensible, lo que la hace m\u00e1s susceptible a los efectos de la radiaci\u00f3n UV y cada episodio de quemadura solar incrementa el riesgo de da\u00f1o celular acumulativo.<\/p>\n\n\n\n<p>La dermat\u00f3loga y tric\u00f3loga agrega que, en un pa\u00eds con altos niveles de radiaci\u00f3n solar durante gran parte del a\u00f1o como el nuestro, la fotoprotecci\u00f3n infantil se vuelve un tema prioritario de salud.<\/p>\n\n\n\n<p>\u201cDiversos estudios han demostrado que una gran proporci\u00f3n del da\u00f1o solar acumulado ocurre durante la infancia, lo que puede traducirse en afectaciones visibles y no visibles en la piel a lo largo de la vida\u201d.<\/p>\n\n\n\n<figure class=\"wp-block-gallery has-nested-images columns-default is-cropped wp-block-gallery-1 is-layout-flex wp-block-gallery-is-layout-flex\"><\/figure>\n\n\n\n<figure class=\"wp-block-gallery has-nested-images columns-default is-cropped wp-block-gallery-2 is-layout-flex wp-block-gallery-is-layout-flex\">\n<figure class=\"wp-block-image size-large\"><img decoding=\"async\" width=\"500\" height=\"333\" data-id=\"1147358\" src=\"https:\/\/dimensionturistica.com\/es\/wp-content\/uploads\/2026\/05\/1PIEL.jpg\" alt=\"\" class=\"wp-image-1147358\" srcset=\"https:\/\/dimensionturistica.com\/es\/wp-content\/uploads\/2026\/05\/1PIEL.jpg 500w, https:\/\/dimensionturistica.com\/es\/wp-content\/uploads\/2026\/05\/1PIEL-300x200.jpg 300w\" sizes=\"(max-width: 500px) 100vw, 500px\" \/><\/figure>\n<\/figure>\n\n\n\n<p>La fotoprotecci\u00f3n mineral es ideal para ni\u00f1os porque minimiza el riesgo de irritaci\u00f3n y ofrece protecci\u00f3n inmediata. Es una herramienta fundamental en la prevenci\u00f3n del da\u00f1o solar desde la infancia, a\u00f1ade la especialista, quien agrega que el incremento en la exposici\u00f3n al sol tambi\u00e9n eleva significativamente el riesgo de da\u00f1o en la piel, especialmente en ni\u00f1as y ni\u00f1os, quienes representan uno de los grupos m\u00e1s vulnerables frente a la radiaci\u00f3n ultravioleta (UV).<\/p>\n\n\n\n<p>A pregunta expresa sobre las opciones existentes, la doctora Ba\u00f1uelos comenta que la firma mexicana Panalab ha desarrollado una l\u00ednea especializada de protectores solares minerales para toda la familia, dise\u00f1ados para ofrecer alta protecci\u00f3n, excelente tolerancia y una experiencia cosm\u00e9tica adecuada para su uso diario.<\/p>\n\n\n\n<p>Por ello recomienda reforzar los h\u00e1bitos de protecci\u00f3n solar desde edades tempranas, priorizando el uso de protectores solares seguros, eficaces y dise\u00f1ados para piel sensible como es la fotoprotecci\u00f3n mineral que es la mejor opci\u00f3n para ni\u00f1os y pieles sensibles como la barra (Panalab Mineral Safe Stick FPS 50+) que se aplica r\u00e1pidamente y sin ensuciar manos, lo cual tambi\u00e9n facilita su re-aplicaci\u00f3n cuando practican actividades al aire libre.<\/p>\n\n\n\n<p>\u201cLa fotoprotecci\u00f3n mineral ha cobrado relevancia como una de las alternativas m\u00e1s seguras para proteger la piel infantil. A diferencia de los filtros qu\u00edmicos, los protectores solares minerales act\u00faan formando una barrera f\u00edsica sobre la piel que refleja la radiaci\u00f3n solar, sin penetrarla\u201d.<\/p>\n\n\n\n<p>Dichos productos est\u00e1n formulados especialmente para:<\/p>\n\n\n\n<p>\u00a7&nbsp; Ni\u00f1os con piel sensible o reactiva<\/p>\n\n\n\n<p>\u00a7&nbsp; Beb\u00e9s (seg\u00fan indicaci\u00f3n m\u00e9dica)<\/p>\n\n\n\n<p>\u00a7&nbsp; Personas con dermatitis, alergias o piel at\u00f3pica<\/p>\n\n\n\n<p>\u00a7&nbsp; Familias que buscan alternativas dermatol\u00f3gicamente seguras<\/p>\n\n\n\n<p>Por ello, la doctora Ba\u00f1uelos recomienda adoptar una estrategia integral de fotoprotecci\u00f3n que incluya:<\/p>\n\n\n\n<p>\u00a7&nbsp; Aplicaci\u00f3n de protector solar mineral cada 2 horas<\/p>\n\n\n\n<p>\u00a7&nbsp; Uso de sombreros, gorras y ropa con protecci\u00f3n UV<\/p>\n\n\n\n<p>\u00a7&nbsp; Evitar la exposici\u00f3n directa entre las 11:00 y las 16:00 horas<\/p>\n\n\n\n<p>\u00a7&nbsp; Reaplicar el producto despu\u00e9s de nadar o sudar<\/p>\n\n\n\n<p>\u00a7&nbsp; Educaci\u00f3n y prevenci\u00f3n: clave para el futuro de la piel<\/p>\n\n\n\n<p>M\u00e1s all\u00e1 de una medida est\u00e9tica, la fotoprotecci\u00f3n en ni\u00f1os debe entenderse como una acci\u00f3n preventiva de salud a largo plazo. Generar h\u00e1bitos desde edades tempranas no solo protege la piel en el presente, sino que reduce significativamente el riesgo de enfermedades cut\u00e1neas en la vida adulta.<\/p>\n","protected":false},"excerpt":{"rendered":"<p>Durante la primavera, los niveles de radiaci\u00f3n UV aumentan en gran parte del territorio mexicano, particularmente en zonas de playa y ciudades de gran altitud como la Ciudad de M\u00e9xico lo cual, combinado con actividades al aire libre prolongadas, incrementa la exposici\u00f3n acumulada al sol. Ante ello la doctora Daniela Ba\u00f1uelos explica que la piel [&hellip;]<\/p>\n","protected":false},"author":1,"featured_media":1147359,"comment_status":"open","ping_status":"closed","sticky":false,"template":"","format":"standard","meta":{"om_disable_all_campaigns":false,"jnews-multi-image_gallery":[],"jnews_single_post":[],"jnews_primary_category":[],"jnews_social_meta":[],"footnotes":""},"categories":[144872],"tags":[],"class_list":["post-1147354","post","type-post","status-publish","format-standard","has-post-thumbnail","hentry","category-fashion"],"_links":{"self":[{"href":"https:\/\/dimensionturistica.com\/es\/wp-json\/wp\/v2\/posts\/1147354","targetHints":{"allow":["GET"]}}],"collection":[{"href":"https:\/\/dimensionturistica.com\/es\/wp-json\/wp\/v2\/posts"}],"about":[{"href":"https:\/\/dimensionturistica.com\/es\/wp-json\/wp\/v2\/types\/post"}],"author":[{"embeddable":true,"href":"https:\/\/dimensionturistica.com\/es\/wp-json\/wp\/v2\/users\/1"}],"replies":[{"embeddable":true,"href":"https:\/\/dimensionturistica.com\/es\/wp-json\/wp\/v2\/comments?post=1147354"}],"version-history":[{"count":1,"href":"https:\/\/dimensionturistica.com\/es\/wp-json\/wp\/v2\/posts\/1147354\/revisions"}],"predecessor-version":[{"id":1147360,"href":"https:\/\/dimensionturistica.com\/es\/wp-json\/wp\/v2\/posts\/1147354\/revisions\/1147360"}],"wp:featuredmedia":[{"embeddable":true,"href":"https:\/\/dimensionturistica.com\/es\/wp-json\/wp\/v2\/media\/1147359"}],"wp:attachment":[{"href":"https:\/\/dimensionturistica.com\/es\/wp-json\/wp\/v2\/media?parent=1147354"}],"wp:term":[{"taxonomy":"category","embeddable":true,"href":"https:\/\/dimensionturistica.com\/es\/wp-json\/wp\/v2\/categories?post=1147354"},{"taxonomy":"post_tag","embeddable":true,"href":"https:\/\/dimensionturistica.com\/es\/wp-json\/wp\/v2\/tags?post=1147354"}],"curies":[{"name":"wp","href":"https:\/\/api.w.org\/{rel}","templated":true}]}}