{"id":1147328,"date":"2026-05-01T17:30:46","date_gmt":"2026-05-01T17:30:46","guid":{"rendered":"https:\/\/dimensionturistica.com\/es\/?p=1147328"},"modified":"2026-05-01T17:30:46","modified_gmt":"2026-05-01T17:30:46","slug":"las-24-apariencias-de-belleza-mas-impactantes-de-beyonce","status":"publish","type":"post","link":"https:\/\/dimensionturistica.com\/es\/las-24-apariencias-de-belleza-mas-impactantes-de-beyonce\/","title":{"rendered":"Las 24 Apariencias de Belleza M\u00e1s Impactantes de Beyonc\u00e9"},"content":{"rendered":"<p><strong>El Renacer de un \u00cdcono: La Evoluci\u00f3n de la Belleza de Beyonc\u00e9<\/strong><\/p>\n<p>En el mundo de la moda, pocos nombres resuenan con tanta fuerza como el de Beyonc\u00e9. Su impacto trasciende la m\u00fasica y se manifiesta en cada uno de sus looks, que se convierten r\u00e1pidamente en tendencias. Cada aparici\u00f3n p\u00fablica de la artista es un desfile de innovaci\u00f3n y audacia, convirti\u00e9ndola en un referente indiscutible de estilo y belleza. A continuaci\u00f3n, exploramos algunos de los momentos m\u00e1s emblem\u00e1ticos que han definido su carrera en el \u00e1mbito de la belleza.<\/p>\n<h3>1. <strong>La Maestr\u00eda del Maquillaje<\/strong><\/h3>\n<p>Desde sus inicios, Beyonc\u00e9 ha sabido utilizar el maquillaje como una extensi\u00f3n de su personalidad. Con una paleta que va desde tonos nude sutiles hasta looks dram\u00e1ticos con labios vibrantes, su habilidad para transformar su apariencia se ha convertido en una forma de arte. Los delineados intensos y las pesta\u00f1as voluminosas son constantes en sus looks, elevando su mirada a niveles casi et\u00e9reos.  <\/p>\n<h3>2. <strong>El Poder del Cabello<\/strong><\/h3>\n<p>El cabello de Beyonc\u00e9 es un cap\u00edtulo por s\u00ed solo. Desde sus rizos exuberantes hasta melenas lisas y pulidas, ha desafiado las normas del cabello en la industria. Los peinados emblem\u00e1ticos de la cantante, ya sea un bob chic o trenzas elaboradas, no solo destacan su versatilidad, sino tambi\u00e9n su conexi\u00f3n con la cultura afroamericana. Su estilo capilar se convierte en un s\u00edmbolo de empoderamiento.<\/p>\n<h3>3. <strong>Estilo de Piel Radiante<\/strong><\/h3>\n<p>La impecable piel de la artista es otro de sus sellos distintivos. Un cutis radiante que parece desafiar el paso del tiempo se logra a trav\u00e9s de una combinaci\u00f3n de productos de calidad y una rutina de cuidado meticulosa. Sus looks de belleza minimalistas, donde la piel es la protagonista, demuestran que a veces menos es m\u00e1s. La luminosidad es clave, y su enfoque sobre el cuidado de la piel es un recordatorio de que la belleza comienza desde adentro.<\/p>\n<h3>4. <strong>Color y Accesorios<\/strong><\/h3>\n<p>Beyonc\u00e9 tambi\u00e9n ha sabido jugar con los colores. Su audacia en la elecci\u00f3n de tonos vibrantes y accesorios impresionantes ha generado una revoluci\u00f3n en las pasarelas. Desde auriculares brillantes hasta joyas que deslumbran, cada atuendo es una celebraci\u00f3n de la individualidad y la autenticidad. La combinaci\u00f3n de piezas statement con looks sencillos es una estrategia que potencia su estilo y lo convierte en un referente a seguir.<\/p>\n<h3>5. <strong>Inspiraci\u00f3n y Representaci\u00f3n<\/strong><\/h3>\n<p>M\u00e1s all\u00e1 de su est\u00e9tica, Beyonc\u00e9 ha utilizado su plataforma para abogar por la diversidad y la inclusi\u00f3n en la industria de la moda y la belleza. Su influencia se puede observar en c\u00f3mo diversas marcas han comenzado a incorporar variaciones que representan a todas las mujeres. Esta representaci\u00f3n no solo transforma tendencias, sino que tambi\u00e9n empodera a una generaci\u00f3n a celebrar su singularidad.<\/p>\n<h3>6. <strong>El Futuro de la Belleza<\/strong><\/h3>\n<p>La continua evoluci\u00f3n de Beyonc\u00e9 promete m\u00e1s sorpresas. Como un \u00edcono que nunca deja de reinventarse, el futuro de su estilo visual es incierto, pero indudablemente lleno de potencial. Su capacidad para anticipar y adaptarse a las tendencias garantiza que seguir\u00e1 marcando la pauta en el mundo de la belleza.<\/p>\n<p>La obra de Beyonc\u00e9 es un testimonio de c\u00f3mo la moda y la belleza pueden entrelazarse y convertirse en una expresi\u00f3n de poder y autenticidad. Cada uno de sus looks cuenta una historia, invitando a todos a explorar y celebrar su propio estilo.  Al final del d\u00eda, su legado inspira a una comunidad que busca no solo seguir tendencias, sino crear su propio camino en el vasto universo de la belleza.<\/p>\n<p><em> &#8221; Fuentes www.vogue.com &#8221; <\/em><\/p>\n","protected":false},"excerpt":{"rendered":"<p>El Renacer de un \u00cdcono: La Evoluci\u00f3n de la Belleza de Beyonc\u00e9 En el mundo de la moda, pocos nombres resuenan con tanta fuerza como el de Beyonc\u00e9. Su impacto trasciende la m\u00fasica y se manifiesta en cada uno de sus looks, que se convierten r\u00e1pidamente en tendencias. Cada aparici\u00f3n p\u00fablica de la artista es [&hellip;]<\/p>\n","protected":false},"author":14,"featured_media":1147329,"comment_status":"open","ping_status":"closed","sticky":false,"template":"","format":"standard","meta":{"om_disable_all_campaigns":false,"jnews-multi-image_gallery":[],"jnews_single_post":[],"jnews_primary_category":[],"jnews_social_meta":[],"footnotes":""},"categories":[144872],"tags":[72867,201306,86558,237,166,200400,89129,200846,30350,198593,222612,68536,165,372,6194,277838],"class_list":["post-1147328","post","type-post","status-publish","format-standard","has-post-thumbnail","hentry","category-fashion","tag-beauty","tag-beauty-looks","tag-beyonce","tag-celebrity","tag-fashion","tag-glam","tag-hairstyle","tag-iconic-moments","tag-inspiration","tag-makeup","tag-met-gala-2026","tag-photography","tag-red-carpet","tag-style","tag-trends","tag-visual-artistry"],"_links":{"self":[{"href":"https:\/\/dimensionturistica.com\/es\/wp-json\/wp\/v2\/posts\/1147328","targetHints":{"allow":["GET"]}}],"collection":[{"href":"https:\/\/dimensionturistica.com\/es\/wp-json\/wp\/v2\/posts"}],"about":[{"href":"https:\/\/dimensionturistica.com\/es\/wp-json\/wp\/v2\/types\/post"}],"author":[{"embeddable":true,"href":"https:\/\/dimensionturistica.com\/es\/wp-json\/wp\/v2\/users\/14"}],"replies":[{"embeddable":true,"href":"https:\/\/dimensionturistica.com\/es\/wp-json\/wp\/v2\/comments?post=1147328"}],"version-history":[{"count":1,"href":"https:\/\/dimensionturistica.com\/es\/wp-json\/wp\/v2\/posts\/1147328\/revisions"}],"predecessor-version":[{"id":1147330,"href":"https:\/\/dimensionturistica.com\/es\/wp-json\/wp\/v2\/posts\/1147328\/revisions\/1147330"}],"wp:featuredmedia":[{"embeddable":true,"href":"https:\/\/dimensionturistica.com\/es\/wp-json\/wp\/v2\/media\/1147329"}],"wp:attachment":[{"href":"https:\/\/dimensionturistica.com\/es\/wp-json\/wp\/v2\/media?parent=1147328"}],"wp:term":[{"taxonomy":"category","embeddable":true,"href":"https:\/\/dimensionturistica.com\/es\/wp-json\/wp\/v2\/categories?post=1147328"},{"taxonomy":"post_tag","embeddable":true,"href":"https:\/\/dimensionturistica.com\/es\/wp-json\/wp\/v2\/tags?post=1147328"}],"curies":[{"name":"wp","href":"https:\/\/api.w.org\/{rel}","templated":true}]}}